{"id":1028,"date":"2022-11-13T18:07:36","date_gmt":"2022-11-13T18:07:36","guid":{"rendered":"https:\/\/pornuestrolaredo.com\/?p=1028"},"modified":"2022-11-13T18:08:15","modified_gmt":"2022-11-13T18:08:15","slug":"1028","status":"publish","type":"post","link":"https:\/\/pornuestrolaredo.com\/?p=1028","title":{"rendered":"Marchan miles a favor del INE"},"content":{"rendered":"<p><strong><em>CIUDAD DE M\u00c9XICO.-<\/em> <\/strong>La marcha en defensa de la democracia arranc\u00f3 este domingo cerca de las 11:00 horas desde el \u00c1ngel de la Independencia rumbo al Monumento a la Revoluci\u00f3n pese a la contigencia ambiental que fue extendida por la Comisi\u00f3n Ambiental de la Megal\u00f3polis (CAMe), lo que supone restricci\u00f3n de circulaci\u00f3n de veh\u00edculos y limitaci\u00f3n de actividades al aire libre.<\/p>\n<p>La medida ambiental prendi\u00f3 desde ayer los \u00e1nimos de organizadores y actores pol\u00edticos que convocaron para esta ma\u00f1ana a la marcha y acusaron a la Jefa de Gobierno, Claudia Sheinbaum, y al Presidente Andr\u00e9s Manuel L\u00f3pez Obrador de inventar la contingencia para fastidiar la manifestaci\u00f3n.<\/p>\n<p>Al grito de &#8220;El INE no se toca&#8221;, miles de personas comenzaron a marchar sobre Paseo de la Reforma en defensa del Instituto Nacional Electoral (INE).<\/p>\n<\/blockquote>\n<p>\u00a1Marcha por la democracia! #ElINENoSeToca&#8221;, reza una manta blanca que j\u00f3venes de la organizaci\u00f3n Unid@s llevan en la vanguardia de la marcha.<\/p>\n<p>Los manifestantes tambi\u00e9n portan banderines con leyendas como: &#8220;yo defiendo al INE&#8221;, as\u00ed como pancartas y lonas que dicen: &#8220;El INE no se toca&#8221;.<\/p>\n<p>Playeras y gorras blancas y rosas fueron repartidas a cientos de asistentes en las inmediaciones del \u00c1ngel.<\/p>\n<blockquote><p>M\u00e9xico, M\u00e9xico\u201d y \u201cSe ve, se siente, el INE est\u00e1 presente\u201d, \u201cObrador, Obrador, ya pareces dictador\u201d, tambien gritan los manifestantes, que ocupan los carriles de Paseo de la Reforma en ambos sentidos.<\/p>\n<p>Entre los asistentes a la marcha en rechazo a la iniciativa de reforma electoral del Presidente Andr\u00e9s Manuel L\u00f3pez Obrador estaba el empresario Claudio X. Gonz\u00e1lez.<\/p>\n<blockquote><p>Aqu\u00ed con mucho \u00e1nimo, con mucha alegr\u00eda, conscientes de que estamos haciendo lo correcto, que es defender nuestra democracia, nuestras libertades, nuestros derechos pol\u00edticos, a nuestro INE, que bien le ha servido a M\u00e9xico\u201d, expres\u00f3.<\/p>\n<p>Es en defensa de lo m\u00e1s valioso que tenemos, nuestras libertades, nuestra democracia. Estamos muy contentos de estar cumpliendo con nuestra obligaci\u00f3n ciudadana\u201d, agreg\u00f3 antes de que arrancara la movilizaci\u00f3n.<\/p>\n<p>El empresario asever\u00f3 que los asistentes a la marcha no caer\u00e1n en las provocaciones, denostaciones ni los ataques del Presidente Andr\u00e9s Manuel L\u00f3pez Obrador<\/p>\n<p>Eso es t\u00edpico de los populistas autoritarios\u201d, sostuvo X. Gonz\u00e1lez, quien ha sido reiteradamente criticado en m\u00e1s conferencias ma\u00f1aneras de AMLO.<\/p>\n<p>Tambi\u00e9n participan el senador Emilio \u00c1lvarez Icaza, el pol\u00edtico Fernando Belaunzar\u00e1n, el panista y aspirante a la candidatura del Edomex, Enrique Vargas; el ex candidato presidencial, Roberto Madrazo; y el empresario Gustavo de Hoyos, entre otros.<\/p>\n<p>Uno de los impulsores de la movilizaci\u00f3n, el senador \u00c1lvarez Icaza, expres\u00f3 previo al inicio que percibe mucho \u00e1nimo alrededor de la marcha.<\/p>\n<\/blockquote>\n<p>Hay mucho \u00e1nimo, eso es muy alentador\u201d, dijo.<\/p>\n<p>De acuerdo con asistentes, la llamada marcha por la democracia se replica en al menos 45 ciudades del Pa\u00eds, como Guadalajara, Canc\u00fan, Durango y Monterrey.<\/p>\n<p>En la movilizaci\u00f3n tambi\u00e9n participan, de manera organizada, PAN, PRI y PRD, partidos pol\u00edticos sobre quienes recaer\u00e1 el futuro de la reforma electoral, cuya discusi\u00f3n est\u00e1 programada para la primera semana de diciembre, antes de que concluya el periodo ordinario de sesiones. <\/p>\n<p>Dichos partidos forman parte de la mesa de an\u00e1lisis que abri\u00f3 la Junta de Coordinaci\u00f3n Pol\u00edtica de San L\u00e1zaro y en la cual se analizan las 100 propuestas en materia electoral que se tienen registradas, siendo la del Presidente L\u00f3pez Obrador la que concentra la atenci\u00f3n tanto de ciudadanos como de las fuerzas pol\u00edticas.<\/p>\n","protected":false},"excerpt":{"rendered":"<p>CIUDAD DE M\u00c9XICO.- La marcha en defensa de la democracia arranc\u00f3 este domingo cerca de las 11:00 horas<\/p>\n","protected":false},"author":1,"featured_media":1029,"comment_status":"open","ping_status":"open","sticky":false,"template":"","format":"standard","meta":{"_crdt_document":"","_jetpack_memberships_contains_paid_content":false,"footnotes":"","jetpack_publicize_message":"","jetpack_publicize_feature_enabled":true,"jetpack_social_post_already_shared":true,"jetpack_social_options":{"image_generator_settings":{"template":"highway","default_image_id":0,"font":"","enabled":false},"version":2},"_wpas_customize_per_network":false},"categories":[9],"tags":[],"class_list":["post-1028","post","type-post","status-publish","format-standard","has-post-thumbnail","hentry","category-el-mundo"],"magazineBlocksPostFeaturedMedia":{"thumbnail":"https:\/\/pornuestrolaredo.com\/wp-content\/uploads\/2022\/11\/PNL-20221113-2-150x150.jpeg","medium":"https:\/\/pornuestrolaredo.com\/wp-content\/uploads\/2022\/11\/PNL-20221113-2-300x200.jpeg","medium_large":"https:\/\/pornuestrolaredo.com\/wp-content\/uploads\/2022\/11\/PNL-20221113-2-768x512.jpeg","large":"https:\/\/pornuestrolaredo.com\/wp-content\/uploads\/2022\/11\/PNL-20221113-2.jpeg","1536x1536":"https:\/\/pornuestrolaredo.com\/wp-content\/uploads\/2022\/11\/PNL-20221113-2.jpeg","2048x2048":"https:\/\/pornuestrolaredo.com\/wp-content\/uploads\/2022\/11\/PNL-20221113-2.jpeg","morenews-large":"https:\/\/pornuestrolaredo.com\/wp-content\/uploads\/2022\/11\/PNL-20221113-2.jpeg","morenews-medium":"https:\/\/pornuestrolaredo.com\/wp-content\/uploads\/2022\/11\/PNL-20221113-2.jpeg"},"magazineBlocksPostAuthor":{"name":"Redactor","avatar":"https:\/\/pornuestrolaredo.com\/wp-content\/litespeed\/avatar\/dca1d7ec750c399f025f23b0b314f4cf.jpg?ver=1777612120"},"magazineBlocksPostCommentsNumber":false,"magazineBlocksPostExcerpt":"CIUDAD DE M\u00c9XICO.- La marcha en defensa de la democracia arranc\u00f3 este domingo cerca de las 11:00 horas","magazineBlocksPostCategories":["El Mundo"],"magazineBlocksPostViewCount":150,"magazineBlocksPostReadTime":4,"magazine_blocks_featured_image_url":{"full":["https:\/\/pornuestrolaredo.com\/wp-content\/uploads\/2022\/11\/PNL-20221113-2.jpeg",960,640,false],"medium":["https:\/\/pornuestrolaredo.com\/wp-content\/uploads\/2022\/11\/PNL-20221113-2-300x200.jpeg",300,200,true],"thumbnail":["https:\/\/pornuestrolaredo.com\/wp-content\/uploads\/2022\/11\/PNL-20221113-2-150x150.jpeg",150,150,true]},"magazine_blocks_author":{"display_name":"Redactor","author_link":"https:\/\/pornuestrolaredo.com\/?author=1"},"magazine_blocks_comment":0,"magazine_blocks_author_image":"https:\/\/pornuestrolaredo.com\/wp-content\/litespeed\/avatar\/dca1d7ec750c399f025f23b0b314f4cf.jpg?ver=1777612120","magazine_blocks_category":"<a href=\"#\" class=\"category-link category-link-9\">El Mundo<\/a>","jetpack_publicize_connections":[],"featured_image_urls":{"full":["https:\/\/pornuestrolaredo.com\/wp-content\/uploads\/2022\/11\/PNL-20221113-2.jpeg",960,640,false],"thumbnail":["https:\/\/pornuestrolaredo.com\/wp-content\/uploads\/2022\/11\/PNL-20221113-2-150x150.jpeg",150,150,true],"medium":["https:\/\/pornuestrolaredo.com\/wp-content\/uploads\/2022\/11\/PNL-20221113-2-300x200.jpeg",300,200,true],"medium_large":["https:\/\/pornuestrolaredo.com\/wp-content\/uploads\/2022\/11\/PNL-20221113-2-768x512.jpeg",640,427,true],"large":["https:\/\/pornuestrolaredo.com\/wp-content\/uploads\/2022\/11\/PNL-20221113-2.jpeg",640,427,false],"1536x1536":["https:\/\/pornuestrolaredo.com\/wp-content\/uploads\/2022\/11\/PNL-20221113-2.jpeg",960,640,false],"2048x2048":["https:\/\/pornuestrolaredo.com\/wp-content\/uploads\/2022\/11\/PNL-20221113-2.jpeg",960,640,false],"morenews-large":["https:\/\/pornuestrolaredo.com\/wp-content\/uploads\/2022\/11\/PNL-20221113-2.jpeg",825,550,false],"morenews-medium":["https:\/\/pornuestrolaredo.com\/wp-content\/uploads\/2022\/11\/PNL-20221113-2.jpeg",590,393,false]},"author_info":{"info":["Redactor"]},"category_info":"<a href=\"https:\/\/pornuestrolaredo.com\/?cat=9\" rel=\"category\">El Mundo<\/a>","tag_info":"El Mundo","comment_count":"0","jetpack_featured_media_url":"https:\/\/pornuestrolaredo.com\/wp-content\/uploads\/2022\/11\/PNL-20221113-2.jpeg","jetpack_sharing_enabled":true,"_links":{"self":[{"href":"https:\/\/pornuestrolaredo.com\/index.php?rest_route=\/wp\/v2\/posts\/1028","targetHints":{"allow":["GET"]}}],"collection":[{"href":"https:\/\/pornuestrolaredo.com\/index.php?rest_route=\/wp\/v2\/posts"}],"about":[{"href":"https:\/\/pornuestrolaredo.com\/index.php?rest_route=\/wp\/v2\/types\/post"}],"author":[{"embeddable":true,"href":"https:\/\/pornuestrolaredo.com\/index.php?rest_route=\/wp\/v2\/users\/1"}],"replies":[{"embeddable":true,"href":"https:\/\/pornuestrolaredo.com\/index.php?rest_route=%2Fwp%2Fv2%2Fcomments&post=1028"}],"version-history":[{"count":2,"href":"https:\/\/pornuestrolaredo.com\/index.php?rest_route=\/wp\/v2\/posts\/1028\/revisions"}],"predecessor-version":[{"id":1031,"href":"https:\/\/pornuestrolaredo.com\/index.php?rest_route=\/wp\/v2\/posts\/1028\/revisions\/1031"}],"wp:featuredmedia":[{"embeddable":true,"href":"https:\/\/pornuestrolaredo.com\/index.php?rest_route=\/wp\/v2\/media\/1029"}],"wp:attachment":[{"href":"https:\/\/pornuestrolaredo.com\/index.php?rest_route=%2Fwp%2Fv2%2Fmedia&parent=1028"}],"wp:term":[{"taxonomy":"category","embeddable":true,"href":"https:\/\/pornuestrolaredo.com\/index.php?rest_route=%2Fwp%2Fv2%2Fcategories&post=1028"},{"taxonomy":"post_tag","embeddable":true,"href":"https:\/\/pornuestrolaredo.com\/index.php?rest_route=%2Fwp%2Fv2%2Ftags&post=1028"}],"curies":[{"name":"wp","href":"https:\/\/api.w.org\/{rel}","templated":true}]}}