{"id":1032,"date":"2022-11-13T18:19:34","date_gmt":"2022-11-13T18:19:34","guid":{"rendered":"https:\/\/pornuestrolaredo.com\/?p=1032"},"modified":"2022-11-13T18:19:34","modified_gmt":"2022-11-13T18:19:34","slug":"llevan-educacion-vial-a-padres-de-familia-y-alumnos-de-primaria","status":"publish","type":"post","link":"https:\/\/pornuestrolaredo.com\/?p=1032","title":{"rendered":"Llevan educaci\u00f3n vial a padres de familia y alumnos de primaria"},"content":{"rendered":"<p><strong><em>NUEVO LAREDO.-<\/em> <\/strong>Con la finalidad de crear una cultura vial y concientizar a los padres de familia sobre la prevenci\u00f3n de accidentes, el Gobierno Municipal a trav\u00e9s del personal de la Direcci\u00f3n de Tr\u00e1nsito y Vialidad imparti\u00f3 una pl\u00e1tica y taller en la primaria Carlos A. Carrillo.<br \/>\nAna Isabel Ar\u00e9valo, responsable de Ingenier\u00eda Vial de la  dependencia inform\u00f3 que en estas actividades se exponen temas como los riesgos, la responsabilidad y cuidados que debe de tener una persona al conducir un veh\u00edculo de motor.<br \/>\nExplic\u00f3 que, por medio de las pl\u00e1ticas, se les ense\u00f1a a los padres de familia sobre la verdadera responsabilidad que implica el conducir un veh\u00edculo sobre la v\u00eda p\u00fablica, especialmente en zonas escolares.<\/p>\n<blockquote><p>Tenemos la instrucci\u00f3n de la presidenta municipal de apoyar a todas las escuelas que soliciten estas pl\u00e1ticas, en esta ocasi\u00f3n visitamos la escuela primaria Carlos A. Carrillo donde a los padres de familia les otorgamos informaci\u00f3n y conocimiento sobre el buen uso del carril de ascenso y descenso.<br \/>\nEn esta primaria son 18 grupos a los que vamos a brindarles esta informaci\u00f3n, por la cantidad de padres de familia en esta ocasi\u00f3n estamos otorgando la inducci\u00f3n a 9 y a finales de mes culminamos con los otros 9 grupos restantes\u201d, explic\u00f3.<br \/>\nFactores de riesgo en la conducci\u00f3n, exceso de pasajeros a bordo de motocicletas, el uso correcto del casco, velocidad permitida, son algunos de los temas que se imparten en escuelas, y empresas para fomentar la cultura vial.<br \/>\nEn lo que corresponde a escuelas primarias ya suman 4 los planteles visitados por lo que la Direcci\u00f3n de Tr\u00e1nsito y Vialidad hace la invitaci\u00f3n a los directivos a que participen en esta din\u00e1mica informativa.\n<\/p><\/blockquote>\n<p>Ya visitamos cuatro escuelas con muy buena respuesta por parte de los padres de familia, y queremos invitar a los directores a que participen porque esto es para seguridad de los estudiantes, los directivos que est\u00e9n interesados en que los padres de familia de su escuela residan estas pl\u00e1ticas pueden comunicarse al tel\u00e9fono 867 711 39 00\u201d.<br \/>\nAna Isabel Ar\u00e9valo resalt\u00f3 la importancia de trabajar en equipo para evitar accidentes en zonas escolares y la \u00fanica forma dijo es respetando los se\u00f1alamientos y l\u00edmite de velocidad.<\/p>\n","protected":false},"excerpt":{"rendered":"<p>La Carlos A.Carrillo se convierte en la cuarta escuela en recibir pl\u00e1ticas sobre los riesgos, la responsabilidad y cuidados que debe de tener una persona al conducir un veh\u00edculo de motor<\/p>\n","protected":false},"author":1,"featured_media":1033,"comment_status":"closed","ping_status":"closed","sticky":false,"template":"","format":"standard","meta":{"_crdt_document":"","_jetpack_memberships_contains_paid_content":false,"footnotes":"","jetpack_publicize_message":"","jetpack_publicize_feature_enabled":true,"jetpack_social_post_already_shared":true,"jetpack_social_options":{"image_generator_settings":{"template":"highway","default_image_id":0,"font":"","enabled":false},"version":2},"_wpas_customize_per_network":false},"categories":[4],"tags":[],"class_list":["post-1032","post","type-post","status-publish","format-standard","has-post-thumbnail","hentry","category-los-dos-laredos"],"magazineBlocksPostFeaturedMedia":{"thumbnail":"https:\/\/pornuestrolaredo.com\/wp-content\/uploads\/2022\/11\/PNL-20221113-1-150x150.jpg","medium":"https:\/\/pornuestrolaredo.com\/wp-content\/uploads\/2022\/11\/PNL-20221113-1-300x135.jpg","medium_large":"https:\/\/pornuestrolaredo.com\/wp-content\/uploads\/2022\/11\/PNL-20221113-1-768x346.jpg","large":"https:\/\/pornuestrolaredo.com\/wp-content\/uploads\/2022\/11\/PNL-20221113-1-1024x461.jpg","1536x1536":"https:\/\/pornuestrolaredo.com\/wp-content\/uploads\/2022\/11\/PNL-20221113-1.jpg","2048x2048":"https:\/\/pornuestrolaredo.com\/wp-content\/uploads\/2022\/11\/PNL-20221113-1.jpg","morenews-large":"https:\/\/pornuestrolaredo.com\/wp-content\/uploads\/2022\/11\/PNL-20221113-1.jpg","morenews-medium":"https:\/\/pornuestrolaredo.com\/wp-content\/uploads\/2022\/11\/PNL-20221113-1.jpg"},"magazineBlocksPostAuthor":{"name":"Redactor","avatar":"https:\/\/pornuestrolaredo.com\/wp-content\/litespeed\/avatar\/dca1d7ec750c399f025f23b0b314f4cf.jpg?ver=1777612120"},"magazineBlocksPostCommentsNumber":false,"magazineBlocksPostExcerpt":"La Carlos A.Carrillo se convierte en la cuarta escuela en recibir pl\u00e1ticas sobre los riesgos, la responsabilidad y cuidados que debe de tener una persona al conducir un veh\u00edculo de motor","magazineBlocksPostCategories":["Los dos Laredos"],"magazineBlocksPostViewCount":138,"magazineBlocksPostReadTime":2,"magazine_blocks_featured_image_url":{"full":["https:\/\/pornuestrolaredo.com\/wp-content\/uploads\/2022\/11\/PNL-20221113-1.jpg",1280,576,false],"medium":["https:\/\/pornuestrolaredo.com\/wp-content\/uploads\/2022\/11\/PNL-20221113-1-300x135.jpg",300,135,true],"thumbnail":["https:\/\/pornuestrolaredo.com\/wp-content\/uploads\/2022\/11\/PNL-20221113-1-150x150.jpg",150,150,true]},"magazine_blocks_author":{"display_name":"Redactor","author_link":"https:\/\/pornuestrolaredo.com\/?author=1"},"magazine_blocks_comment":0,"magazine_blocks_author_image":"https:\/\/pornuestrolaredo.com\/wp-content\/litespeed\/avatar\/dca1d7ec750c399f025f23b0b314f4cf.jpg?ver=1777612120","magazine_blocks_category":"<a href=\"#\" class=\"category-link category-link-4\">Los dos Laredos<\/a>","jetpack_publicize_connections":[],"featured_image_urls":{"full":["https:\/\/pornuestrolaredo.com\/wp-content\/uploads\/2022\/11\/PNL-20221113-1.jpg",1280,576,false],"thumbnail":["https:\/\/pornuestrolaredo.com\/wp-content\/uploads\/2022\/11\/PNL-20221113-1-150x150.jpg",150,150,true],"medium":["https:\/\/pornuestrolaredo.com\/wp-content\/uploads\/2022\/11\/PNL-20221113-1-300x135.jpg",300,135,true],"medium_large":["https:\/\/pornuestrolaredo.com\/wp-content\/uploads\/2022\/11\/PNL-20221113-1-768x346.jpg",640,288,true],"large":["https:\/\/pornuestrolaredo.com\/wp-content\/uploads\/2022\/11\/PNL-20221113-1-1024x461.jpg",640,288,true],"1536x1536":["https:\/\/pornuestrolaredo.com\/wp-content\/uploads\/2022\/11\/PNL-20221113-1.jpg",1280,576,false],"2048x2048":["https:\/\/pornuestrolaredo.com\/wp-content\/uploads\/2022\/11\/PNL-20221113-1.jpg",1280,576,false],"morenews-large":["https:\/\/pornuestrolaredo.com\/wp-content\/uploads\/2022\/11\/PNL-20221113-1.jpg",825,371,false],"morenews-medium":["https:\/\/pornuestrolaredo.com\/wp-content\/uploads\/2022\/11\/PNL-20221113-1.jpg",590,266,false]},"author_info":{"info":["Redactor"]},"category_info":"<a href=\"https:\/\/pornuestrolaredo.com\/?cat=4\" rel=\"category\">Los dos Laredos<\/a>","tag_info":"Los dos Laredos","comment_count":"0","jetpack_featured_media_url":"https:\/\/pornuestrolaredo.com\/wp-content\/uploads\/2022\/11\/PNL-20221113-1.jpg","jetpack_sharing_enabled":true,"_links":{"self":[{"href":"https:\/\/pornuestrolaredo.com\/index.php?rest_route=\/wp\/v2\/posts\/1032","targetHints":{"allow":["GET"]}}],"collection":[{"href":"https:\/\/pornuestrolaredo.com\/index.php?rest_route=\/wp\/v2\/posts"}],"about":[{"href":"https:\/\/pornuestrolaredo.com\/index.php?rest_route=\/wp\/v2\/types\/post"}],"author":[{"embeddable":true,"href":"https:\/\/pornuestrolaredo.com\/index.php?rest_route=\/wp\/v2\/users\/1"}],"replies":[{"embeddable":true,"href":"https:\/\/pornuestrolaredo.com\/index.php?rest_route=%2Fwp%2Fv2%2Fcomments&post=1032"}],"version-history":[{"count":2,"href":"https:\/\/pornuestrolaredo.com\/index.php?rest_route=\/wp\/v2\/posts\/1032\/revisions"}],"predecessor-version":[{"id":1035,"href":"https:\/\/pornuestrolaredo.com\/index.php?rest_route=\/wp\/v2\/posts\/1032\/revisions\/1035"}],"wp:featuredmedia":[{"embeddable":true,"href":"https:\/\/pornuestrolaredo.com\/index.php?rest_route=\/wp\/v2\/media\/1033"}],"wp:attachment":[{"href":"https:\/\/pornuestrolaredo.com\/index.php?rest_route=%2Fwp%2Fv2%2Fmedia&parent=1032"}],"wp:term":[{"taxonomy":"category","embeddable":true,"href":"https:\/\/pornuestrolaredo.com\/index.php?rest_route=%2Fwp%2Fv2%2Fcategories&post=1032"},{"taxonomy":"post_tag","embeddable":true,"href":"https:\/\/pornuestrolaredo.com\/index.php?rest_route=%2Fwp%2Fv2%2Ftags&post=1032"}],"curies":[{"name":"wp","href":"https:\/\/api.w.org\/{rel}","templated":true}]}}