{"id":1063,"date":"2022-11-14T18:54:53","date_gmt":"2022-11-14T18:54:53","guid":{"rendered":"https:\/\/pornuestrolaredo.com\/?p=1063"},"modified":"2022-11-14T18:54:53","modified_gmt":"2022-11-14T18:54:53","slug":"reconoceran-a-empresas-o-personas-que-aporten-cambio-a-nld","status":"publish","type":"post","link":"https:\/\/pornuestrolaredo.com\/?p=1063","title":{"rendered":"Reconocer\u00e1n a empresas o personas que aporten cambio a NLD"},"content":{"rendered":"<p><strong>NUEVO LAREDO.- <\/strong> El Instituto para la Competitividad y el Comercio Exterior de Nuevo Laredo (ICCE) entregar\u00e1 el \u201cGalard\u00f3n a la Competitividad\u201d, con el objetivo de reconocer a integrantes de la iniciativa privada o sociedad civil que hayan sido un factor de cambio en el a\u00f1o 2022.<br \/>\nIv\u00e1n Torres Macario, jefe del Despacho del ICCE, explic\u00f3 que como parte de las estrategias del Gobierno Municipal para incentivar a quienes con su trabajo impulsan el desarrollo de la ciudad, el instituto entregar\u00e1 este reconocimiento.<\/p>\n<blockquote><p>Vamos a darle un reconocimiento a quienes han sido ese factor de cambio en este a\u00f1o, para que en diciembre se entregu\u00e9 este galard\u00f3n, ser\u00e1 elegido por la misma sociedad\u201d, se\u00f1al\u00f3 Francisco Iv\u00e1n Torres Macario, jefe de Despacho del  ICCE.<br \/>\nEl funcionario dio a conocer que este galard\u00f3n podr\u00e1 ser entregado a una persona o alguna empresa que por su desempe\u00f1o haya contribuido al desarrollo o crecimiento de la ciudad, y ser\u00e1n la misma ciudadan\u00eda quien elija al ganador.<br \/>\nPara este reconocimiento participar\u00e1n representantes de los organismos e instituciones educativas, para que en diciembre sea entregado en un evento organizado por el instituto.<br \/>\nCon la entrega de este reconocimiento se busca estimular a ciudadanos que aportan al desarrollo econ\u00f3mico, instituciones o empresas que con sus acciones fortalecen el potencial de Nuevo Laredo como un punto estrat\u00e9gico para el comercio, log\u00edstica y negocios.<br \/>\nIndic\u00f3 que a trav\u00e9s de sus redes sociales oficiales, estar\u00e1n informando del proceso para conocer a quien ser\u00e1 entregado el \u201cGalard\u00f3n a la Competitividad\u201d.<\/p>\n","protected":false},"excerpt":{"rendered":"<p>El Instituto para la Competitividad y el Comercio Exterior de Nuevo Laredo alista el \u2018Galard\u00f3n a la Competitividad\u2019<\/p>\n","protected":false},"author":1,"featured_media":1064,"comment_status":"open","ping_status":"open","sticky":false,"template":"","format":"standard","meta":{"_crdt_document":"","_jetpack_memberships_contains_paid_content":false,"footnotes":"","jetpack_publicize_message":"","jetpack_publicize_feature_enabled":true,"jetpack_social_post_already_shared":true,"jetpack_social_options":{"image_generator_settings":{"template":"highway","default_image_id":0,"font":"","enabled":false},"version":2},"_wpas_customize_per_network":false},"categories":[4],"tags":[],"class_list":["post-1063","post","type-post","status-publish","format-standard","has-post-thumbnail","hentry","category-los-dos-laredos"],"magazineBlocksPostFeaturedMedia":{"thumbnail":"https:\/\/pornuestrolaredo.com\/wp-content\/uploads\/2022\/11\/PNL-20221114-2-150x150.jpg","medium":"https:\/\/pornuestrolaredo.com\/wp-content\/uploads\/2022\/11\/PNL-20221114-2-300x200.jpg","medium_large":"https:\/\/pornuestrolaredo.com\/wp-content\/uploads\/2022\/11\/PNL-20221114-2-768x512.jpg","large":"https:\/\/pornuestrolaredo.com\/wp-content\/uploads\/2022\/11\/PNL-20221114-2-1024x682.jpg","1536x1536":"https:\/\/pornuestrolaredo.com\/wp-content\/uploads\/2022\/11\/PNL-20221114-2.jpg","2048x2048":"https:\/\/pornuestrolaredo.com\/wp-content\/uploads\/2022\/11\/PNL-20221114-2.jpg","morenews-large":"https:\/\/pornuestrolaredo.com\/wp-content\/uploads\/2022\/11\/PNL-20221114-2.jpg","morenews-medium":"https:\/\/pornuestrolaredo.com\/wp-content\/uploads\/2022\/11\/PNL-20221114-2.jpg"},"magazineBlocksPostAuthor":{"name":"Redactor","avatar":"https:\/\/pornuestrolaredo.com\/wp-content\/litespeed\/avatar\/dca1d7ec750c399f025f23b0b314f4cf.jpg?ver=1777612120"},"magazineBlocksPostCommentsNumber":false,"magazineBlocksPostExcerpt":"El Instituto para la Competitividad y el Comercio Exterior de Nuevo Laredo alista el \u2018Galard\u00f3n a la Competitividad\u2019","magazineBlocksPostCategories":["Los dos Laredos"],"magazineBlocksPostViewCount":143,"magazineBlocksPostReadTime":2,"magazine_blocks_featured_image_url":{"full":["https:\/\/pornuestrolaredo.com\/wp-content\/uploads\/2022\/11\/PNL-20221114-2.jpg",1280,853,false],"medium":["https:\/\/pornuestrolaredo.com\/wp-content\/uploads\/2022\/11\/PNL-20221114-2-300x200.jpg",300,200,true],"thumbnail":["https:\/\/pornuestrolaredo.com\/wp-content\/uploads\/2022\/11\/PNL-20221114-2-150x150.jpg",150,150,true]},"magazine_blocks_author":{"display_name":"Redactor","author_link":"https:\/\/pornuestrolaredo.com\/?author=1"},"magazine_blocks_comment":0,"magazine_blocks_author_image":"https:\/\/pornuestrolaredo.com\/wp-content\/litespeed\/avatar\/dca1d7ec750c399f025f23b0b314f4cf.jpg?ver=1777612120","magazine_blocks_category":"<a href=\"#\" class=\"category-link category-link-4\">Los dos Laredos<\/a>","jetpack_publicize_connections":[],"featured_image_urls":{"full":["https:\/\/pornuestrolaredo.com\/wp-content\/uploads\/2022\/11\/PNL-20221114-2.jpg",1280,853,false],"thumbnail":["https:\/\/pornuestrolaredo.com\/wp-content\/uploads\/2022\/11\/PNL-20221114-2-150x150.jpg",150,150,true],"medium":["https:\/\/pornuestrolaredo.com\/wp-content\/uploads\/2022\/11\/PNL-20221114-2-300x200.jpg",300,200,true],"medium_large":["https:\/\/pornuestrolaredo.com\/wp-content\/uploads\/2022\/11\/PNL-20221114-2-768x512.jpg",640,427,true],"large":["https:\/\/pornuestrolaredo.com\/wp-content\/uploads\/2022\/11\/PNL-20221114-2-1024x682.jpg",640,426,true],"1536x1536":["https:\/\/pornuestrolaredo.com\/wp-content\/uploads\/2022\/11\/PNL-20221114-2.jpg",1280,853,false],"2048x2048":["https:\/\/pornuestrolaredo.com\/wp-content\/uploads\/2022\/11\/PNL-20221114-2.jpg",1280,853,false],"morenews-large":["https:\/\/pornuestrolaredo.com\/wp-content\/uploads\/2022\/11\/PNL-20221114-2.jpg",825,550,false],"morenews-medium":["https:\/\/pornuestrolaredo.com\/wp-content\/uploads\/2022\/11\/PNL-20221114-2.jpg",590,393,false]},"author_info":{"info":["Redactor"]},"category_info":"<a href=\"https:\/\/pornuestrolaredo.com\/?cat=4\" rel=\"category\">Los dos Laredos<\/a>","tag_info":"Los dos Laredos","comment_count":"0","jetpack_featured_media_url":"https:\/\/pornuestrolaredo.com\/wp-content\/uploads\/2022\/11\/PNL-20221114-2.jpg","jetpack_sharing_enabled":true,"_links":{"self":[{"href":"https:\/\/pornuestrolaredo.com\/index.php?rest_route=\/wp\/v2\/posts\/1063","targetHints":{"allow":["GET"]}}],"collection":[{"href":"https:\/\/pornuestrolaredo.com\/index.php?rest_route=\/wp\/v2\/posts"}],"about":[{"href":"https:\/\/pornuestrolaredo.com\/index.php?rest_route=\/wp\/v2\/types\/post"}],"author":[{"embeddable":true,"href":"https:\/\/pornuestrolaredo.com\/index.php?rest_route=\/wp\/v2\/users\/1"}],"replies":[{"embeddable":true,"href":"https:\/\/pornuestrolaredo.com\/index.php?rest_route=%2Fwp%2Fv2%2Fcomments&post=1063"}],"version-history":[{"count":1,"href":"https:\/\/pornuestrolaredo.com\/index.php?rest_route=\/wp\/v2\/posts\/1063\/revisions"}],"predecessor-version":[{"id":1065,"href":"https:\/\/pornuestrolaredo.com\/index.php?rest_route=\/wp\/v2\/posts\/1063\/revisions\/1065"}],"wp:featuredmedia":[{"embeddable":true,"href":"https:\/\/pornuestrolaredo.com\/index.php?rest_route=\/wp\/v2\/media\/1064"}],"wp:attachment":[{"href":"https:\/\/pornuestrolaredo.com\/index.php?rest_route=%2Fwp%2Fv2%2Fmedia&parent=1063"}],"wp:term":[{"taxonomy":"category","embeddable":true,"href":"https:\/\/pornuestrolaredo.com\/index.php?rest_route=%2Fwp%2Fv2%2Fcategories&post=1063"},{"taxonomy":"post_tag","embeddable":true,"href":"https:\/\/pornuestrolaredo.com\/index.php?rest_route=%2Fwp%2Fv2%2Ftags&post=1063"}],"curies":[{"name":"wp","href":"https:\/\/api.w.org\/{rel}","templated":true}]}}