{"id":1066,"date":"2022-11-14T18:58:27","date_gmt":"2022-11-14T18:58:27","guid":{"rendered":"https:\/\/pornuestrolaredo.com\/?p=1066"},"modified":"2022-11-14T18:58:27","modified_gmt":"2022-11-14T18:58:27","slug":"tiroteo-en-autobus-escolar-deja-3-muertos","status":"publish","type":"post","link":"https:\/\/pornuestrolaredo.com\/?p=1066","title":{"rendered":"Tiroteo en autob\u00fas escolar deja 3 muertos"},"content":{"rendered":"<p><strong><em>CHARLOTTESVILLE, Virginia.<\/em>&#8211;<\/strong> Tres personas murieron y otras dos resultaron heridas en un tiroteo en un autob\u00fas escolar de la Universidad de Virginia, informaron las autoridades escolares; ya hay un sospechoso detenido.<\/p>\n<p>Los tres fallecidos eran estudiantes y pertenec\u00edan al equipo de futbol escolar, indic\u00f3 el presidente de la escuela, Jim Ryan, en una conferencia de prensa el lunes por la ma\u00f1ana.<\/p>\n<p>Detall\u00f3 que el tiroteo ocurri\u00f3 el domingo por la noche en un autob\u00fas escolar con alumnos que regresaban de un viaje fuera del campus.<\/p>\n<p>El sospechoso ya fue detenido e identificado como Christopher Darnell Jones Jr., quien tambi\u00e9n es estudiante.<\/p>\n<p>La balacera en torno a las 10:30 de la noche del domingo \u201cprodujo tres fallecimientos, dos v\u00edctimas adicionales resultaron heridas y reciben atenci\u00f3n m\u00e9dica\u201d, indic\u00f3 Ryan en una carta a la comunidad universitaria publicada en redes sociales.<\/p>\n<p>Los servicios de emergencia del centro emitieron una alerta el domingo en la que advert\u00edan a la comunidad universitaria de un \u201cagresor con arma de fuego activo\u201d. El mensaje advert\u00eda a los alumnos que buscaran refugio tras un reporte de disparos en la carretera Culbreth, en los alrededores al norte del campus. Las clases del lunes se cancelaron. <\/p>\n<p>Este es un mensaje que cualquier l\u00edder conf\u00eda en no tener que enviar nunca, y estoy consternado porque esta violencia haya visitado la Universidad de Virginia\u201d, escribi\u00f3 Ryan. <\/p>\n<blockquote><p>Este es un incidente traum\u00e1tico para todos en nuestra comunidad\u201d<\/p>\n","protected":false},"excerpt":{"rendered":"<p>Hay un detenido y se sospechosa que abri\u00f3 fuego contra el equipo de futbol de la Universidad de Virginia<\/p>\n","protected":false},"author":1,"featured_media":1067,"comment_status":"open","ping_status":"open","sticky":false,"template":"","format":"standard","meta":{"_crdt_document":"","_jetpack_memberships_contains_paid_content":false,"footnotes":"","jetpack_publicize_message":"","jetpack_publicize_feature_enabled":true,"jetpack_social_post_already_shared":true,"jetpack_social_options":{"image_generator_settings":{"template":"highway","default_image_id":0,"font":"","enabled":false},"version":2},"_wpas_customize_per_network":false},"categories":[9],"tags":[],"class_list":["post-1066","post","type-post","status-publish","format-standard","has-post-thumbnail","hentry","category-el-mundo"],"magazineBlocksPostFeaturedMedia":{"thumbnail":"https:\/\/pornuestrolaredo.com\/wp-content\/uploads\/2022\/11\/Stereo91-20221114-1-150x150.jpeg","medium":"https:\/\/pornuestrolaredo.com\/wp-content\/uploads\/2022\/11\/Stereo91-20221114-1-300x200.jpeg","medium_large":"https:\/\/pornuestrolaredo.com\/wp-content\/uploads\/2022\/11\/Stereo91-20221114-1-768x511.jpeg","large":"https:\/\/pornuestrolaredo.com\/wp-content\/uploads\/2022\/11\/Stereo91-20221114-1.jpeg","1536x1536":"https:\/\/pornuestrolaredo.com\/wp-content\/uploads\/2022\/11\/Stereo91-20221114-1.jpeg","2048x2048":"https:\/\/pornuestrolaredo.com\/wp-content\/uploads\/2022\/11\/Stereo91-20221114-1.jpeg","morenews-large":"https:\/\/pornuestrolaredo.com\/wp-content\/uploads\/2022\/11\/Stereo91-20221114-1.jpeg","morenews-medium":"https:\/\/pornuestrolaredo.com\/wp-content\/uploads\/2022\/11\/Stereo91-20221114-1.jpeg"},"magazineBlocksPostAuthor":{"name":"Redactor","avatar":"https:\/\/pornuestrolaredo.com\/wp-content\/litespeed\/avatar\/dca1d7ec750c399f025f23b0b314f4cf.jpg?ver=1777612120"},"magazineBlocksPostCommentsNumber":false,"magazineBlocksPostExcerpt":"Hay un detenido y se sospechosa que abri\u00f3 fuego contra el equipo de futbol de la Universidad de Virginia","magazineBlocksPostCategories":["El Mundo"],"magazineBlocksPostViewCount":135,"magazineBlocksPostReadTime":2,"magazine_blocks_featured_image_url":{"full":["https:\/\/pornuestrolaredo.com\/wp-content\/uploads\/2022\/11\/Stereo91-20221114-1.jpeg",1000,665,false],"medium":["https:\/\/pornuestrolaredo.com\/wp-content\/uploads\/2022\/11\/Stereo91-20221114-1-300x200.jpeg",300,200,true],"thumbnail":["https:\/\/pornuestrolaredo.com\/wp-content\/uploads\/2022\/11\/Stereo91-20221114-1-150x150.jpeg",150,150,true]},"magazine_blocks_author":{"display_name":"Redactor","author_link":"https:\/\/pornuestrolaredo.com\/?author=1"},"magazine_blocks_comment":0,"magazine_blocks_author_image":"https:\/\/pornuestrolaredo.com\/wp-content\/litespeed\/avatar\/dca1d7ec750c399f025f23b0b314f4cf.jpg?ver=1777612120","magazine_blocks_category":"<a href=\"#\" class=\"category-link category-link-9\">El Mundo<\/a>","jetpack_publicize_connections":[],"featured_image_urls":{"full":["https:\/\/pornuestrolaredo.com\/wp-content\/uploads\/2022\/11\/Stereo91-20221114-1.jpeg",1000,665,false],"thumbnail":["https:\/\/pornuestrolaredo.com\/wp-content\/uploads\/2022\/11\/Stereo91-20221114-1-150x150.jpeg",150,150,true],"medium":["https:\/\/pornuestrolaredo.com\/wp-content\/uploads\/2022\/11\/Stereo91-20221114-1-300x200.jpeg",300,200,true],"medium_large":["https:\/\/pornuestrolaredo.com\/wp-content\/uploads\/2022\/11\/Stereo91-20221114-1-768x511.jpeg",640,426,true],"large":["https:\/\/pornuestrolaredo.com\/wp-content\/uploads\/2022\/11\/Stereo91-20221114-1.jpeg",640,426,false],"1536x1536":["https:\/\/pornuestrolaredo.com\/wp-content\/uploads\/2022\/11\/Stereo91-20221114-1.jpeg",1000,665,false],"2048x2048":["https:\/\/pornuestrolaredo.com\/wp-content\/uploads\/2022\/11\/Stereo91-20221114-1.jpeg",1000,665,false],"morenews-large":["https:\/\/pornuestrolaredo.com\/wp-content\/uploads\/2022\/11\/Stereo91-20221114-1.jpeg",825,549,false],"morenews-medium":["https:\/\/pornuestrolaredo.com\/wp-content\/uploads\/2022\/11\/Stereo91-20221114-1.jpeg",590,392,false]},"author_info":{"info":["Redactor"]},"category_info":"<a href=\"https:\/\/pornuestrolaredo.com\/?cat=9\" rel=\"category\">El Mundo<\/a>","tag_info":"El Mundo","comment_count":"0","jetpack_featured_media_url":"https:\/\/pornuestrolaredo.com\/wp-content\/uploads\/2022\/11\/Stereo91-20221114-1.jpeg","jetpack_sharing_enabled":true,"_links":{"self":[{"href":"https:\/\/pornuestrolaredo.com\/index.php?rest_route=\/wp\/v2\/posts\/1066","targetHints":{"allow":["GET"]}}],"collection":[{"href":"https:\/\/pornuestrolaredo.com\/index.php?rest_route=\/wp\/v2\/posts"}],"about":[{"href":"https:\/\/pornuestrolaredo.com\/index.php?rest_route=\/wp\/v2\/types\/post"}],"author":[{"embeddable":true,"href":"https:\/\/pornuestrolaredo.com\/index.php?rest_route=\/wp\/v2\/users\/1"}],"replies":[{"embeddable":true,"href":"https:\/\/pornuestrolaredo.com\/index.php?rest_route=%2Fwp%2Fv2%2Fcomments&post=1066"}],"version-history":[{"count":1,"href":"https:\/\/pornuestrolaredo.com\/index.php?rest_route=\/wp\/v2\/posts\/1066\/revisions"}],"predecessor-version":[{"id":1068,"href":"https:\/\/pornuestrolaredo.com\/index.php?rest_route=\/wp\/v2\/posts\/1066\/revisions\/1068"}],"wp:featuredmedia":[{"embeddable":true,"href":"https:\/\/pornuestrolaredo.com\/index.php?rest_route=\/wp\/v2\/media\/1067"}],"wp:attachment":[{"href":"https:\/\/pornuestrolaredo.com\/index.php?rest_route=%2Fwp%2Fv2%2Fmedia&parent=1066"}],"wp:term":[{"taxonomy":"category","embeddable":true,"href":"https:\/\/pornuestrolaredo.com\/index.php?rest_route=%2Fwp%2Fv2%2Fcategories&post=1066"},{"taxonomy":"post_tag","embeddable":true,"href":"https:\/\/pornuestrolaredo.com\/index.php?rest_route=%2Fwp%2Fv2%2Ftags&post=1066"}],"curies":[{"name":"wp","href":"https:\/\/api.w.org\/{rel}","templated":true}]}}