{"id":1076,"date":"2022-11-14T19:22:25","date_gmt":"2022-11-14T19:22:25","guid":{"rendered":"https:\/\/pornuestrolaredo.com\/?p=1076"},"modified":"2022-11-14T19:23:51","modified_gmt":"2022-11-14T19:23:51","slug":"desestima-amlo-marcha-a-favor-del-ine","status":"publish","type":"post","link":"https:\/\/pornuestrolaredo.com\/?p=1076","title":{"rendered":"Desestima AMLO marcha a favor del INE"},"content":{"rendered":"<p><strong><strong>CIUDAD DE M\u00c9XICO.- <<\/strong><em>\/strong>Tras la multitudinaria marcha en la capital mexicana contra el proyecto de reforma electoral impulsado por el gobierno, el presidente Andr\u00e9s Manuel L\u00f3pez Obrador desestim\u00f3 el lunes la movilizaci\u00f3n y se\u00f1al\u00f3 a los participantes de favorecer a la corrupci\u00f3n, el racismo y el clasismo.<\/p>\n<blockquote><p>Puro dem\u00f3crata\u201d, dijo L\u00f3pez Obrador en tono ir\u00f3nico mientras mostraba en su conferencia matutina las fotograf\u00edas de algunos de los pol\u00edticos opositores que acudieron a la marcha, que se desarroll\u00f3 la v\u00edspera en el centro de la capital mexicana, y que se convirti\u00f3 en la mayor protesta contra su gobierno luego de cuatro a\u00f1os de mandato.<\/p>\n<p>El gobernante afirm\u00f3 que los convocantes utilizaron la reforma electoral como una \u201cexcusa\u201d para protestar y sostuvo que los asistentes a la movilizaci\u00f3n en el fondo salieron a manifestar \u201cen contra de la transformaci\u00f3n que se est\u00e1 llevando en el pa\u00eds\u201d.<\/p>\n<blockquote><p>Lo hicieron a favor de los privilegios que ellos ten\u00edan antes del gobierno que represento. Lo hicieron a favor de la corrupci\u00f3n. Lo hicieron a favor del racismo, a favor del clasismo, de la discriminaci\u00f3n\u201d, agreg\u00f3.<\/p>\n<p>L\u00f3pez Obrador asegur\u00f3 que en la marcha participaron entre 50 mil y 60 mil personas, mientras que los convocantes sostienen que al evento acudieron m\u00e1s de 200 mil.<br \/>\nCon el fin de alentar un movimiento en defensa del Instituto Nacional Electoral (INE), m\u00e1s de medio centenar de organizaciones civiles y partidos opositores convocaron el domingo en la capital mexicana y otras ciudades a la llamada \u201cMarcha por la democracia\u201d.<\/p>\n<p>El proyecto de reforma constitucional que ser\u00e1 discutido en las pr\u00f3ximas semanas en el Congreso de mayor\u00eda oficialista, contempla la desaparici\u00f3n de las dependencias electorales estatales, la reducci\u00f3n del financiamiento a los partidos y la elecci\u00f3n de los integrantes del organismo electoral por sufragio ciudadano y no por la C\u00e1mara de Diputados, como es actualmente.<br \/>\nLa iniciativa tambi\u00e9n plantea la desaparici\u00f3n de los legisladores plurinominales que son electos por representaci\u00f3n proporcional mediante listas regionales, lo que implicar\u00eda la eliminaci\u00f3n de 200 diputados y 32 senadores y reducir\u00eda la c\u00e1mara baja a 300 miembros y el Senado a 96.<\/p>\n<p>L\u00f3pez Obrador asegura que su iniciativa busca transformar y depurar el sistema electoral mexicano, mientras que cr\u00edticos y analistas sostienen que la propuesta podr\u00eda asegurarle al oficialismo el control del organismo electoral de cara a las elecciones presidenciales de 2024.<\/p>\n<p>El oficialismo no cuenta con los votos suficientes para aprobar la reforma constitucional y necesitar\u00eda del apoyo de la oposici\u00f3n para sacarla adelante. Hasta el momento no est\u00e1 clara cu\u00e1l ser\u00e1 la postura del Partido Revolucionario Institucional (PRI), que en septiembre se distanci\u00f3 de sus aliados opositores para apoyar una reforma sobre el uso de las Fuerzas Armadas en la seguridad p\u00fablica impulsada por el mandatario.<\/p>\n","protected":false},"excerpt":{"rendered":"<p>Asegura que quienes protestaron son \u2018puro dem\u00f3crata\u2019 y que salieron a protestar contra la transformaci\u00f3n<\/p>\n","protected":false},"author":1,"featured_media":1077,"comment_status":"closed","ping_status":"closed","sticky":false,"template":"","format":"standard","meta":{"_crdt_document":"","_jetpack_memberships_contains_paid_content":false,"footnotes":"","jetpack_publicize_message":"","jetpack_publicize_feature_enabled":true,"jetpack_social_post_already_shared":true,"jetpack_social_options":{"image_generator_settings":{"template":"highway","default_image_id":0,"font":"","enabled":false},"version":2},"_wpas_customize_per_network":false},"categories":[9],"tags":[],"class_list":["post-1076","post","type-post","status-publish","format-standard","has-post-thumbnail","hentry","category-el-mundo"],"magazineBlocksPostFeaturedMedia":{"thumbnail":"https:\/\/pornuestrolaredo.com\/wp-content\/uploads\/2022\/11\/Stereo91-20221114-3-150x150.jpeg","medium":"https:\/\/pornuestrolaredo.com\/wp-content\/uploads\/2022\/11\/Stereo91-20221114-3-300x200.jpeg","medium_large":"https:\/\/pornuestrolaredo.com\/wp-content\/uploads\/2022\/11\/Stereo91-20221114-3-768x512.jpeg","large":"https:\/\/pornuestrolaredo.com\/wp-content\/uploads\/2022\/11\/Stereo91-20221114-3.jpeg","1536x1536":"https:\/\/pornuestrolaredo.com\/wp-content\/uploads\/2022\/11\/Stereo91-20221114-3.jpeg","2048x2048":"https:\/\/pornuestrolaredo.com\/wp-content\/uploads\/2022\/11\/Stereo91-20221114-3.jpeg","morenews-large":"https:\/\/pornuestrolaredo.com\/wp-content\/uploads\/2022\/11\/Stereo91-20221114-3.jpeg","morenews-medium":"https:\/\/pornuestrolaredo.com\/wp-content\/uploads\/2022\/11\/Stereo91-20221114-3.jpeg"},"magazineBlocksPostAuthor":{"name":"Redactor","avatar":"https:\/\/pornuestrolaredo.com\/wp-content\/litespeed\/avatar\/dca1d7ec750c399f025f23b0b314f4cf.jpg?ver=1777612120"},"magazineBlocksPostCommentsNumber":false,"magazineBlocksPostExcerpt":"Asegura que quienes protestaron son \u2018puro dem\u00f3crata\u2019 y que salieron a protestar contra la transformaci\u00f3n","magazineBlocksPostCategories":["El Mundo"],"magazineBlocksPostViewCount":137,"magazineBlocksPostReadTime":3,"magazine_blocks_featured_image_url":{"full":["https:\/\/pornuestrolaredo.com\/wp-content\/uploads\/2022\/11\/Stereo91-20221114-3.jpeg",1000,667,false],"medium":["https:\/\/pornuestrolaredo.com\/wp-content\/uploads\/2022\/11\/Stereo91-20221114-3-300x200.jpeg",300,200,true],"thumbnail":["https:\/\/pornuestrolaredo.com\/wp-content\/uploads\/2022\/11\/Stereo91-20221114-3-150x150.jpeg",150,150,true]},"magazine_blocks_author":{"display_name":"Redactor","author_link":"https:\/\/pornuestrolaredo.com\/?author=1"},"magazine_blocks_comment":0,"magazine_blocks_author_image":"https:\/\/pornuestrolaredo.com\/wp-content\/litespeed\/avatar\/dca1d7ec750c399f025f23b0b314f4cf.jpg?ver=1777612120","magazine_blocks_category":"<a href=\"#\" class=\"category-link category-link-9\">El Mundo<\/a>","jetpack_publicize_connections":[],"featured_image_urls":{"full":["https:\/\/pornuestrolaredo.com\/wp-content\/uploads\/2022\/11\/Stereo91-20221114-3.jpeg",1000,667,false],"thumbnail":["https:\/\/pornuestrolaredo.com\/wp-content\/uploads\/2022\/11\/Stereo91-20221114-3-150x150.jpeg",150,150,true],"medium":["https:\/\/pornuestrolaredo.com\/wp-content\/uploads\/2022\/11\/Stereo91-20221114-3-300x200.jpeg",300,200,true],"medium_large":["https:\/\/pornuestrolaredo.com\/wp-content\/uploads\/2022\/11\/Stereo91-20221114-3-768x512.jpeg",640,427,true],"large":["https:\/\/pornuestrolaredo.com\/wp-content\/uploads\/2022\/11\/Stereo91-20221114-3.jpeg",640,427,false],"1536x1536":["https:\/\/pornuestrolaredo.com\/wp-content\/uploads\/2022\/11\/Stereo91-20221114-3.jpeg",1000,667,false],"2048x2048":["https:\/\/pornuestrolaredo.com\/wp-content\/uploads\/2022\/11\/Stereo91-20221114-3.jpeg",1000,667,false],"morenews-large":["https:\/\/pornuestrolaredo.com\/wp-content\/uploads\/2022\/11\/Stereo91-20221114-3.jpeg",825,550,false],"morenews-medium":["https:\/\/pornuestrolaredo.com\/wp-content\/uploads\/2022\/11\/Stereo91-20221114-3.jpeg",590,394,false]},"author_info":{"info":["Redactor"]},"category_info":"<a href=\"https:\/\/pornuestrolaredo.com\/?cat=9\" rel=\"category\">El Mundo<\/a>","tag_info":"El Mundo","comment_count":"0","jetpack_featured_media_url":"https:\/\/pornuestrolaredo.com\/wp-content\/uploads\/2022\/11\/Stereo91-20221114-3.jpeg","jetpack_sharing_enabled":true,"_links":{"self":[{"href":"https:\/\/pornuestrolaredo.com\/index.php?rest_route=\/wp\/v2\/posts\/1076","targetHints":{"allow":["GET"]}}],"collection":[{"href":"https:\/\/pornuestrolaredo.com\/index.php?rest_route=\/wp\/v2\/posts"}],"about":[{"href":"https:\/\/pornuestrolaredo.com\/index.php?rest_route=\/wp\/v2\/types\/post"}],"author":[{"embeddable":true,"href":"https:\/\/pornuestrolaredo.com\/index.php?rest_route=\/wp\/v2\/users\/1"}],"replies":[{"embeddable":true,"href":"https:\/\/pornuestrolaredo.com\/index.php?rest_route=%2Fwp%2Fv2%2Fcomments&post=1076"}],"version-history":[{"count":1,"href":"https:\/\/pornuestrolaredo.com\/index.php?rest_route=\/wp\/v2\/posts\/1076\/revisions"}],"predecessor-version":[{"id":1078,"href":"https:\/\/pornuestrolaredo.com\/index.php?rest_route=\/wp\/v2\/posts\/1076\/revisions\/1078"}],"wp:featuredmedia":[{"embeddable":true,"href":"https:\/\/pornuestrolaredo.com\/index.php?rest_route=\/wp\/v2\/media\/1077"}],"wp:attachment":[{"href":"https:\/\/pornuestrolaredo.com\/index.php?rest_route=%2Fwp%2Fv2%2Fmedia&parent=1076"}],"wp:term":[{"taxonomy":"category","embeddable":true,"href":"https:\/\/pornuestrolaredo.com\/index.php?rest_route=%2Fwp%2Fv2%2Fcategories&post=1076"},{"taxonomy":"post_tag","embeddable":true,"href":"https:\/\/pornuestrolaredo.com\/index.php?rest_route=%2Fwp%2Fv2%2Ftags&post=1076"}],"curies":[{"name":"wp","href":"https:\/\/api.w.org\/{rel}","templated":true}]}}