{"id":1079,"date":"2022-11-14T19:40:25","date_gmt":"2022-11-14T19:40:25","guid":{"rendered":"https:\/\/pornuestrolaredo.com\/?p=1079"},"modified":"2022-11-14T19:40:25","modified_gmt":"2022-11-14T19:40:25","slug":"entregan-unidades-de-la-guardia-estatal-para-nld","status":"publish","type":"post","link":"https:\/\/pornuestrolaredo.com\/?p=1079","title":{"rendered":"Entregan unidades de la Guardia Estatal para NLD"},"content":{"rendered":"\r\n<p class=\"wp-block-paragraph\"><strong><em>REYNOSA.- <\/em><\/strong>Proteger la seguridad de los tamaulipecos es uno de los principales compromisos del gobernador Am\u00e9rico Villarreal Anaya, quien entreg\u00f3 unidades de la Guardia Estatal, a la zona fronteriza del estado.<\/p>\r\n\r\n\r\n\r\n<p class=\"wp-block-paragraph\">Acompa\u00f1ado de los alcaldes y alcaldesas de los municipios de la frontera de Tamaulipas dieron el banderazo de entrega de las primeras 40 unidades de 100 veh\u00edculos de seguridad para disuadir las actividades delictivas que se presentan en el estado.<\/p>\r\n\r\n\r\n\r\n<blockquote class=\"wp-block-quote is-layout-flow wp-block-quote-is-layout-flow\"><p>Con este trabajo renovado en cada una de las regiones de los municipios sigamos trabajando con nuestras fuerzas armadas para recobrar la seguridad y bienestar de nuestra poblaci\u00f3n y vivir en paz y progresar en este estado\u201d, puntualiz\u00f3 Villarreal Anaya.\u00a0 <\/p><\/blockquote>\r\n\r\n\r\n\r\n<p class=\"wp-block-paragraph\">La alcaldesa Carmen Lilia Canturosas manifest\u00f3 que para Nuevo Laredo ser\u00e1n destinadas 13 unidades de la Guardia Estatal&nbsp; y que ahora existe un trabajo en conjunto\r\nentre los tres \u00f3rdenes de gobierno lo que mejorar\u00e1 las acciones para aumentar la seguridad.<\/p>\r\n\r\n\r\n\r\n<blockquote class=\"wp-block-quote is-layout-flow wp-block-quote-is-layout-flow\"><p>Es una importante entrega, porque todos estamos buscando la paz y la prosperidad de nuestro estado, estamos contentos por la apertura que tiene el gobernador con nosotros los alcaldes\u201d, se\u00f1al\u00f3 Canturosas.\u00a0 <\/p><\/blockquote>\r\n\r\n\r\n\r\n<p class=\"wp-block-paragraph\">La presidenta municipal mencion\u00f3 la importancia de trabajar\r\nen conjunto por el bienestar de los ciudadanos y de la voluntad que existe por\r\nparte del gobernador en resolver las problem\u00e1ticas que existen en la entidad. <\/p>\r\n\r\n\r\n\r\n<blockquote class=\"wp-block-quote is-layout-flow wp-block-quote-is-layout-flow\"><p>Para que esta organizaci\u00f3n ahora tenga un sesgo de humanismo, que tenga un sesgo y capacitaci\u00f3n en derechos humanos en el uso controlado de la fuerza y que est\u00e9 siempre velando por los intereses de la sociedad buscando su bienestar y mejor desarrollo\u201d, recalc\u00f3 el gobernador estatal.\u00a0 <\/p><\/blockquote>\r\n\r\n\r\n\r\n<p class=\"wp-block-paragraph\">El secretario de Seguridad P\u00fablica, General de Brigada Diplomado de Estado Mayor Retirado, Sergio Hernando Ch\u00e1vez Garc\u00eda dijo que gracias al esfuerzo que ha desarrollado el gobierno estatal hoy se entregan las primeras unidades.<\/p>\r\n\r\n\r\n\r\n<blockquote class=\"wp-block-quote is-layout-flow wp-block-quote-is-layout-flow\"><p>Esto permitir\u00e1 sumar el esfuerzo que junto con los presidentes municipales estamos desarrollando d\u00eda a d\u00eda para mejorar las condiciones de vida y seguridad que todos los tamaulipecos merecen\u201d, indic\u00f3. La entrega de los veh\u00edculos de la Guardia Estatal se realiz\u00f3 en el municipio de Reynosa, despu\u00e9s de terminar la ceremonia de Honores a la Bandera. <\/p><\/blockquote>\r\n","protected":false},"excerpt":{"rendered":"<p>Las primeras 40 de 100 patrullas para la frontera fueron presentadas en Reynosa, durante la ceremonia de Honores a la Bandera<\/p>\n","protected":false},"author":1,"featured_media":1081,"comment_status":"closed","ping_status":"closed","sticky":false,"template":"","format":"standard","meta":{"_crdt_document":"","_jetpack_memberships_contains_paid_content":false,"footnotes":"","jetpack_publicize_message":"","jetpack_publicize_feature_enabled":true,"jetpack_social_post_already_shared":true,"jetpack_social_options":{"image_generator_settings":{"template":"highway","default_image_id":0,"font":"","enabled":false},"version":2},"_wpas_customize_per_network":false},"categories":[4,11],"tags":[],"class_list":["post-1079","post","type-post","status-publish","format-standard","has-post-thumbnail","hentry","category-los-dos-laredos","category-tamaulipas"],"magazineBlocksPostFeaturedMedia":{"thumbnail":"https:\/\/pornuestrolaredo.com\/wp-content\/uploads\/2022\/11\/Stereo91-20221114-5-150x150.jpg","medium":"https:\/\/pornuestrolaredo.com\/wp-content\/uploads\/2022\/11\/Stereo91-20221114-5-300x200.jpg","medium_large":"https:\/\/pornuestrolaredo.com\/wp-content\/uploads\/2022\/11\/Stereo91-20221114-5-768x513.jpg","large":"https:\/\/pornuestrolaredo.com\/wp-content\/uploads\/2022\/11\/Stereo91-20221114-5-1024x684.jpg","1536x1536":"https:\/\/pornuestrolaredo.com\/wp-content\/uploads\/2022\/11\/Stereo91-20221114-5.jpg","2048x2048":"https:\/\/pornuestrolaredo.com\/wp-content\/uploads\/2022\/11\/Stereo91-20221114-5.jpg","morenews-large":"https:\/\/pornuestrolaredo.com\/wp-content\/uploads\/2022\/11\/Stereo91-20221114-5.jpg","morenews-medium":"https:\/\/pornuestrolaredo.com\/wp-content\/uploads\/2022\/11\/Stereo91-20221114-5.jpg"},"magazineBlocksPostAuthor":{"name":"Redactor","avatar":"https:\/\/pornuestrolaredo.com\/wp-content\/litespeed\/avatar\/dca1d7ec750c399f025f23b0b314f4cf.jpg?ver=1777612120"},"magazineBlocksPostCommentsNumber":false,"magazineBlocksPostExcerpt":"Las primeras 40 de 100 patrullas para la frontera fueron presentadas en Reynosa, durante la ceremonia de Honores a la Bandera","magazineBlocksPostCategories":["Los dos Laredos","Tamaulipas"],"magazineBlocksPostViewCount":129,"magazineBlocksPostReadTime":2,"magazine_blocks_featured_image_url":{"full":["https:\/\/pornuestrolaredo.com\/wp-content\/uploads\/2022\/11\/Stereo91-20221114-5.jpg",1209,807,false],"medium":["https:\/\/pornuestrolaredo.com\/wp-content\/uploads\/2022\/11\/Stereo91-20221114-5-300x200.jpg",300,200,true],"thumbnail":["https:\/\/pornuestrolaredo.com\/wp-content\/uploads\/2022\/11\/Stereo91-20221114-5-150x150.jpg",150,150,true]},"magazine_blocks_author":{"display_name":"Redactor","author_link":"https:\/\/pornuestrolaredo.com\/?author=1"},"magazine_blocks_comment":0,"magazine_blocks_author_image":"https:\/\/pornuestrolaredo.com\/wp-content\/litespeed\/avatar\/dca1d7ec750c399f025f23b0b314f4cf.jpg?ver=1777612120","magazine_blocks_category":"<a href=\"#\" class=\"category-link category-link-4\">Los dos Laredos<\/a> <a href=\"#\" class=\"category-link category-link-11\">Tamaulipas<\/a>","jetpack_publicize_connections":[],"featured_image_urls":{"full":["https:\/\/pornuestrolaredo.com\/wp-content\/uploads\/2022\/11\/Stereo91-20221114-5.jpg",1209,807,false],"thumbnail":["https:\/\/pornuestrolaredo.com\/wp-content\/uploads\/2022\/11\/Stereo91-20221114-5-150x150.jpg",150,150,true],"medium":["https:\/\/pornuestrolaredo.com\/wp-content\/uploads\/2022\/11\/Stereo91-20221114-5-300x200.jpg",300,200,true],"medium_large":["https:\/\/pornuestrolaredo.com\/wp-content\/uploads\/2022\/11\/Stereo91-20221114-5-768x513.jpg",640,428,true],"large":["https:\/\/pornuestrolaredo.com\/wp-content\/uploads\/2022\/11\/Stereo91-20221114-5-1024x684.jpg",640,428,true],"1536x1536":["https:\/\/pornuestrolaredo.com\/wp-content\/uploads\/2022\/11\/Stereo91-20221114-5.jpg",1209,807,false],"2048x2048":["https:\/\/pornuestrolaredo.com\/wp-content\/uploads\/2022\/11\/Stereo91-20221114-5.jpg",1209,807,false],"morenews-large":["https:\/\/pornuestrolaredo.com\/wp-content\/uploads\/2022\/11\/Stereo91-20221114-5.jpg",825,551,false],"morenews-medium":["https:\/\/pornuestrolaredo.com\/wp-content\/uploads\/2022\/11\/Stereo91-20221114-5.jpg",590,394,false]},"author_info":{"info":["Redactor"]},"category_info":"<a href=\"https:\/\/pornuestrolaredo.com\/?cat=4\" rel=\"category\">Los dos Laredos<\/a> <a href=\"https:\/\/pornuestrolaredo.com\/?cat=11\" rel=\"category\">Tamaulipas<\/a>","tag_info":"Tamaulipas","comment_count":"0","jetpack_featured_media_url":"https:\/\/pornuestrolaredo.com\/wp-content\/uploads\/2022\/11\/Stereo91-20221114-5.jpg","jetpack_sharing_enabled":true,"_links":{"self":[{"href":"https:\/\/pornuestrolaredo.com\/index.php?rest_route=\/wp\/v2\/posts\/1079","targetHints":{"allow":["GET"]}}],"collection":[{"href":"https:\/\/pornuestrolaredo.com\/index.php?rest_route=\/wp\/v2\/posts"}],"about":[{"href":"https:\/\/pornuestrolaredo.com\/index.php?rest_route=\/wp\/v2\/types\/post"}],"author":[{"embeddable":true,"href":"https:\/\/pornuestrolaredo.com\/index.php?rest_route=\/wp\/v2\/users\/1"}],"replies":[{"embeddable":true,"href":"https:\/\/pornuestrolaredo.com\/index.php?rest_route=%2Fwp%2Fv2%2Fcomments&post=1079"}],"version-history":[{"count":2,"href":"https:\/\/pornuestrolaredo.com\/index.php?rest_route=\/wp\/v2\/posts\/1079\/revisions"}],"predecessor-version":[{"id":1082,"href":"https:\/\/pornuestrolaredo.com\/index.php?rest_route=\/wp\/v2\/posts\/1079\/revisions\/1082"}],"wp:featuredmedia":[{"embeddable":true,"href":"https:\/\/pornuestrolaredo.com\/index.php?rest_route=\/wp\/v2\/media\/1081"}],"wp:attachment":[{"href":"https:\/\/pornuestrolaredo.com\/index.php?rest_route=%2Fwp%2Fv2%2Fmedia&parent=1079"}],"wp:term":[{"taxonomy":"category","embeddable":true,"href":"https:\/\/pornuestrolaredo.com\/index.php?rest_route=%2Fwp%2Fv2%2Fcategories&post=1079"},{"taxonomy":"post_tag","embeddable":true,"href":"https:\/\/pornuestrolaredo.com\/index.php?rest_route=%2Fwp%2Fv2%2Ftags&post=1079"}],"curies":[{"name":"wp","href":"https:\/\/api.w.org\/{rel}","templated":true}]}}