{"id":1086,"date":"2022-11-14T20:05:51","date_gmt":"2022-11-14T20:05:51","guid":{"rendered":"https:\/\/pornuestrolaredo.com\/?p=1086"},"modified":"2022-11-14T20:05:51","modified_gmt":"2022-11-14T20:05:51","slug":"tendra-nld-primer-evento-tecnologico-de-la-frontera","status":"publish","type":"post","link":"https:\/\/pornuestrolaredo.com\/?p=1086","title":{"rendered":"Tendr\u00e1 NLD primer Evento Tecnol\u00f3gico de la Frontera"},"content":{"rendered":"\r\n<p class=\"wp-block-paragraph\"><strong><em>NUEVO LAREDO.- <\/em><\/strong>Talleres y conferencias con ponentes nacionales e internacionales se ofrecer\u00e1n durante los d\u00edas 16 y 17 de noviembre en el Centro Cultural como parte del Primer Evento Tecnol\u00f3gico en la Frontera.<\/p>\r\n\r\n\r\n\r\n<p class=\"wp-block-paragraph\">El taller est\u00e1 programado en modo h\u00edbrido, es decir, presencial y de manera virtual en la que estar\u00e1n participando ciudades\r\ncomo&nbsp; Acu\u00f1a, Piedras Negras, Nuevo Laredo y zonas cercanas.<\/p>\r\n\r\n\r\n\r\n<p class=\"wp-block-paragraph\">El Gobierno de Nuevo Laredo a trav\u00e9s del Centro de Innovaci\u00f3n Socio econ\u00f3mico y Tecnol\u00f3gico (CIST), en conjunto con la empresa brasile\u00f1a SAISET y GRV Software de Brasil, estar\u00e1n otorgando herramientas necesarias&nbsp; para aplicar la I 4.0 una nueva tendencia tecnol\u00f3gica que ayuda a optimizar y automatizar procesos.<\/p>\r\n\r\n\r\n\r\n<p class=\"wp-block-paragraph\">Luis Alfredo Bueron Guerrero, director del Centro IST, explic\u00f3 que se est\u00e1 invitando a todas las empresas proveedoras de la industria maquiladora a participar en este importante programa donde conocer\u00e1n procesos tecnol\u00f3gicos, sistemas de seguridad, mantenimiento, entre otros.<\/p>\r\n\r\n\r\n\r\n<blockquote class=\"wp-block-quote is-layout-flow wp-block-quote-is-layout-flow\"><p>En este evento traemos todo lo que tiene que ver con la Tecnolog\u00eda 4.0 aplicada, estar\u00e1 participando la empresa brasile\u00f1a SAISET que nos va otorgar dos conferencias donde nos dar\u00e1 informaci\u00f3n de c\u00f3mo puede ayudar la tecnolog\u00eda a las empresas locales, sobre todo en lo que se refiere a reducciones de costos, mejora continua, calidad y eficiencia\u201d, explic\u00f3.<\/p><\/blockquote>\r\n\r\n\r\n\r\n<p class=\"wp-block-paragraph\">Los temas que se abordar\u00e1n durante los talleres y conferencias son: <\/p>\r\n\r\n\r\n\r\n<ul class=\"wp-block-list\"><li>Seguridad (Normativas, regulaciones, relacionadas con tecnolog\u00eda)<\/li><li>Reducci\u00f3n de costos aumentando la calidad del producto<\/li><li>Mejora continua con nuevas tecnolog\u00edas<\/li><li>Calidad, Eficiencia, Productividad en tiempo real<\/li><li>Mantenimientos y tiempos muertos mejorados con la tecnolog\u00eda de vanguardia<\/li><li>Tiempos de entrega con valor agregado<\/li><li>Adquisici\u00f3n de nuevos clientes o procesos<\/li><li>Reducci\u00f3n de rotaci\u00f3n de personal con Inteligencia Artificial y la i4.0<\/li><\/ul>\r\n\r\n\r\n\r\n<p class=\"wp-block-paragraph\">Bueron Guerrero hizo una extensa invitaci\u00f3n a todas las empresas de proveedur\u00eda de la industria maquiladora.<\/p>\r\n\r\n\r\n\r\n<blockquote class=\"wp-block-quote is-layout-flow wp-block-quote-is-layout-flow\"><p>Las empresas participantes podr\u00e1n encontrar en este evento denominado Tecnol\u00f3gico en la Frontera 2022, a las 40 o 50 proveedur\u00edas de la localidad y algunas for\u00e1neas para ver si la tecnolog\u00eda que ellos manejan puede ser adaptada a sus empresas. Vamos a tener industria de fabricaci\u00f3n, as\u00ed como empresas de agencias aduanales, transporte y comercio\u201d, dijo Buer\u00f3n Guerrero.<\/p><\/blockquote>\r\n\r\n\r\n\r\n<p class=\"wp-block-paragraph\">En total se impartir\u00e1n dos talleres y 5 conferencias en un horario de 9 de la ma\u00f1ana a 5 de la tarde, los interesados pueden registrarse en la siguiente p\u00e1gina https:\/\/www.inscribirme.com\/evolucionaomueretecnologicamente <\/p>\r\n","protected":false},"excerpt":{"rendered":"<p>La sede ser\u00e1 el Centro Cultural y habr\u00e1 talleres y conferencias con ponentes nacionales e internacionales<\/p>\n","protected":false},"author":1,"featured_media":1087,"comment_status":"closed","ping_status":"closed","sticky":false,"template":"","format":"standard","meta":{"_crdt_document":"","_jetpack_memberships_contains_paid_content":false,"footnotes":"","jetpack_publicize_message":"","jetpack_publicize_feature_enabled":true,"jetpack_social_post_already_shared":true,"jetpack_social_options":{"image_generator_settings":{"template":"highway","default_image_id":0,"font":"","enabled":false},"version":2},"_wpas_customize_per_network":false},"categories":[4],"tags":[],"class_list":["post-1086","post","type-post","status-publish","format-standard","has-post-thumbnail","hentry","category-los-dos-laredos"],"magazineBlocksPostFeaturedMedia":{"thumbnail":"https:\/\/pornuestrolaredo.com\/wp-content\/uploads\/2022\/11\/PNL-20221114-3-150x150.jpg","medium":"https:\/\/pornuestrolaredo.com\/wp-content\/uploads\/2022\/11\/PNL-20221114-3-300x200.jpg","medium_large":"https:\/\/pornuestrolaredo.com\/wp-content\/uploads\/2022\/11\/PNL-20221114-3-768x512.jpg","large":"https:\/\/pornuestrolaredo.com\/wp-content\/uploads\/2022\/11\/PNL-20221114-3.jpg","1536x1536":"https:\/\/pornuestrolaredo.com\/wp-content\/uploads\/2022\/11\/PNL-20221114-3.jpg","2048x2048":"https:\/\/pornuestrolaredo.com\/wp-content\/uploads\/2022\/11\/PNL-20221114-3.jpg","morenews-large":"https:\/\/pornuestrolaredo.com\/wp-content\/uploads\/2022\/11\/PNL-20221114-3.jpg","morenews-medium":"https:\/\/pornuestrolaredo.com\/wp-content\/uploads\/2022\/11\/PNL-20221114-3.jpg"},"magazineBlocksPostAuthor":{"name":"Redactor","avatar":"https:\/\/pornuestrolaredo.com\/wp-content\/litespeed\/avatar\/dca1d7ec750c399f025f23b0b314f4cf.jpg?ver=1777612120"},"magazineBlocksPostCommentsNumber":false,"magazineBlocksPostExcerpt":"La sede ser\u00e1 el Centro Cultural y habr\u00e1 talleres y conferencias con ponentes nacionales e internacionales","magazineBlocksPostCategories":["Los dos Laredos"],"magazineBlocksPostViewCount":124,"magazineBlocksPostReadTime":3,"magazine_blocks_featured_image_url":{"full":["https:\/\/pornuestrolaredo.com\/wp-content\/uploads\/2022\/11\/PNL-20221114-3.jpg",960,640,false],"medium":["https:\/\/pornuestrolaredo.com\/wp-content\/uploads\/2022\/11\/PNL-20221114-3-300x200.jpg",300,200,true],"thumbnail":["https:\/\/pornuestrolaredo.com\/wp-content\/uploads\/2022\/11\/PNL-20221114-3-150x150.jpg",150,150,true]},"magazine_blocks_author":{"display_name":"Redactor","author_link":"https:\/\/pornuestrolaredo.com\/?author=1"},"magazine_blocks_comment":0,"magazine_blocks_author_image":"https:\/\/pornuestrolaredo.com\/wp-content\/litespeed\/avatar\/dca1d7ec750c399f025f23b0b314f4cf.jpg?ver=1777612120","magazine_blocks_category":"<a href=\"#\" class=\"category-link category-link-4\">Los dos Laredos<\/a>","jetpack_publicize_connections":[],"featured_image_urls":{"full":["https:\/\/pornuestrolaredo.com\/wp-content\/uploads\/2022\/11\/PNL-20221114-3.jpg",960,640,false],"thumbnail":["https:\/\/pornuestrolaredo.com\/wp-content\/uploads\/2022\/11\/PNL-20221114-3-150x150.jpg",150,150,true],"medium":["https:\/\/pornuestrolaredo.com\/wp-content\/uploads\/2022\/11\/PNL-20221114-3-300x200.jpg",300,200,true],"medium_large":["https:\/\/pornuestrolaredo.com\/wp-content\/uploads\/2022\/11\/PNL-20221114-3-768x512.jpg",640,427,true],"large":["https:\/\/pornuestrolaredo.com\/wp-content\/uploads\/2022\/11\/PNL-20221114-3.jpg",640,427,false],"1536x1536":["https:\/\/pornuestrolaredo.com\/wp-content\/uploads\/2022\/11\/PNL-20221114-3.jpg",960,640,false],"2048x2048":["https:\/\/pornuestrolaredo.com\/wp-content\/uploads\/2022\/11\/PNL-20221114-3.jpg",960,640,false],"morenews-large":["https:\/\/pornuestrolaredo.com\/wp-content\/uploads\/2022\/11\/PNL-20221114-3.jpg",825,550,false],"morenews-medium":["https:\/\/pornuestrolaredo.com\/wp-content\/uploads\/2022\/11\/PNL-20221114-3.jpg",590,393,false]},"author_info":{"info":["Redactor"]},"category_info":"<a href=\"https:\/\/pornuestrolaredo.com\/?cat=4\" rel=\"category\">Los dos Laredos<\/a>","tag_info":"Los dos Laredos","comment_count":"0","jetpack_featured_media_url":"https:\/\/pornuestrolaredo.com\/wp-content\/uploads\/2022\/11\/PNL-20221114-3.jpg","jetpack_sharing_enabled":true,"_links":{"self":[{"href":"https:\/\/pornuestrolaredo.com\/index.php?rest_route=\/wp\/v2\/posts\/1086","targetHints":{"allow":["GET"]}}],"collection":[{"href":"https:\/\/pornuestrolaredo.com\/index.php?rest_route=\/wp\/v2\/posts"}],"about":[{"href":"https:\/\/pornuestrolaredo.com\/index.php?rest_route=\/wp\/v2\/types\/post"}],"author":[{"embeddable":true,"href":"https:\/\/pornuestrolaredo.com\/index.php?rest_route=\/wp\/v2\/users\/1"}],"replies":[{"embeddable":true,"href":"https:\/\/pornuestrolaredo.com\/index.php?rest_route=%2Fwp%2Fv2%2Fcomments&post=1086"}],"version-history":[{"count":1,"href":"https:\/\/pornuestrolaredo.com\/index.php?rest_route=\/wp\/v2\/posts\/1086\/revisions"}],"predecessor-version":[{"id":1088,"href":"https:\/\/pornuestrolaredo.com\/index.php?rest_route=\/wp\/v2\/posts\/1086\/revisions\/1088"}],"wp:featuredmedia":[{"embeddable":true,"href":"https:\/\/pornuestrolaredo.com\/index.php?rest_route=\/wp\/v2\/media\/1087"}],"wp:attachment":[{"href":"https:\/\/pornuestrolaredo.com\/index.php?rest_route=%2Fwp%2Fv2%2Fmedia&parent=1086"}],"wp:term":[{"taxonomy":"category","embeddable":true,"href":"https:\/\/pornuestrolaredo.com\/index.php?rest_route=%2Fwp%2Fv2%2Fcategories&post=1086"},{"taxonomy":"post_tag","embeddable":true,"href":"https:\/\/pornuestrolaredo.com\/index.php?rest_route=%2Fwp%2Fv2%2Ftags&post=1086"}],"curies":[{"name":"wp","href":"https:\/\/api.w.org\/{rel}","templated":true}]}}