{"id":1098,"date":"2022-11-15T20:06:41","date_gmt":"2022-11-15T20:06:41","guid":{"rendered":"https:\/\/pornuestrolaredo.com\/?p=1098"},"modified":"2022-11-15T20:06:41","modified_gmt":"2022-11-15T20:06:41","slug":"bajara-aun-mas-la-temperatura-en-los-dos-laredos","status":"publish","type":"post","link":"https:\/\/pornuestrolaredo.com\/?p=1098","title":{"rendered":"Bajar\u00e1 a\u00fan m\u00e1s la temperatura en los dos Laredos"},"content":{"rendered":"\r\n<p class=\"wp-block-paragraph\"><strong><em>LOS DOS LAREDOS.-<\/em><\/strong> El frente fr\u00edo n\u00famero 9 ya est\u00e1 sobre los dos Laredos y traer\u00e1 temperaturas fr\u00edas por las ma\u00f1anas y por lo menos hasta el domingo. El s\u00e1bado, ser\u00e1 el d\u00eda m\u00e1s fr\u00edo de lo que va de la temporada oto\u00f1o-invierno con m\u00e1xima de apenas 9 grados cent\u00edgrados (49F), m\u00ednima de 6 cent\u00edgrados (43F) y 73 por ciento de posibilidades de lluvias.<\/p>\r\n\r\n\r\n\r\n<p class=\"wp-block-paragraph\">El Servicio\r\nMeteorol\u00f3gico Nacional de Estados Unidos (NWS, por sus siglas en ingl\u00e9s) anunci\u00f3 la tarde de este martes 15 de noviembre que el frente fr\u00edo ya hab\u00eda ingresado al norte de M\u00e9xico y se hallaba a la altura de Monterrey.<\/p>\r\n\r\n\r\n\r\n<p class=\"wp-block-paragraph\">La llegada del\r\nfrente fr\u00edo 9 se combina con los restos del 8 y har\u00e1 que desde este martes y hasta el domingo las temperaturas por las tardes sean frescas, entre los 15 y\r\nlos 9 grados cent\u00edgrados (58 y 49F) y las ma\u00f1anas y noches fr\u00edas, entre los 9 y 6 cent\u00edgrados (43 y 48F).<\/p>\r\n\r\n\r\n\r\n<p class=\"wp-block-paragraph\">Habr\u00e1\r\nposibilidades de lluvia este viernes por la noche, de hasta 63 por ciento y la madrugada del s\u00e1bado, de 73 por ciento, aunque no se descartan el domingo. No\r\n e espera que sean particularmente fuertes.<\/p>\r\n\r\n\r\n\r\n<p class=\"wp-block-paragraph\">A la 1:45 de la tarde de este martes se hab\u00edan alcanzado los 16 grados cent\u00edgrados, a apenas un grado de llegar a la m\u00e1xima temperatura a la que llegar\u00e1 el term\u00f3metro desde hoy y hasta el domingo.<\/p>\r\n\r\n\r\n\r\n<p class=\"wp-block-paragraph\">Se recomienda salir abrigado de casa o el trabajo, pues los cambios ser\u00e1n notorios tan pronto como se oculte el sol y se dejen sentir las temperaturas de un d\u00edgito que reinar\u00e1n desde las noches y hasta la ma\u00f1ana del d\u00eda siguiente. Cu\u00eddese.<\/p>\r\n\r\n\r\n\r\n<p class=\"wp-block-paragraph\"><strong>EL PRON\u00d3STICO<\/strong><\/p>\r\n\r\n\r\n\r\n<p class=\"wp-block-paragraph\">Martes<\/p>\r\n\r\n\r\n\r\n<ul class=\"wp-block-list\"><li>M\u00e1xima 17C\/63F\u00a0\u00a0\u00a0\u00a0\u00a0\u00a0\u00a0 M\u00ednima 7C\/44F<\/li><li>Probabilidades de lluvia: 1%<\/li><\/ul>\r\n\r\n\r\n\r\n<p class=\"wp-block-paragraph\">Mi\u00e9rcoles<\/p>\r\n\r\n\r\n\r\n<ul class=\"wp-block-list\"><li>M\u00e1xima 14C\/57F\u00a0\u00a0\u00a0\u00a0\u00a0\u00a0\u00a0 M\u00ednima 8C\/47F<\/li><li>Probabilidades de lluvia: 1%<\/li><\/ul>\r\n\r\n\r\n\r\n<p class=\"wp-block-paragraph\">Jueves<\/p>\r\n\r\n\r\n\r\n<ul class=\"wp-block-list\"><li>M\u00e1xima 15C\/58F\u00a0\u00a0\u00a0\u00a0\u00a0\u00a0\u00a0 M\u00ednima 9C\/48F<\/li><li>Probabilidades de lluvia: 1%<\/li><\/ul>\r\n\r\n\r\n\r\n<p class=\"wp-block-paragraph\">Viernes<\/p>\r\n\r\n\r\n\r\n<ul class=\"wp-block-list\"><li>M\u00e1xima 13C\/56F\u00a0\u00a0\u00a0\u00a0\u00a0\u00a0\u00a0 M\u00ednima 7C\/45F<\/li><li>Probabilidades de lluvia: 63%<\/li><\/ul>\r\n\r\n\r\n\r\n<p class=\"wp-block-paragraph\">S\u00e1bado<\/p>\r\n\r\n\r\n\r\n<ul class=\"wp-block-list\"><li>M\u00e1xima 9C\/49F\u00a0\u00a0\u00a0\u00a0\u00a0\u00a0\u00a0\u00a0\u00a0 M\u00ednima 6C\/44F<\/li><li>Probabilidades de lluvia: 73%<\/li><\/ul>\r\n\r\n\r\n\r\n<p class=\"wp-block-paragraph\">Domingo<\/p>\r\n\r\n\r\n\r\n<ul class=\"wp-block-list\"><li>M\u00e1xima 11C\/51F\u00a0\u00a0\u00a0\u00a0\u00a0\u00a0\u00a0 M\u00ednima 6C\/43F<\/li><li>Probabilidades de lluvia: 50% <\/li><\/ul>\r\n","protected":false},"excerpt":{"rendered":"<p>Arriba el frente fr\u00edo n\u00famero 9, el m\u00e1s intenso hasta ahora de la temporada oto\u00f1o-invierno<\/p>\n","protected":false},"author":1,"featured_media":1100,"comment_status":"closed","ping_status":"closed","sticky":false,"template":"","format":"standard","meta":{"_crdt_document":"","_jetpack_memberships_contains_paid_content":false,"footnotes":"","jetpack_publicize_message":"","jetpack_publicize_feature_enabled":true,"jetpack_social_post_already_shared":true,"jetpack_social_options":{"image_generator_settings":{"template":"highway","default_image_id":0,"font":"","enabled":false},"version":2},"_wpas_customize_per_network":false},"categories":[4],"tags":[],"class_list":["post-1098","post","type-post","status-publish","format-standard","has-post-thumbnail","hentry","category-los-dos-laredos"],"magazineBlocksPostFeaturedMedia":{"thumbnail":"https:\/\/pornuestrolaredo.com\/wp-content\/uploads\/2022\/11\/Captura-de-Pantalla-2022-11-15-a-las-13.35.31-150x150.png","medium":"https:\/\/pornuestrolaredo.com\/wp-content\/uploads\/2022\/11\/Captura-de-Pantalla-2022-11-15-a-las-13.35.31-300x128.png","medium_large":"https:\/\/pornuestrolaredo.com\/wp-content\/uploads\/2022\/11\/Captura-de-Pantalla-2022-11-15-a-las-13.35.31-768x328.png","large":"https:\/\/pornuestrolaredo.com\/wp-content\/uploads\/2022\/11\/Captura-de-Pantalla-2022-11-15-a-las-13.35.31-1024x437.png","1536x1536":"https:\/\/pornuestrolaredo.com\/wp-content\/uploads\/2022\/11\/Captura-de-Pantalla-2022-11-15-a-las-13.35.31.png","2048x2048":"https:\/\/pornuestrolaredo.com\/wp-content\/uploads\/2022\/11\/Captura-de-Pantalla-2022-11-15-a-las-13.35.31.png","morenews-large":"https:\/\/pornuestrolaredo.com\/wp-content\/uploads\/2022\/11\/Captura-de-Pantalla-2022-11-15-a-las-13.35.31.png","morenews-medium":"https:\/\/pornuestrolaredo.com\/wp-content\/uploads\/2022\/11\/Captura-de-Pantalla-2022-11-15-a-las-13.35.31.png"},"magazineBlocksPostAuthor":{"name":"Redactor","avatar":"https:\/\/pornuestrolaredo.com\/wp-content\/litespeed\/avatar\/dca1d7ec750c399f025f23b0b314f4cf.jpg?ver=1777612120"},"magazineBlocksPostCommentsNumber":false,"magazineBlocksPostExcerpt":"Arriba el frente fr\u00edo n\u00famero 9, el m\u00e1s intenso hasta ahora de la temporada oto\u00f1o-invierno","magazineBlocksPostCategories":["Los dos Laredos"],"magazineBlocksPostViewCount":113,"magazineBlocksPostReadTime":2,"magazine_blocks_featured_image_url":{"full":["https:\/\/pornuestrolaredo.com\/wp-content\/uploads\/2022\/11\/Captura-de-Pantalla-2022-11-15-a-las-13.35.31.png",1421,606,false],"medium":["https:\/\/pornuestrolaredo.com\/wp-content\/uploads\/2022\/11\/Captura-de-Pantalla-2022-11-15-a-las-13.35.31-300x128.png",300,128,true],"thumbnail":["https:\/\/pornuestrolaredo.com\/wp-content\/uploads\/2022\/11\/Captura-de-Pantalla-2022-11-15-a-las-13.35.31-150x150.png",150,150,true]},"magazine_blocks_author":{"display_name":"Redactor","author_link":"https:\/\/pornuestrolaredo.com\/?author=1"},"magazine_blocks_comment":0,"magazine_blocks_author_image":"https:\/\/pornuestrolaredo.com\/wp-content\/litespeed\/avatar\/dca1d7ec750c399f025f23b0b314f4cf.jpg?ver=1777612120","magazine_blocks_category":"<a href=\"#\" class=\"category-link category-link-4\">Los dos Laredos<\/a>","jetpack_publicize_connections":[],"featured_image_urls":{"full":["https:\/\/pornuestrolaredo.com\/wp-content\/uploads\/2022\/11\/Captura-de-Pantalla-2022-11-15-a-las-13.35.31.png",1421,606,false],"thumbnail":["https:\/\/pornuestrolaredo.com\/wp-content\/uploads\/2022\/11\/Captura-de-Pantalla-2022-11-15-a-las-13.35.31-150x150.png",150,150,true],"medium":["https:\/\/pornuestrolaredo.com\/wp-content\/uploads\/2022\/11\/Captura-de-Pantalla-2022-11-15-a-las-13.35.31-300x128.png",300,128,true],"medium_large":["https:\/\/pornuestrolaredo.com\/wp-content\/uploads\/2022\/11\/Captura-de-Pantalla-2022-11-15-a-las-13.35.31-768x328.png",640,273,true],"large":["https:\/\/pornuestrolaredo.com\/wp-content\/uploads\/2022\/11\/Captura-de-Pantalla-2022-11-15-a-las-13.35.31-1024x437.png",640,273,true],"1536x1536":["https:\/\/pornuestrolaredo.com\/wp-content\/uploads\/2022\/11\/Captura-de-Pantalla-2022-11-15-a-las-13.35.31.png",1421,606,false],"2048x2048":["https:\/\/pornuestrolaredo.com\/wp-content\/uploads\/2022\/11\/Captura-de-Pantalla-2022-11-15-a-las-13.35.31.png",1421,606,false],"morenews-large":["https:\/\/pornuestrolaredo.com\/wp-content\/uploads\/2022\/11\/Captura-de-Pantalla-2022-11-15-a-las-13.35.31.png",825,352,false],"morenews-medium":["https:\/\/pornuestrolaredo.com\/wp-content\/uploads\/2022\/11\/Captura-de-Pantalla-2022-11-15-a-las-13.35.31.png",590,252,false]},"author_info":{"info":["Redactor"]},"category_info":"<a href=\"https:\/\/pornuestrolaredo.com\/?cat=4\" rel=\"category\">Los dos Laredos<\/a>","tag_info":"Los dos Laredos","comment_count":"0","jetpack_featured_media_url":"https:\/\/pornuestrolaredo.com\/wp-content\/uploads\/2022\/11\/Captura-de-Pantalla-2022-11-15-a-las-13.35.31.png","jetpack_sharing_enabled":true,"_links":{"self":[{"href":"https:\/\/pornuestrolaredo.com\/index.php?rest_route=\/wp\/v2\/posts\/1098","targetHints":{"allow":["GET"]}}],"collection":[{"href":"https:\/\/pornuestrolaredo.com\/index.php?rest_route=\/wp\/v2\/posts"}],"about":[{"href":"https:\/\/pornuestrolaredo.com\/index.php?rest_route=\/wp\/v2\/types\/post"}],"author":[{"embeddable":true,"href":"https:\/\/pornuestrolaredo.com\/index.php?rest_route=\/wp\/v2\/users\/1"}],"replies":[{"embeddable":true,"href":"https:\/\/pornuestrolaredo.com\/index.php?rest_route=%2Fwp%2Fv2%2Fcomments&post=1098"}],"version-history":[{"count":2,"href":"https:\/\/pornuestrolaredo.com\/index.php?rest_route=\/wp\/v2\/posts\/1098\/revisions"}],"predecessor-version":[{"id":1101,"href":"https:\/\/pornuestrolaredo.com\/index.php?rest_route=\/wp\/v2\/posts\/1098\/revisions\/1101"}],"wp:featuredmedia":[{"embeddable":true,"href":"https:\/\/pornuestrolaredo.com\/index.php?rest_route=\/wp\/v2\/media\/1100"}],"wp:attachment":[{"href":"https:\/\/pornuestrolaredo.com\/index.php?rest_route=%2Fwp%2Fv2%2Fmedia&parent=1098"}],"wp:term":[{"taxonomy":"category","embeddable":true,"href":"https:\/\/pornuestrolaredo.com\/index.php?rest_route=%2Fwp%2Fv2%2Fcategories&post=1098"},{"taxonomy":"post_tag","embeddable":true,"href":"https:\/\/pornuestrolaredo.com\/index.php?rest_route=%2Fwp%2Fv2%2Ftags&post=1098"}],"curies":[{"name":"wp","href":"https:\/\/api.w.org\/{rel}","templated":true}]}}