{"id":1105,"date":"2022-11-16T19:30:54","date_gmt":"2022-11-16T19:30:54","guid":{"rendered":"https:\/\/pornuestrolaredo.com\/?p=1105"},"modified":"2022-11-16T19:30:54","modified_gmt":"2022-11-16T19:30:54","slug":"este-viernes-el-megapuente-para-estudiantes","status":"publish","type":"post","link":"https:\/\/pornuestrolaredo.com\/?p=1105","title":{"rendered":"Este viernes, el \u2018megapuente\u2019 para estudiantes"},"content":{"rendered":"\r\n<p class=\"wp-block-paragraph\"><strong><em>NUEVO LAREDO.- <\/em><\/strong>Cuando falta menos de dos meses para que se acabe el a\u00f1o, a\u00fan falta un \u201cmegapuente\u201d del que gozar\u00e1n estudiantes de preescolar, primaria y secundaria\u2026 \u00a1y algunos pap\u00e1s!<\/p>\r\n\r\n\r\n\r\n<p class=\"wp-block-paragraph\">Por lo pronto, muchos pap\u00e1s \u2013y algunos que no lo son\u2014gozar\u00e1n tres d\u00edas consecutivos de descanso. No ir\u00e1n a trabajar s\u00e1bado, domingo \u00a1y lunes por que es festivo!<\/p>\r\n\r\n\r\n\r\n<p class=\"wp-block-paragraph\">La Ley Federal del Trabajo indica que hay un d\u00eda oficial por lo que los trabajadores podr\u00e1n descansar tres d\u00edas consecutivos con ese puente, mientras que el calendario de la SEP 2022-2023 indica que los estudiantes de educaci\u00f3n b\u00e1sica tendr\u00e1n un megapuente.<\/p>\r\n\r\n\r\n\r\n<p class=\"wp-block-paragraph\">De acuerdo con el art\u00edculo 75 de la Ley Federal del Trabajo, el tercer lunes de noviembre los trabajadores deben tomar un descanso obligatorio en el marco de la Revoluci\u00f3n Mexicana que este a\u00f1o cae en domingo. Por lo tanto, los empleados podr\u00e1n disfrutar el s\u00e1bado 19, domingo 20 y lunes 21 de descanso y en caso de que tengan que trabajar el empleador deber\u00e1 pagar el d\u00eda al triple.<\/p>\r\n\r\n\r\n\r\n<p class=\"wp-block-paragraph\">La Ley Federal del Trabajo establece que los trabajadores tendr\u00e1n derecho a recibir el pago doble de su salario por el d\u00eda de descanso laborado, independientemente del salario que les corresponda por dicho d\u00eda.<\/p>\r\n\r\n\r\n\r\n<p class=\"wp-block-paragraph\" style=\"text-align:center\"><strong>MEGAPUENTE PARA EDUCACI\u00d3N B\u00c1SICA<\/strong><\/p>\r\n\r\n\r\n\r\n<p class=\"wp-block-paragraph\">El calendario de la Secretar\u00eda de Educaci\u00f3n P\u00fablica (SEP) indica que el viernes 18 de noviembre no habr\u00e1 clases en nivel b\u00e1sico por descarga administrativa y el lunes 21 de noviembre es el puente con motivo de la Revoluci\u00f3n Mexicana, por lo que los alumnos podr\u00e1n disfrutar de cuatro d\u00edas consecutivos sin clases, es decir, un megapuente.<\/p>\r\n\r\n\r\n\r\n<p class=\"wp-block-paragraph\">El viernes 25 de noviembre tampoco habr\u00e1 clases ya que los maestros realizar\u00e1n el Consejo T\u00e9cnico Escolar y Taller Intensivo de Formaci\u00f3n Continua para Docentes, por lo que ser\u00e1 el segundo puente del mes de noviembre 2022.<\/p>\r\n\r\n\r\n\r\n<p class=\"wp-block-paragraph\" style=\"text-align:center\"><strong>DESCANSOS OBLIGATORIOS DICIEMBRE 2022<\/strong><\/p>\r\n\r\n\r\n\r\n<p class=\"wp-block-paragraph\">Lamentablemente para los trabajadores, en diciembre de 2022 solo hay un d\u00eda obligatorio de descanso y es casi a final de mes. Se trata del domingo 25 de diciembre por Navidad. <\/p>\r\n","protected":false},"excerpt":{"rendered":"<p>Algunos pap\u00e1s gozar\u00e1n de tres d\u00edas consecutivos de descanso: s\u00e1bado, domingo y lunes<\/p>\n","protected":false},"author":1,"featured_media":1106,"comment_status":"closed","ping_status":"closed","sticky":false,"template":"","format":"standard","meta":{"_crdt_document":"","_jetpack_memberships_contains_paid_content":false,"footnotes":"","jetpack_publicize_message":"","jetpack_publicize_feature_enabled":true,"jetpack_social_post_already_shared":true,"jetpack_social_options":{"image_generator_settings":{"template":"highway","default_image_id":0,"font":"","enabled":false},"version":2},"_wpas_customize_per_network":false},"categories":[4],"tags":[],"class_list":["post-1105","post","type-post","status-publish","format-standard","has-post-thumbnail","hentry","category-los-dos-laredos"],"magazineBlocksPostFeaturedMedia":{"thumbnail":"https:\/\/pornuestrolaredo.com\/wp-content\/uploads\/2022\/11\/Stereo91-20221116-1-150x150.jpeg","medium":"https:\/\/pornuestrolaredo.com\/wp-content\/uploads\/2022\/11\/Stereo91-20221116-1-300x220.jpeg","medium_large":"https:\/\/pornuestrolaredo.com\/wp-content\/uploads\/2022\/11\/Stereo91-20221116-1-768x563.jpeg","large":"https:\/\/pornuestrolaredo.com\/wp-content\/uploads\/2022\/11\/Stereo91-20221116-1-1024x751.jpeg","1536x1536":"https:\/\/pornuestrolaredo.com\/wp-content\/uploads\/2022\/11\/Stereo91-20221116-1-1536x1126.jpeg","2048x2048":"https:\/\/pornuestrolaredo.com\/wp-content\/uploads\/2022\/11\/Stereo91-20221116-1.jpeg","morenews-large":"https:\/\/pornuestrolaredo.com\/wp-content\/uploads\/2022\/11\/Stereo91-20221116-1.jpeg","morenews-medium":"https:\/\/pornuestrolaredo.com\/wp-content\/uploads\/2022\/11\/Stereo91-20221116-1.jpeg"},"magazineBlocksPostAuthor":{"name":"Redactor","avatar":"https:\/\/pornuestrolaredo.com\/wp-content\/litespeed\/avatar\/dca1d7ec750c399f025f23b0b314f4cf.jpg?ver=1777612120"},"magazineBlocksPostCommentsNumber":false,"magazineBlocksPostExcerpt":"Algunos pap\u00e1s gozar\u00e1n de tres d\u00edas consecutivos de descanso: s\u00e1bado, domingo y lunes","magazineBlocksPostCategories":["Los dos Laredos"],"magazineBlocksPostViewCount":120,"magazineBlocksPostReadTime":2,"magazine_blocks_featured_image_url":{"full":["https:\/\/pornuestrolaredo.com\/wp-content\/uploads\/2022\/11\/Stereo91-20221116-1.jpeg",1600,1173,false],"medium":["https:\/\/pornuestrolaredo.com\/wp-content\/uploads\/2022\/11\/Stereo91-20221116-1-300x220.jpeg",300,220,true],"thumbnail":["https:\/\/pornuestrolaredo.com\/wp-content\/uploads\/2022\/11\/Stereo91-20221116-1-150x150.jpeg",150,150,true]},"magazine_blocks_author":{"display_name":"Redactor","author_link":"https:\/\/pornuestrolaredo.com\/?author=1"},"magazine_blocks_comment":0,"magazine_blocks_author_image":"https:\/\/pornuestrolaredo.com\/wp-content\/litespeed\/avatar\/dca1d7ec750c399f025f23b0b314f4cf.jpg?ver=1777612120","magazine_blocks_category":"<a href=\"#\" class=\"category-link category-link-4\">Los dos Laredos<\/a>","jetpack_publicize_connections":[],"featured_image_urls":{"full":["https:\/\/pornuestrolaredo.com\/wp-content\/uploads\/2022\/11\/Stereo91-20221116-1.jpeg",1600,1173,false],"thumbnail":["https:\/\/pornuestrolaredo.com\/wp-content\/uploads\/2022\/11\/Stereo91-20221116-1-150x150.jpeg",150,150,true],"medium":["https:\/\/pornuestrolaredo.com\/wp-content\/uploads\/2022\/11\/Stereo91-20221116-1-300x220.jpeg",300,220,true],"medium_large":["https:\/\/pornuestrolaredo.com\/wp-content\/uploads\/2022\/11\/Stereo91-20221116-1-768x563.jpeg",640,469,true],"large":["https:\/\/pornuestrolaredo.com\/wp-content\/uploads\/2022\/11\/Stereo91-20221116-1-1024x751.jpeg",640,469,true],"1536x1536":["https:\/\/pornuestrolaredo.com\/wp-content\/uploads\/2022\/11\/Stereo91-20221116-1-1536x1126.jpeg",1536,1126,true],"2048x2048":["https:\/\/pornuestrolaredo.com\/wp-content\/uploads\/2022\/11\/Stereo91-20221116-1.jpeg",1600,1173,false],"morenews-large":["https:\/\/pornuestrolaredo.com\/wp-content\/uploads\/2022\/11\/Stereo91-20221116-1.jpeg",784,575,false],"morenews-medium":["https:\/\/pornuestrolaredo.com\/wp-content\/uploads\/2022\/11\/Stereo91-20221116-1.jpeg",559,410,false]},"author_info":{"info":["Redactor"]},"category_info":"<a href=\"https:\/\/pornuestrolaredo.com\/?cat=4\" rel=\"category\">Los dos Laredos<\/a>","tag_info":"Los dos Laredos","comment_count":"0","jetpack_featured_media_url":"https:\/\/pornuestrolaredo.com\/wp-content\/uploads\/2022\/11\/Stereo91-20221116-1.jpeg","jetpack_sharing_enabled":true,"_links":{"self":[{"href":"https:\/\/pornuestrolaredo.com\/index.php?rest_route=\/wp\/v2\/posts\/1105","targetHints":{"allow":["GET"]}}],"collection":[{"href":"https:\/\/pornuestrolaredo.com\/index.php?rest_route=\/wp\/v2\/posts"}],"about":[{"href":"https:\/\/pornuestrolaredo.com\/index.php?rest_route=\/wp\/v2\/types\/post"}],"author":[{"embeddable":true,"href":"https:\/\/pornuestrolaredo.com\/index.php?rest_route=\/wp\/v2\/users\/1"}],"replies":[{"embeddable":true,"href":"https:\/\/pornuestrolaredo.com\/index.php?rest_route=%2Fwp%2Fv2%2Fcomments&post=1105"}],"version-history":[{"count":1,"href":"https:\/\/pornuestrolaredo.com\/index.php?rest_route=\/wp\/v2\/posts\/1105\/revisions"}],"predecessor-version":[{"id":1107,"href":"https:\/\/pornuestrolaredo.com\/index.php?rest_route=\/wp\/v2\/posts\/1105\/revisions\/1107"}],"wp:featuredmedia":[{"embeddable":true,"href":"https:\/\/pornuestrolaredo.com\/index.php?rest_route=\/wp\/v2\/media\/1106"}],"wp:attachment":[{"href":"https:\/\/pornuestrolaredo.com\/index.php?rest_route=%2Fwp%2Fv2%2Fmedia&parent=1105"}],"wp:term":[{"taxonomy":"category","embeddable":true,"href":"https:\/\/pornuestrolaredo.com\/index.php?rest_route=%2Fwp%2Fv2%2Fcategories&post=1105"},{"taxonomy":"post_tag","embeddable":true,"href":"https:\/\/pornuestrolaredo.com\/index.php?rest_route=%2Fwp%2Fv2%2Ftags&post=1105"}],"curies":[{"name":"wp","href":"https:\/\/api.w.org\/{rel}","templated":true}]}}