{"id":1111,"date":"2022-11-16T20:23:02","date_gmt":"2022-11-16T20:23:02","guid":{"rendered":"https:\/\/pornuestrolaredo.com\/?p=1111"},"modified":"2022-11-16T20:23:02","modified_gmt":"2022-11-16T20:23:02","slug":"lanzan-primer-cohete-a-la-luna-en-50-anos","status":"publish","type":"post","link":"https:\/\/pornuestrolaredo.com\/?p=1111","title":{"rendered":"Lanzan primer cohete a la Luna en 50 a\u00f1os"},"content":{"rendered":"\r\n<p class=\"wp-block-paragraph\"><strong><em>CABO CA\u00d1AVERAL, Florida.- <\/em><\/strong>El nuevo cohete lunar de la NASA despeg\u00f3 el mi\u00e9rcoles de madrugada en su primer vuelo con tres mu\u00f1ecos de prueba, un paso crucial para que Estados Unidos vuelva a llevar astronautas a la superficie lunar por primera vez desde el final del programa Apollo hace 50 a\u00f1os.<\/p>\r\n\r\n\r\n\r\n<p class=\"wp-block-paragraph\">Si todo sale bien durante el decisivo vuelo de tres semanas, la c\u00e1psula vac\u00eda de tripulaci\u00f3n entrar\u00e1 en una amplia \u00f3rbita en torno a la Luna y despu\u00e9s regresar\u00e1 a la Tierra con un amerizaje en el Pac\u00edfico en diciembre.<\/p>\r\n\r\n\r\n\r\n<p class=\"wp-block-paragraph\">Tras a\u00f1os de demoras y miles de millones de d\u00f3lares en sobrecostes, el Sistema de Lanzamiento Espacial despeg\u00f3 del Centro Espacial Kennedy y alcanz\u00f3 los 160 kil\u00f3metros (100 millas) por hora en cuesti\u00f3n de segundos. La c\u00e1psula Ori\u00f3n, colocada en la parte superior, se separ\u00f3 del cohete\r\ntras menos de dos horas de vuelo para dirigirse hacia la Luna.<\/p>\r\n\r\n\r\n\r\n<blockquote class=\"wp-block-quote is-layout-flow wp-block-quote-is-layout-flow\"><p>Es un gran d\u00eda\u201d, dijo el administrador de la NASA, Bill Nelson.<\/p><\/blockquote>\r\n\r\n\r\n\r\n<p class=\"wp-block-paragraph\">El lanzamiento se complet\u00f3 tras casi tres meses de exasperantes fugas de combustibles que tuvieron al cohete yendo y viniendo entre el hangar y la plataforma. El hurac\u00e1n Ian oblig\u00f3 a guardarlo bajo techo a finales de septiembre, aunque la semana pasada aguant\u00f3 al aire libre cuando Nicole pas\u00f3 por la zona con r\u00e1fagas de m\u00e1s de 130 kil\u00f3metros (80 millas) por hora. Aunque el viento caus\u00f3 algunos da\u00f1os, los responsables dieron luz verde al lanzamiento.<\/p>\r\n\r\n\r\n\r\n<p class=\"wp-block-paragraph\">Se estimaba que unas 15 mil personas llenaron la zona del lanzamiento, y miles m\u00e1s acudieron a las playas y carreteras cercanas para presenciar la esperada heredera del Proyecto Apollo, que llev\u00f3 a 12 astronautas a la Luna entre 1969 y 1972. Tambi\u00e9n se formaron multitudes ante los centros de la NASA en Houston y Huntsville, Alabama, para ver el espect\u00e1culo en pantallas gigantes.<\/p>\r\n\r\n\r\n\r\n<p class=\"wp-block-paragraph\">La gente estall\u00f3 en v\u00edtores cuando el cohete se elev\u00f3 hacia el espacio, dejando un enorme rastro de llamas. Los edificios temblaron como remecidos por un terremoto.<\/p>\r\n\r\n\r\n\r\n<blockquote class=\"wp-block-quote is-layout-flow wp-block-quote-is-layout-flow\"><p>Para la generaci\u00f3n Artemisa, esto es para ustedes\u201d, dijo la directora de lanzamiento, Charlie Blackwell-Thompson, poco antes del despegue, en referencia a los nacidos despu\u00e9s del Programa Apollo.<\/p><\/blockquote>\r\n\r\n\r\n\r\n<p class=\"wp-block-paragraph\">El despegue era el inicio del programa de exploraci\u00f3n lunar Artemisa de la NASA, bautizado por la hermana melliza de Apollo en la mitolog\u00eda griega. La agencia espacial quiere enviar cuatro astronautas para orbitar en torno a la Luna en el siguiente vuelo, en 2024, y llevar humanos a la superficie del sat\u00e9lite a partir de 2025.<\/p>\r\n\r\n\r\n\r\n<blockquote class=\"wp-block-quote is-layout-flow wp-block-quote-is-layout-flow\"><p>Se han ganado ustedes su lugar en la historia\u201d, dijo Blackwell-Thompson a su equipo tras el despegue. \u201cForman parte de una primera vez. No ocurre muy a mundo. Una vez por carrera, quiz\u00e1. Pero todos formamos parte algo incre\u00edblemente especial: el primer lanzamiento de Artemisa. El primer paso para volver a llevar nuestro pa\u00eds a la Luna y a Marte\u201d.<\/p><\/blockquote>\r\n","protected":false},"excerpt":{"rendered":"<p>La nave va \u2018tripulada\u2019 con tres mu\u00f1ecos de prueba, un paso crucial para que Estados Unidos vuelva a llevar astronautas a la superficie lunar<\/p>\n","protected":false},"author":1,"featured_media":1112,"comment_status":"closed","ping_status":"closed","sticky":false,"template":"","format":"standard","meta":{"_crdt_document":"","_jetpack_memberships_contains_paid_content":false,"footnotes":"","jetpack_publicize_message":"","jetpack_publicize_feature_enabled":true,"jetpack_social_post_already_shared":true,"jetpack_social_options":{"image_generator_settings":{"template":"highway","default_image_id":0,"font":"","enabled":false},"version":2},"_wpas_customize_per_network":false},"categories":[9],"tags":[],"class_list":["post-1111","post","type-post","status-publish","format-standard","has-post-thumbnail","hentry","category-el-mundo"],"magazineBlocksPostFeaturedMedia":{"thumbnail":"https:\/\/pornuestrolaredo.com\/wp-content\/uploads\/2022\/11\/Stereo91-20221116-3-150x150.jpeg","medium":"https:\/\/pornuestrolaredo.com\/wp-content\/uploads\/2022\/11\/Stereo91-20221116-3-300x200.jpeg","medium_large":"https:\/\/pornuestrolaredo.com\/wp-content\/uploads\/2022\/11\/Stereo91-20221116-3-768x512.jpeg","large":"https:\/\/pornuestrolaredo.com\/wp-content\/uploads\/2022\/11\/Stereo91-20221116-3.jpeg","1536x1536":"https:\/\/pornuestrolaredo.com\/wp-content\/uploads\/2022\/11\/Stereo91-20221116-3.jpeg","2048x2048":"https:\/\/pornuestrolaredo.com\/wp-content\/uploads\/2022\/11\/Stereo91-20221116-3.jpeg","morenews-large":"https:\/\/pornuestrolaredo.com\/wp-content\/uploads\/2022\/11\/Stereo91-20221116-3.jpeg","morenews-medium":"https:\/\/pornuestrolaredo.com\/wp-content\/uploads\/2022\/11\/Stereo91-20221116-3.jpeg"},"magazineBlocksPostAuthor":{"name":"Redactor","avatar":"https:\/\/pornuestrolaredo.com\/wp-content\/litespeed\/avatar\/dca1d7ec750c399f025f23b0b314f4cf.jpg?ver=1777612120"},"magazineBlocksPostCommentsNumber":false,"magazineBlocksPostExcerpt":"La nave va \u2018tripulada\u2019 con tres mu\u00f1ecos de prueba, un paso crucial para que Estados Unidos vuelva a llevar astronautas a la superficie lunar","magazineBlocksPostCategories":["El Mundo"],"magazineBlocksPostViewCount":129,"magazineBlocksPostReadTime":3,"magazine_blocks_featured_image_url":{"full":["https:\/\/pornuestrolaredo.com\/wp-content\/uploads\/2022\/11\/Stereo91-20221116-3.jpeg",1000,667,false],"medium":["https:\/\/pornuestrolaredo.com\/wp-content\/uploads\/2022\/11\/Stereo91-20221116-3-300x200.jpeg",300,200,true],"thumbnail":["https:\/\/pornuestrolaredo.com\/wp-content\/uploads\/2022\/11\/Stereo91-20221116-3-150x150.jpeg",150,150,true]},"magazine_blocks_author":{"display_name":"Redactor","author_link":"https:\/\/pornuestrolaredo.com\/?author=1"},"magazine_blocks_comment":0,"magazine_blocks_author_image":"https:\/\/pornuestrolaredo.com\/wp-content\/litespeed\/avatar\/dca1d7ec750c399f025f23b0b314f4cf.jpg?ver=1777612120","magazine_blocks_category":"<a href=\"#\" class=\"category-link category-link-9\">El Mundo<\/a>","jetpack_publicize_connections":[],"featured_image_urls":{"full":["https:\/\/pornuestrolaredo.com\/wp-content\/uploads\/2022\/11\/Stereo91-20221116-3.jpeg",1000,667,false],"thumbnail":["https:\/\/pornuestrolaredo.com\/wp-content\/uploads\/2022\/11\/Stereo91-20221116-3-150x150.jpeg",150,150,true],"medium":["https:\/\/pornuestrolaredo.com\/wp-content\/uploads\/2022\/11\/Stereo91-20221116-3-300x200.jpeg",300,200,true],"medium_large":["https:\/\/pornuestrolaredo.com\/wp-content\/uploads\/2022\/11\/Stereo91-20221116-3-768x512.jpeg",640,427,true],"large":["https:\/\/pornuestrolaredo.com\/wp-content\/uploads\/2022\/11\/Stereo91-20221116-3.jpeg",640,427,false],"1536x1536":["https:\/\/pornuestrolaredo.com\/wp-content\/uploads\/2022\/11\/Stereo91-20221116-3.jpeg",1000,667,false],"2048x2048":["https:\/\/pornuestrolaredo.com\/wp-content\/uploads\/2022\/11\/Stereo91-20221116-3.jpeg",1000,667,false],"morenews-large":["https:\/\/pornuestrolaredo.com\/wp-content\/uploads\/2022\/11\/Stereo91-20221116-3.jpeg",825,550,false],"morenews-medium":["https:\/\/pornuestrolaredo.com\/wp-content\/uploads\/2022\/11\/Stereo91-20221116-3.jpeg",590,394,false]},"author_info":{"info":["Redactor"]},"category_info":"<a href=\"https:\/\/pornuestrolaredo.com\/?cat=9\" rel=\"category\">El Mundo<\/a>","tag_info":"El Mundo","comment_count":"0","jetpack_featured_media_url":"https:\/\/pornuestrolaredo.com\/wp-content\/uploads\/2022\/11\/Stereo91-20221116-3.jpeg","jetpack_sharing_enabled":true,"_links":{"self":[{"href":"https:\/\/pornuestrolaredo.com\/index.php?rest_route=\/wp\/v2\/posts\/1111","targetHints":{"allow":["GET"]}}],"collection":[{"href":"https:\/\/pornuestrolaredo.com\/index.php?rest_route=\/wp\/v2\/posts"}],"about":[{"href":"https:\/\/pornuestrolaredo.com\/index.php?rest_route=\/wp\/v2\/types\/post"}],"author":[{"embeddable":true,"href":"https:\/\/pornuestrolaredo.com\/index.php?rest_route=\/wp\/v2\/users\/1"}],"replies":[{"embeddable":true,"href":"https:\/\/pornuestrolaredo.com\/index.php?rest_route=%2Fwp%2Fv2%2Fcomments&post=1111"}],"version-history":[{"count":1,"href":"https:\/\/pornuestrolaredo.com\/index.php?rest_route=\/wp\/v2\/posts\/1111\/revisions"}],"predecessor-version":[{"id":1113,"href":"https:\/\/pornuestrolaredo.com\/index.php?rest_route=\/wp\/v2\/posts\/1111\/revisions\/1113"}],"wp:featuredmedia":[{"embeddable":true,"href":"https:\/\/pornuestrolaredo.com\/index.php?rest_route=\/wp\/v2\/media\/1112"}],"wp:attachment":[{"href":"https:\/\/pornuestrolaredo.com\/index.php?rest_route=%2Fwp%2Fv2%2Fmedia&parent=1111"}],"wp:term":[{"taxonomy":"category","embeddable":true,"href":"https:\/\/pornuestrolaredo.com\/index.php?rest_route=%2Fwp%2Fv2%2Fcategories&post=1111"},{"taxonomy":"post_tag","embeddable":true,"href":"https:\/\/pornuestrolaredo.com\/index.php?rest_route=%2Fwp%2Fv2%2Ftags&post=1111"}],"curies":[{"name":"wp","href":"https:\/\/api.w.org\/{rel}","templated":true}]}}