{"id":1114,"date":"2022-11-16T20:39:37","date_gmt":"2022-11-16T20:39:37","guid":{"rendered":"https:\/\/pornuestrolaredo.com\/?p=1114"},"modified":"2022-11-16T20:39:37","modified_gmt":"2022-11-16T20:39:37","slug":"adios-frida-simbolo-de-la-esperanza","status":"publish","type":"post","link":"https:\/\/pornuestrolaredo.com\/?p=1114","title":{"rendered":"Adi\u00f3s, Frida, s\u00edmbolo de la esperanza"},"content":{"rendered":"\r\n<p class=\"wp-block-paragraph\"><strong><em>CIUDAD DE M\u00c9XICO.- <\/em><\/strong>Frida, una labradora retriever color miel rescatista que se hizo popular en M\u00e9xico en los d\u00edas posteriores al terremoto del 19 de septiembre de 2017 por su labor en la b\u00fasqueda de sobrevivientes, muri\u00f3 a causa de padecimientos de su edad, anunci\u00f3 el martes la Secretar\u00eda de Marina.<\/p>\r\n\r\n\r\n\r\n<p class=\"wp-block-paragraph\">Con gafas protectoras y botines de tela, Frida se convirti\u00f3 en un s\u00edmbolo de esperanza tras el terremoto que dej\u00f3 m\u00e1s de 300 muertos entre  la Ciudad de M\u00e9xico y estados aleda\u00f1os. La perra rescatista se hizo viral en las redes sociales y su rostro adorn\u00f3 murales en la capital.<\/p>\r\n\r\n\r\n\r\n<p class=\"wp-block-paragraph\">A lo largo de su carrera, se le atribuy\u00f3 el hallazgo de 43 cuerpos y una docena de personas con vida en M\u00e9xico y exterior. Particip\u00f3 en labores de rescate tras el terremoto en Hait\u00ed en el 2010 y un deslave en Ecuador en el 2017.<\/p>\r\n\r\n\r\n\r\n<p class=\"wp-block-paragraph\">Frida se retir\u00f3 del trabajo de rescate en junio de 2019 a los 10 a\u00f1os y muri\u00f3 a los 13 a\u00f1os. El mes pasado la labradora retriever asisti\u00f3\r\na la develaci\u00f3n de una estatua en su honor en las instalaciones de la Secretar\u00eda de la Marina en la capital mexicana. El cuerpo de Frida ser\u00e1 cremado y sus cenizas ser\u00e1n depositadas en una urna al pie de su estatua.<\/p>\r\n\r\n\r\n\r\n<p class=\"wp-block-paragraph\">La Secretar\u00eda de la Marina public\u00f3 el martes un video en Twitter en el que agradec\u00eda a Frida por su servicio y honrando su memoria. <\/p>\r\n\r\n\r\n\r\n<blockquote class=\"wp-block-quote is-layout-flow wp-block-quote-is-layout-flow\"><p>Querida Frida, aunque tu partida nos duele, hoy la Familia Naval promete honrar tu memoria, actuando bajo el legado que nos ense\u00f1aste: nobleza, lealtad y amor. Gracias por servir a M\u00e9xico, siempre vivir\u00e1s en nuestros corazones\u201d, indic\u00f3 la fuerza militar en un mensaje de las redes sociales. <\/p><\/blockquote>\r\n","protected":false},"excerpt":{"rendered":"<p>La labradora retriever color miel rescatista trabaj\u00f3 duro durante el terremoto del 19 de septiembre de 2017 en Ciudad de M\u00e9xico<\/p>\n","protected":false},"author":1,"featured_media":1116,"comment_status":"open","ping_status":"open","sticky":false,"template":"","format":"standard","meta":{"_crdt_document":"","_jetpack_memberships_contains_paid_content":false,"footnotes":"","jetpack_publicize_message":"","jetpack_publicize_feature_enabled":true,"jetpack_social_post_already_shared":true,"jetpack_social_options":{"image_generator_settings":{"template":"highway","default_image_id":0,"font":"","enabled":false},"version":2},"_wpas_customize_per_network":false},"categories":[9],"tags":[],"class_list":["post-1114","post","type-post","status-publish","format-standard","has-post-thumbnail","hentry","category-el-mundo"],"magazineBlocksPostFeaturedMedia":{"thumbnail":"https:\/\/pornuestrolaredo.com\/wp-content\/uploads\/2022\/11\/PNL-20221116-5-150x150.jpeg","medium":"https:\/\/pornuestrolaredo.com\/wp-content\/uploads\/2022\/11\/PNL-20221116-5-300x214.jpeg","medium_large":"https:\/\/pornuestrolaredo.com\/wp-content\/uploads\/2022\/11\/PNL-20221116-5-768x548.jpeg","large":"https:\/\/pornuestrolaredo.com\/wp-content\/uploads\/2022\/11\/PNL-20221116-5.jpeg","1536x1536":"https:\/\/pornuestrolaredo.com\/wp-content\/uploads\/2022\/11\/PNL-20221116-5.jpeg","2048x2048":"https:\/\/pornuestrolaredo.com\/wp-content\/uploads\/2022\/11\/PNL-20221116-5.jpeg","morenews-large":"https:\/\/pornuestrolaredo.com\/wp-content\/uploads\/2022\/11\/PNL-20221116-5.jpeg","morenews-medium":"https:\/\/pornuestrolaredo.com\/wp-content\/uploads\/2022\/11\/PNL-20221116-5.jpeg"},"magazineBlocksPostAuthor":{"name":"Redactor","avatar":"https:\/\/pornuestrolaredo.com\/wp-content\/litespeed\/avatar\/dca1d7ec750c399f025f23b0b314f4cf.jpg?ver=1777612120"},"magazineBlocksPostCommentsNumber":false,"magazineBlocksPostExcerpt":"La labradora retriever color miel rescatista trabaj\u00f3 duro durante el terremoto del 19 de septiembre de 2017 en Ciudad de M\u00e9xico","magazineBlocksPostCategories":["El Mundo"],"magazineBlocksPostViewCount":120,"magazineBlocksPostReadTime":2,"magazine_blocks_featured_image_url":{"full":["https:\/\/pornuestrolaredo.com\/wp-content\/uploads\/2022\/11\/PNL-20221116-5.jpeg",1000,714,false],"medium":["https:\/\/pornuestrolaredo.com\/wp-content\/uploads\/2022\/11\/PNL-20221116-5-300x214.jpeg",300,214,true],"thumbnail":["https:\/\/pornuestrolaredo.com\/wp-content\/uploads\/2022\/11\/PNL-20221116-5-150x150.jpeg",150,150,true]},"magazine_blocks_author":{"display_name":"Redactor","author_link":"https:\/\/pornuestrolaredo.com\/?author=1"},"magazine_blocks_comment":0,"magazine_blocks_author_image":"https:\/\/pornuestrolaredo.com\/wp-content\/litespeed\/avatar\/dca1d7ec750c399f025f23b0b314f4cf.jpg?ver=1777612120","magazine_blocks_category":"<a href=\"#\" class=\"category-link category-link-9\">El Mundo<\/a>","jetpack_publicize_connections":[],"featured_image_urls":{"full":["https:\/\/pornuestrolaredo.com\/wp-content\/uploads\/2022\/11\/PNL-20221116-5.jpeg",1000,714,false],"thumbnail":["https:\/\/pornuestrolaredo.com\/wp-content\/uploads\/2022\/11\/PNL-20221116-5-150x150.jpeg",150,150,true],"medium":["https:\/\/pornuestrolaredo.com\/wp-content\/uploads\/2022\/11\/PNL-20221116-5-300x214.jpeg",300,214,true],"medium_large":["https:\/\/pornuestrolaredo.com\/wp-content\/uploads\/2022\/11\/PNL-20221116-5-768x548.jpeg",640,457,true],"large":["https:\/\/pornuestrolaredo.com\/wp-content\/uploads\/2022\/11\/PNL-20221116-5.jpeg",640,457,false],"1536x1536":["https:\/\/pornuestrolaredo.com\/wp-content\/uploads\/2022\/11\/PNL-20221116-5.jpeg",1000,714,false],"2048x2048":["https:\/\/pornuestrolaredo.com\/wp-content\/uploads\/2022\/11\/PNL-20221116-5.jpeg",1000,714,false],"morenews-large":["https:\/\/pornuestrolaredo.com\/wp-content\/uploads\/2022\/11\/PNL-20221116-5.jpeg",805,575,false],"morenews-medium":["https:\/\/pornuestrolaredo.com\/wp-content\/uploads\/2022\/11\/PNL-20221116-5.jpeg",574,410,false]},"author_info":{"info":["Redactor"]},"category_info":"<a href=\"https:\/\/pornuestrolaredo.com\/?cat=9\" rel=\"category\">El Mundo<\/a>","tag_info":"El Mundo","comment_count":"0","jetpack_featured_media_url":"https:\/\/pornuestrolaredo.com\/wp-content\/uploads\/2022\/11\/PNL-20221116-5.jpeg","jetpack_sharing_enabled":true,"_links":{"self":[{"href":"https:\/\/pornuestrolaredo.com\/index.php?rest_route=\/wp\/v2\/posts\/1114","targetHints":{"allow":["GET"]}}],"collection":[{"href":"https:\/\/pornuestrolaredo.com\/index.php?rest_route=\/wp\/v2\/posts"}],"about":[{"href":"https:\/\/pornuestrolaredo.com\/index.php?rest_route=\/wp\/v2\/types\/post"}],"author":[{"embeddable":true,"href":"https:\/\/pornuestrolaredo.com\/index.php?rest_route=\/wp\/v2\/users\/1"}],"replies":[{"embeddable":true,"href":"https:\/\/pornuestrolaredo.com\/index.php?rest_route=%2Fwp%2Fv2%2Fcomments&post=1114"}],"version-history":[{"count":2,"href":"https:\/\/pornuestrolaredo.com\/index.php?rest_route=\/wp\/v2\/posts\/1114\/revisions"}],"predecessor-version":[{"id":1117,"href":"https:\/\/pornuestrolaredo.com\/index.php?rest_route=\/wp\/v2\/posts\/1114\/revisions\/1117"}],"wp:featuredmedia":[{"embeddable":true,"href":"https:\/\/pornuestrolaredo.com\/index.php?rest_route=\/wp\/v2\/media\/1116"}],"wp:attachment":[{"href":"https:\/\/pornuestrolaredo.com\/index.php?rest_route=%2Fwp%2Fv2%2Fmedia&parent=1114"}],"wp:term":[{"taxonomy":"category","embeddable":true,"href":"https:\/\/pornuestrolaredo.com\/index.php?rest_route=%2Fwp%2Fv2%2Fcategories&post=1114"},{"taxonomy":"post_tag","embeddable":true,"href":"https:\/\/pornuestrolaredo.com\/index.php?rest_route=%2Fwp%2Fv2%2Ftags&post=1114"}],"curies":[{"name":"wp","href":"https:\/\/api.w.org\/{rel}","templated":true}]}}