{"id":1121,"date":"2022-11-17T18:45:05","date_gmt":"2022-11-17T18:45:05","guid":{"rendered":"https:\/\/pornuestrolaredo.com\/?p=1121"},"modified":"2022-11-17T18:45:05","modified_gmt":"2022-11-17T18:45:05","slug":"el-buky-persona-del-ano-en-el-latin-grammy","status":"publish","type":"post","link":"https:\/\/pornuestrolaredo.com\/?p=1121","title":{"rendered":"\u2018El Buky\u2019, persona del a\u00f1o en el Latin Grammy"},"content":{"rendered":"<p><strong><em>LAS VEGAS.-<\/em> <\/strong>Marco Antonio Sol\u00eds fue reconocido la noche del mi\u00e9rcoles como la Persona del A\u00f1o en la edici\u00f3n n\u00famero 23 del Latin Grammy. Cerr\u00f3 su propio homenaje cantando &#8220;Si No Te Hubieras Ido&#8221;.<br \/>\nCientos de espectadores, entre los que destacan la mayor\u00eda de los famosos que interpretaron antes un pu\u00f1ado de sus \u00e9xitos, bailaron emocionados en el Mandalay Bay Events Center.<br \/>\nEsto nunca se hab\u00eda hecho en la historia de este apartado de la gala anual, como tampoco que la figura central abriera la velada con un medley (&#8220;\u00bfA D\u00f3nde Vamos a Parar?&#8221;, &#8220;La Venia Bendita&#8221; y &#8220;Tu C\u00e1rcel&#8221; (con Los Bukis).<br \/>\nAunado a esta novedad, el festejado, como pocas veces, ley\u00f3 de su tel\u00e9fono celular algo que escribi\u00f3 para la ocasi\u00f3n de recibir el galard\u00f3n respectivo.<br \/>\nLes pido que se sienten, porque esto va para largo&#8221;, adelant\u00f3 sonriente.<br \/>\nEntrecerrando los ojos para enfocar bien y con la respiraci\u00f3n algo revuelta, &#8220;El Buki&#8221; empez\u00f3, a manera de proleg\u00f3meno: &#8220;No s\u00e9 c\u00f3mo llegu\u00e9 hasta aqu\u00ed&#8221;.<br \/>\nNarr\u00f3 entonces la historia de un ni\u00f1o de 12 a\u00f1os que sali\u00f3 de su pueblo (Ario de Rosales, Michoac\u00e1n) en busca de cumplir sus sue\u00f1os, acompa\u00f1ado de su guitarra y de un muy querido primo (Joel Sol\u00eds). Cont\u00f3 que las cosas no fueron f\u00e1ciles, pero tampoco imposibles.<br \/>\nDio fe de que &#8220;El Poderoso Divino&#8221; gui\u00f3 sus pasos y que gracias a sus &#8220;\u00e1ngeles terrenales&#8221; (esposa e hijos) venci\u00f3 tentaciones y se apart\u00f3 del ego.<br \/>\nAfirm\u00f3 que el \u00e9xito y el fracaso son parte de su andar, su pie derecho e izquierdo. Y al pronunciar el &#8216;gracias&#8217; como una suerte de punto final, todos estaban conmovidos.<br \/>\nEl artista devolvi\u00f3 as\u00ed, como un acto de magia que simplemente no se puede explicar con palabras, el sentimiento que un dream team de la m\u00fasica latina le provoc\u00f3 dos horas antes en un esmerado show.<br \/>\nEn \u00e9l, Laura Pausini fue aclamada por su versi\u00f3n de &#8220;Sigues en M\u00ed&#8221;, mientras que Sebastian Yatra sorprendi\u00f3 al dar otro registro en &#8220;O Me Voy o Te Vas&#8221;.<br \/>\nY al agasajado y a fu familia se les vio transitar por diferentes estados emocionales entre canci\u00f3n y canci\u00f3n.<br \/>\nChristian Nodal regal\u00f3 &#8220;Mi Eterno Amor Secreto&#8221; muy a su manera; Carla Morrison y Ana Torroja reversionaron por completo &#8220;Como Tu Mujer&#8221;. Y Marco cant\u00f3 tambi\u00e9n desde su mesa y se le vio sorprendido de que todo el elenco le dej\u00f3 claro, con un nuevo empaque musical, que sus letras son m\u00e1s que un g\u00e9nero.<br \/>\nRomeo Santos, &#8220;El Rey de la Bachata&#8221;, busc\u00f3 hacerle justicia a &#8220;Inv\u00e9ntame&#8221;, Bronco y Elsa y El Mar llevaron a otro nivel &#8220;T\u00fa me Vuelves Loco&#8221;.<br \/>\nSin Bandera y Camila la rompieron con &#8220;D\u00f3nde Estar\u00e1 mi Primavera&#8221;. En un estado de \u00e9xtasis, Mario Domm, de Camila, dijo: &#8220;Me vale madres, voy a darte un abrazo&#8221;, y baj\u00f3 del escenario.<br \/>\n&#8220;C\u00f3mo Fui a Enamorarme de Ti&#8221; fue otra cosa en las voces de Ed\u00e9n Mu\u00f1oz y Jessie &#038; Joy. Fito P\u00e1ez quiz\u00e1s rompi\u00f3 el molde con su versi\u00f3n en piano y viol\u00edn de &#8220;De Mil Amores&#8221;, que hizo sollozar a la Persona del A\u00f1o y a su esposa.<br \/>\nMarla Sol\u00eds, su hija, como una petici\u00f3n especial, le cant\u00f3 a pap\u00e1, antes de un cierre vertiginoso con Gente de Zona y Taboo (de The Black Eyed Peas), quien sin m\u00e1s al final su voz en cuello le solt\u00f3 a Marco: &#8220;\u00a1Eres un ching\u00f3n, carnal!&#8221;, lo que arranc\u00f3 una carcajada de un artista que da ejemplo a muchos en el medio y la industria musical.<\/p>\n","protected":false},"excerpt":{"rendered":"<p>La noche del mi\u00e9rcoles fue m\u00e1gica, llena de letra, prosa y m\u00fasica del michoacano<\/p>\n","protected":false},"author":1,"featured_media":1122,"comment_status":"open","ping_status":"open","sticky":false,"template":"","format":"standard","meta":{"_crdt_document":"","_jetpack_memberships_contains_paid_content":false,"footnotes":"","jetpack_publicize_message":"","jetpack_publicize_feature_enabled":true,"jetpack_social_post_already_shared":true,"jetpack_social_options":{"image_generator_settings":{"template":"highway","default_image_id":0,"font":"","enabled":false},"version":2},"_wpas_customize_per_network":false},"categories":[9],"tags":[],"class_list":["post-1121","post","type-post","status-publish","format-standard","has-post-thumbnail","hentry","category-el-mundo"],"magazineBlocksPostFeaturedMedia":{"thumbnail":"https:\/\/pornuestrolaredo.com\/wp-content\/uploads\/2022\/11\/Stereo91-20221117-2-150x150.jpeg","medium":"https:\/\/pornuestrolaredo.com\/wp-content\/uploads\/2022\/11\/Stereo91-20221117-2-300x200.jpeg","medium_large":"https:\/\/pornuestrolaredo.com\/wp-content\/uploads\/2022\/11\/Stereo91-20221117-2-768x512.jpeg","large":"https:\/\/pornuestrolaredo.com\/wp-content\/uploads\/2022\/11\/Stereo91-20221117-2.jpeg","1536x1536":"https:\/\/pornuestrolaredo.com\/wp-content\/uploads\/2022\/11\/Stereo91-20221117-2.jpeg","2048x2048":"https:\/\/pornuestrolaredo.com\/wp-content\/uploads\/2022\/11\/Stereo91-20221117-2.jpeg","morenews-large":"https:\/\/pornuestrolaredo.com\/wp-content\/uploads\/2022\/11\/Stereo91-20221117-2.jpeg","morenews-medium":"https:\/\/pornuestrolaredo.com\/wp-content\/uploads\/2022\/11\/Stereo91-20221117-2.jpeg"},"magazineBlocksPostAuthor":{"name":"Redactor","avatar":"https:\/\/pornuestrolaredo.com\/wp-content\/litespeed\/avatar\/dca1d7ec750c399f025f23b0b314f4cf.jpg?ver=1777612120"},"magazineBlocksPostCommentsNumber":false,"magazineBlocksPostExcerpt":"La noche del mi\u00e9rcoles fue m\u00e1gica, llena de letra, prosa y m\u00fasica del michoacano","magazineBlocksPostCategories":["El Mundo"],"magazineBlocksPostViewCount":126,"magazineBlocksPostReadTime":4,"magazine_blocks_featured_image_url":{"full":["https:\/\/pornuestrolaredo.com\/wp-content\/uploads\/2022\/11\/Stereo91-20221117-2.jpeg",960,640,false],"medium":["https:\/\/pornuestrolaredo.com\/wp-content\/uploads\/2022\/11\/Stereo91-20221117-2-300x200.jpeg",300,200,true],"thumbnail":["https:\/\/pornuestrolaredo.com\/wp-content\/uploads\/2022\/11\/Stereo91-20221117-2-150x150.jpeg",150,150,true]},"magazine_blocks_author":{"display_name":"Redactor","author_link":"https:\/\/pornuestrolaredo.com\/?author=1"},"magazine_blocks_comment":0,"magazine_blocks_author_image":"https:\/\/pornuestrolaredo.com\/wp-content\/litespeed\/avatar\/dca1d7ec750c399f025f23b0b314f4cf.jpg?ver=1777612120","magazine_blocks_category":"<a href=\"#\" class=\"category-link category-link-9\">El Mundo<\/a>","jetpack_publicize_connections":[],"featured_image_urls":{"full":["https:\/\/pornuestrolaredo.com\/wp-content\/uploads\/2022\/11\/Stereo91-20221117-2.jpeg",960,640,false],"thumbnail":["https:\/\/pornuestrolaredo.com\/wp-content\/uploads\/2022\/11\/Stereo91-20221117-2-150x150.jpeg",150,150,true],"medium":["https:\/\/pornuestrolaredo.com\/wp-content\/uploads\/2022\/11\/Stereo91-20221117-2-300x200.jpeg",300,200,true],"medium_large":["https:\/\/pornuestrolaredo.com\/wp-content\/uploads\/2022\/11\/Stereo91-20221117-2-768x512.jpeg",640,427,true],"large":["https:\/\/pornuestrolaredo.com\/wp-content\/uploads\/2022\/11\/Stereo91-20221117-2.jpeg",640,427,false],"1536x1536":["https:\/\/pornuestrolaredo.com\/wp-content\/uploads\/2022\/11\/Stereo91-20221117-2.jpeg",960,640,false],"2048x2048":["https:\/\/pornuestrolaredo.com\/wp-content\/uploads\/2022\/11\/Stereo91-20221117-2.jpeg",960,640,false],"morenews-large":["https:\/\/pornuestrolaredo.com\/wp-content\/uploads\/2022\/11\/Stereo91-20221117-2.jpeg",825,550,false],"morenews-medium":["https:\/\/pornuestrolaredo.com\/wp-content\/uploads\/2022\/11\/Stereo91-20221117-2.jpeg",590,393,false]},"author_info":{"info":["Redactor"]},"category_info":"<a href=\"https:\/\/pornuestrolaredo.com\/?cat=9\" rel=\"category\">El Mundo<\/a>","tag_info":"El Mundo","comment_count":"0","jetpack_featured_media_url":"https:\/\/pornuestrolaredo.com\/wp-content\/uploads\/2022\/11\/Stereo91-20221117-2.jpeg","jetpack_sharing_enabled":true,"_links":{"self":[{"href":"https:\/\/pornuestrolaredo.com\/index.php?rest_route=\/wp\/v2\/posts\/1121","targetHints":{"allow":["GET"]}}],"collection":[{"href":"https:\/\/pornuestrolaredo.com\/index.php?rest_route=\/wp\/v2\/posts"}],"about":[{"href":"https:\/\/pornuestrolaredo.com\/index.php?rest_route=\/wp\/v2\/types\/post"}],"author":[{"embeddable":true,"href":"https:\/\/pornuestrolaredo.com\/index.php?rest_route=\/wp\/v2\/users\/1"}],"replies":[{"embeddable":true,"href":"https:\/\/pornuestrolaredo.com\/index.php?rest_route=%2Fwp%2Fv2%2Fcomments&post=1121"}],"version-history":[{"count":1,"href":"https:\/\/pornuestrolaredo.com\/index.php?rest_route=\/wp\/v2\/posts\/1121\/revisions"}],"predecessor-version":[{"id":1123,"href":"https:\/\/pornuestrolaredo.com\/index.php?rest_route=\/wp\/v2\/posts\/1121\/revisions\/1123"}],"wp:featuredmedia":[{"embeddable":true,"href":"https:\/\/pornuestrolaredo.com\/index.php?rest_route=\/wp\/v2\/media\/1122"}],"wp:attachment":[{"href":"https:\/\/pornuestrolaredo.com\/index.php?rest_route=%2Fwp%2Fv2%2Fmedia&parent=1121"}],"wp:term":[{"taxonomy":"category","embeddable":true,"href":"https:\/\/pornuestrolaredo.com\/index.php?rest_route=%2Fwp%2Fv2%2Fcategories&post=1121"},{"taxonomy":"post_tag","embeddable":true,"href":"https:\/\/pornuestrolaredo.com\/index.php?rest_route=%2Fwp%2Fv2%2Ftags&post=1121"}],"curies":[{"name":"wp","href":"https:\/\/api.w.org\/{rel}","templated":true}]}}