{"id":1148,"date":"2022-11-20T02:21:33","date_gmt":"2022-11-20T02:21:33","guid":{"rendered":"https:\/\/pornuestrolaredo.com\/?p=1148"},"modified":"2022-11-20T02:21:34","modified_gmt":"2022-11-20T02:21:34","slug":"queda-benzema-fuera-del-mundial","status":"publish","type":"post","link":"https:\/\/pornuestrolaredo.com\/?p=1148","title":{"rendered":"Queda Benzema fuera del Mundial"},"content":{"rendered":"<p>DOHA, Qatar.- Francia ha sufrido un duro golpe a solo tres d\u00edas de estrenarse en el Mundial de Qatar. Karim Benzema se perder\u00e1 el torneo en el que su pa\u00eds defiende la corona de campeona del Mundo, conquistada en Rusia ahora hace cuatro a\u00f1os y medio. El delantero, de 34 a\u00f1os, se ha retirado antes de terminar el entrenamiento con su selecci\u00f3n al sufrir un golpe en el cu\u00e1driceps del muslo izquierdo y tras las pruebas m\u00e9dicas realizadas este s\u00e1bado por la noche, la federaci\u00f3n gala ha confirmado que no podr\u00e1 disputar el Mundial.<br \/>\nEl ganador del Bal\u00f3n de Oro participaba en su primer entrenamiento desde que el 19 de octubre jugara su \u00faltimo partido con el Real Madrid, ante el Celtic en la Champions. Desde entonces, Benzema, que cumplir\u00e1 35 a\u00f1os en diciembre, se hab\u00eda centrado en recuperarse de la fatiga muscular que le ha hecho perderse nueve partidos con su club.<br \/>\nBenzema se estaba ejercitando con normalidad con el resto de sus compa\u00f1eros, practicando junto a los otros delanteros con los que presumiblemente iba a formar el frente de ataque, Griezmann y Mbapp\u00e9. Pasado el primer cuarto de hora del entrenamiento, ha sufrido el golpe que le ha provocado un dolor agudo en el cu\u00e1driceps izquierdo, y ha tenido que abandonar el campo. Esta noche, Benzema ha sido trasladado a un hospital de Doha para realizarse una resonancia magn\u00e9tica con los servicios m\u00e9dicos de la selecci\u00f3n. Tras los ex\u00e1menes se confirm\u00f3 que el delantero sufre una lesi\u00f3n en el recto femoral que requerir\u00e1 un per\u00edodo de recuperaci\u00f3n de tres semanas, seg\u00fan ha informado la selecci\u00f3n francesa.<br \/>\nPocos minutos despu\u00e9s de que se confirmara la baja, el jugador ha publicado un comunicado en la red social Instagram en el que sostiene que, si no est\u00e1 totalmente preparado, debe dar un paso al lado para dejar su sitio. \u201cEn mi vida nunca me he rendido\u2026 pero esta noche tengo que pensar en el equipo como siempre lo he hecho y la raz\u00f3n me dice que deje mi lugar a alguien que pueda ayudar a nuestro grupo a hacer un gran Mundial. Gracias por todos sus mensajes de apoyo\u201d, ha explicado el delantero del Real Madrid, que iba a participar en su segunda Copa del Mundo despu\u00e9s de estar en Brasil 2014, donde Francia cay\u00f3 eliminada en cuartos de final contra Alemania. En 2015, el delantero fue apartado del equipo por su implicaci\u00f3n en el chantaje a su compa\u00f1ero de selecci\u00f3n Mathieu Valbuena por un v\u00eddeo sexual. Benzema fue condenado a un a\u00f1o de prisi\u00f3n y se le impuso una multa de 75.000 euros. El delantero se perdi\u00f3 el subcampeonato de la Eurocopa de 2016 y el triunfo en el Mundial de Rusia 2018, hasta que regres\u00f3 en mayo de 2021.<br \/>\nEl seleccionador, Didier Deschamps, ha lamentado la baja del Bal\u00f3n de Oro. \u201cEstoy extremadamente triste por Karim, que se hab\u00eda fijado esta Copa del Mundo como un objetivo importante. A pesar de este nuevo golpe para la selecci\u00f3n francesa, tengo plena confianza en mi grupo. Haremos todo lo posible para cumplir con el enorme desaf\u00edo que nos espera\u201d, dijo el seleccionador en el comunicado emitido por la federaci\u00f3n francesa. Ahora, el t\u00e9cnico tiene la opci\u00f3n de llamar a otro jugador hasta el lunes, el d\u00eda antes de que la selecci\u00f3n se estrene en Qatar.<br \/>\nEsta noticia se suma a los numerosos percances que ha sufrido Francia desde que Deschamps comenz\u00f3 a preparar la lista de 26 convocados. Para empezar, Pogba y Kant\u00e9, el motor de la selecci\u00f3n que levant\u00f3 el Mundial 2014, no han podido estar en la convocatoria al encontrarse ambos lesionados. Una vez anunciados los elegidos, el defensa del PSG, Presnel Kimpembe abandon\u00f3 la concentraci\u00f3n al no recuperarse a tiempo de una lesi\u00f3n. Esta \u00faltima semana, el delantero del RB Leipzig Christopher Nkunku tambi\u00e9n ha causado baja despu\u00e9s de lesionarse en un entrenamiento tras un lance con Camavinga.<\/p>\n","protected":false},"excerpt":{"rendered":"<p>DOHA, Qatar.- Francia ha sufrido un duro golpe a solo tres d\u00edas de estrenarse en el Mundial de<\/p>\n","protected":false},"author":1,"featured_media":1149,"comment_status":"open","ping_status":"open","sticky":false,"template":"","format":"standard","meta":{"_crdt_document":"","_jetpack_memberships_contains_paid_content":false,"footnotes":"","jetpack_publicize_message":"El Bal\u00f3n de Oro 2022 y delantero del Real Madrid se perder\u00e1 el torneo en el que su pa\u00eds defiende la corona de campeona del Mundo","jetpack_publicize_feature_enabled":true,"jetpack_social_post_already_shared":true,"jetpack_social_options":{"image_generator_settings":{"template":"highway","default_image_id":0,"font":"","enabled":false},"version":2},"_wpas_customize_per_network":false},"categories":[10],"tags":[],"class_list":["post-1148","post","type-post","status-publish","format-standard","has-post-thumbnail","hentry","category-deportes"],"magazineBlocksPostFeaturedMedia":{"thumbnail":"https:\/\/pornuestrolaredo.com\/wp-content\/uploads\/2022\/11\/Benzema-150x150.jpeg","medium":"https:\/\/pornuestrolaredo.com\/wp-content\/uploads\/2022\/11\/Benzema-300x200.jpeg","medium_large":"https:\/\/pornuestrolaredo.com\/wp-content\/uploads\/2022\/11\/Benzema-768x512.jpeg","large":"https:\/\/pornuestrolaredo.com\/wp-content\/uploads\/2022\/11\/Benzema.jpeg","1536x1536":"https:\/\/pornuestrolaredo.com\/wp-content\/uploads\/2022\/11\/Benzema.jpeg","2048x2048":"https:\/\/pornuestrolaredo.com\/wp-content\/uploads\/2022\/11\/Benzema.jpeg","morenews-large":"https:\/\/pornuestrolaredo.com\/wp-content\/uploads\/2022\/11\/Benzema.jpeg","morenews-medium":"https:\/\/pornuestrolaredo.com\/wp-content\/uploads\/2022\/11\/Benzema.jpeg"},"magazineBlocksPostAuthor":{"name":"Redactor","avatar":"https:\/\/pornuestrolaredo.com\/wp-content\/litespeed\/avatar\/dca1d7ec750c399f025f23b0b314f4cf.jpg?ver=1777612120"},"magazineBlocksPostCommentsNumber":false,"magazineBlocksPostExcerpt":"DOHA, Qatar.- Francia ha sufrido un duro golpe a solo tres d\u00edas de estrenarse en el Mundial de","magazineBlocksPostCategories":["Deportes"],"magazineBlocksPostViewCount":118,"magazineBlocksPostReadTime":4,"magazine_blocks_featured_image_url":{"full":["https:\/\/pornuestrolaredo.com\/wp-content\/uploads\/2022\/11\/Benzema.jpeg",960,640,false],"medium":["https:\/\/pornuestrolaredo.com\/wp-content\/uploads\/2022\/11\/Benzema-300x200.jpeg",300,200,true],"thumbnail":["https:\/\/pornuestrolaredo.com\/wp-content\/uploads\/2022\/11\/Benzema-150x150.jpeg",150,150,true]},"magazine_blocks_author":{"display_name":"Redactor","author_link":"https:\/\/pornuestrolaredo.com\/?author=1"},"magazine_blocks_comment":0,"magazine_blocks_author_image":"https:\/\/pornuestrolaredo.com\/wp-content\/litespeed\/avatar\/dca1d7ec750c399f025f23b0b314f4cf.jpg?ver=1777612120","magazine_blocks_category":"<a href=\"#\" class=\"category-link category-link-10\">Deportes<\/a>","jetpack_publicize_connections":[],"featured_image_urls":{"full":["https:\/\/pornuestrolaredo.com\/wp-content\/uploads\/2022\/11\/Benzema.jpeg",960,640,false],"thumbnail":["https:\/\/pornuestrolaredo.com\/wp-content\/uploads\/2022\/11\/Benzema-150x150.jpeg",150,150,true],"medium":["https:\/\/pornuestrolaredo.com\/wp-content\/uploads\/2022\/11\/Benzema-300x200.jpeg",300,200,true],"medium_large":["https:\/\/pornuestrolaredo.com\/wp-content\/uploads\/2022\/11\/Benzema-768x512.jpeg",640,427,true],"large":["https:\/\/pornuestrolaredo.com\/wp-content\/uploads\/2022\/11\/Benzema.jpeg",640,427,false],"1536x1536":["https:\/\/pornuestrolaredo.com\/wp-content\/uploads\/2022\/11\/Benzema.jpeg",960,640,false],"2048x2048":["https:\/\/pornuestrolaredo.com\/wp-content\/uploads\/2022\/11\/Benzema.jpeg",960,640,false],"morenews-large":["https:\/\/pornuestrolaredo.com\/wp-content\/uploads\/2022\/11\/Benzema.jpeg",825,550,false],"morenews-medium":["https:\/\/pornuestrolaredo.com\/wp-content\/uploads\/2022\/11\/Benzema.jpeg",590,393,false]},"author_info":{"info":["Redactor"]},"category_info":"<a href=\"https:\/\/pornuestrolaredo.com\/?cat=10\" rel=\"category\">Deportes<\/a>","tag_info":"Deportes","comment_count":"0","jetpack_featured_media_url":"https:\/\/pornuestrolaredo.com\/wp-content\/uploads\/2022\/11\/Benzema.jpeg","jetpack_sharing_enabled":true,"_links":{"self":[{"href":"https:\/\/pornuestrolaredo.com\/index.php?rest_route=\/wp\/v2\/posts\/1148","targetHints":{"allow":["GET"]}}],"collection":[{"href":"https:\/\/pornuestrolaredo.com\/index.php?rest_route=\/wp\/v2\/posts"}],"about":[{"href":"https:\/\/pornuestrolaredo.com\/index.php?rest_route=\/wp\/v2\/types\/post"}],"author":[{"embeddable":true,"href":"https:\/\/pornuestrolaredo.com\/index.php?rest_route=\/wp\/v2\/users\/1"}],"replies":[{"embeddable":true,"href":"https:\/\/pornuestrolaredo.com\/index.php?rest_route=%2Fwp%2Fv2%2Fcomments&post=1148"}],"version-history":[{"count":1,"href":"https:\/\/pornuestrolaredo.com\/index.php?rest_route=\/wp\/v2\/posts\/1148\/revisions"}],"predecessor-version":[{"id":1150,"href":"https:\/\/pornuestrolaredo.com\/index.php?rest_route=\/wp\/v2\/posts\/1148\/revisions\/1150"}],"wp:featuredmedia":[{"embeddable":true,"href":"https:\/\/pornuestrolaredo.com\/index.php?rest_route=\/wp\/v2\/media\/1149"}],"wp:attachment":[{"href":"https:\/\/pornuestrolaredo.com\/index.php?rest_route=%2Fwp%2Fv2%2Fmedia&parent=1148"}],"wp:term":[{"taxonomy":"category","embeddable":true,"href":"https:\/\/pornuestrolaredo.com\/index.php?rest_route=%2Fwp%2Fv2%2Fcategories&post=1148"},{"taxonomy":"post_tag","embeddable":true,"href":"https:\/\/pornuestrolaredo.com\/index.php?rest_route=%2Fwp%2Fv2%2Ftags&post=1148"}],"curies":[{"name":"wp","href":"https:\/\/api.w.org\/{rel}","templated":true}]}}