{"id":1168,"date":"2022-11-21T04:14:50","date_gmt":"2022-11-21T04:14:50","guid":{"rendered":"https:\/\/pornuestrolaredo.com\/?p=1168"},"modified":"2022-11-21T04:14:50","modified_gmt":"2022-11-21T04:14:50","slug":"lanzan-programa-iluminando-el-progreso-2022","status":"publish","type":"post","link":"https:\/\/pornuestrolaredo.com\/?p=1168","title":{"rendered":"Lanzan programa \u2018Iluminando El Progreso 2022\u2019"},"content":{"rendered":"<p><strong><em>NUEVO LAREDO.-<\/em><\/strong> Con una inversi\u00f3n aproximada a los 4 millones 500 mil pesos, el gobierno municipal llevar\u00e1 a cabo el proyecto de alumbrado \u201cIluminando El Progreso 2022\u201d en el boulevard Dr. Carlos Canseco de la colonia El Progreso ubicada, al poniente de la ciudad.<\/p>\n<p>Fernando Torres Urteaga, director general del Instituto Municipal de Vivienda y Suelo Urbano (IMVISU) se\u00f1al\u00f3 que esta obra se realizar\u00e1 ya que se observ\u00f3 un evidente deterioro en el alumbrado p\u00fablico de las principales avenidas de dicha colonia.<\/p>\n<blockquote><p>Es una obra muy importante para los ciudadanos del sector, debido a que la poblaci\u00f3n ha expresado que no tiene cierta iluminaci\u00f3n p\u00fablica en algunas \u00e1reas, fue un compromiso de la alcaldesa Carmen Lilia Canturosas Villarreal de proveer esa necesidad a la poblaci\u00f3n lo m\u00e1s r\u00e1pido posible\u201d, subray\u00f3.<\/p><\/blockquote>\n<p>Coment\u00f3 que, con este proyecto, se pretende beneficiar a m\u00e1s de 6 mil familias con el sistema de alumbrado del boulevard Dr. Carlos Canseco, siendo la principal avenida.<\/p>\n<p>Tambi\u00e9n se ver\u00e1n beneficiadas algunas colonias como son: Fraccionamiento El Progreso, Constitucional, Bonito Toboganes, Nueva Victoria, Los Olivos y Naciones Unidas.<\/p>\n<blockquote><p>El proyecto se est\u00e1 manejando en tres etapas y se tiene programado que concluya durante el primer trimestre del 2023, iniciamos este mes, ya estamos en el proceso de licitaci\u00f3n, desde que inici\u00f3 la administraci\u00f3n nos hemos enfocado a todas esas carencias y necesidades de primera mano que los ciudadanos han venido requiriendo de hace a\u00f1os\u201d, indic\u00f3.<\/p><\/blockquote>\n<p>Torres Urteaga detall\u00f3 que dentro del proyecto se contemplan 1,640 metros lineales de alumbrado, as\u00ed como el desmontaje y retiro de postes da\u00f1ados, excavaciones para retiro y colocaci\u00f3n de nueva poster\u00eda, instalaci\u00f3n de registro de concreto prefabricado, suministro y colocaci\u00f3n de 130 luminaria de 97w led, 120\/277 voltios incluyendo material y mano de obra especializada y todo lo necesario para su correcta ejecuci\u00f3n, entre otros m\u00e1s conceptos que se aplicar\u00e1n para el alumbrado.<\/p>\n","protected":false},"excerpt":{"rendered":"<p>Colocar\u00e1n alumbrado en el boulevard Dr. Carlos Canseco de la colonia El Progreso, ubicada al poniente de la ciudad<\/p>\n","protected":false},"author":1,"featured_media":1170,"comment_status":"open","ping_status":"open","sticky":false,"template":"","format":"standard","meta":{"_crdt_document":"","_jetpack_memberships_contains_paid_content":false,"footnotes":"","jetpack_publicize_message":"","jetpack_publicize_feature_enabled":true,"jetpack_social_post_already_shared":true,"jetpack_social_options":{"image_generator_settings":{"template":"highway","default_image_id":0,"font":"","enabled":false},"version":2},"_wpas_customize_per_network":false},"categories":[4],"tags":[],"class_list":["post-1168","post","type-post","status-publish","format-standard","has-post-thumbnail","hentry","category-los-dos-laredos"],"magazineBlocksPostFeaturedMedia":{"thumbnail":"https:\/\/pornuestrolaredo.com\/wp-content\/uploads\/2022\/11\/PNL-20221120-3-150x150.jpg","medium":"https:\/\/pornuestrolaredo.com\/wp-content\/uploads\/2022\/11\/PNL-20221120-3-300x200.jpg","medium_large":"https:\/\/pornuestrolaredo.com\/wp-content\/uploads\/2022\/11\/PNL-20221120-3-768x512.jpg","large":"https:\/\/pornuestrolaredo.com\/wp-content\/uploads\/2022\/11\/PNL-20221120-3-1024x683.jpg","1536x1536":"https:\/\/pornuestrolaredo.com\/wp-content\/uploads\/2022\/11\/PNL-20221120-3.jpg","2048x2048":"https:\/\/pornuestrolaredo.com\/wp-content\/uploads\/2022\/11\/PNL-20221120-3.jpg","morenews-large":"https:\/\/pornuestrolaredo.com\/wp-content\/uploads\/2022\/11\/PNL-20221120-3.jpg","morenews-medium":"https:\/\/pornuestrolaredo.com\/wp-content\/uploads\/2022\/11\/PNL-20221120-3.jpg"},"magazineBlocksPostAuthor":{"name":"Redactor","avatar":"https:\/\/pornuestrolaredo.com\/wp-content\/litespeed\/avatar\/dca1d7ec750c399f025f23b0b314f4cf.jpg?ver=1777612120"},"magazineBlocksPostCommentsNumber":false,"magazineBlocksPostExcerpt":"Colocar\u00e1n alumbrado en el boulevard Dr. Carlos Canseco de la colonia El Progreso, ubicada al poniente de la ciudad","magazineBlocksPostCategories":["Los dos Laredos"],"magazineBlocksPostViewCount":123,"magazineBlocksPostReadTime":2,"magazine_blocks_featured_image_url":{"full":["https:\/\/pornuestrolaredo.com\/wp-content\/uploads\/2022\/11\/PNL-20221120-3.jpg",1280,854,false],"medium":["https:\/\/pornuestrolaredo.com\/wp-content\/uploads\/2022\/11\/PNL-20221120-3-300x200.jpg",300,200,true],"thumbnail":["https:\/\/pornuestrolaredo.com\/wp-content\/uploads\/2022\/11\/PNL-20221120-3-150x150.jpg",150,150,true]},"magazine_blocks_author":{"display_name":"Redactor","author_link":"https:\/\/pornuestrolaredo.com\/?author=1"},"magazine_blocks_comment":0,"magazine_blocks_author_image":"https:\/\/pornuestrolaredo.com\/wp-content\/litespeed\/avatar\/dca1d7ec750c399f025f23b0b314f4cf.jpg?ver=1777612120","magazine_blocks_category":"<a href=\"#\" class=\"category-link category-link-4\">Los dos Laredos<\/a>","jetpack_publicize_connections":[],"featured_image_urls":{"full":["https:\/\/pornuestrolaredo.com\/wp-content\/uploads\/2022\/11\/PNL-20221120-3.jpg",1280,854,false],"thumbnail":["https:\/\/pornuestrolaredo.com\/wp-content\/uploads\/2022\/11\/PNL-20221120-3-150x150.jpg",150,150,true],"medium":["https:\/\/pornuestrolaredo.com\/wp-content\/uploads\/2022\/11\/PNL-20221120-3-300x200.jpg",300,200,true],"medium_large":["https:\/\/pornuestrolaredo.com\/wp-content\/uploads\/2022\/11\/PNL-20221120-3-768x512.jpg",640,427,true],"large":["https:\/\/pornuestrolaredo.com\/wp-content\/uploads\/2022\/11\/PNL-20221120-3-1024x683.jpg",640,427,true],"1536x1536":["https:\/\/pornuestrolaredo.com\/wp-content\/uploads\/2022\/11\/PNL-20221120-3.jpg",1280,854,false],"2048x2048":["https:\/\/pornuestrolaredo.com\/wp-content\/uploads\/2022\/11\/PNL-20221120-3.jpg",1280,854,false],"morenews-large":["https:\/\/pornuestrolaredo.com\/wp-content\/uploads\/2022\/11\/PNL-20221120-3.jpg",825,550,false],"morenews-medium":["https:\/\/pornuestrolaredo.com\/wp-content\/uploads\/2022\/11\/PNL-20221120-3.jpg",590,394,false]},"author_info":{"info":["Redactor"]},"category_info":"<a href=\"https:\/\/pornuestrolaredo.com\/?cat=4\" rel=\"category\">Los dos Laredos<\/a>","tag_info":"Los dos Laredos","comment_count":"0","jetpack_featured_media_url":"https:\/\/pornuestrolaredo.com\/wp-content\/uploads\/2022\/11\/PNL-20221120-3.jpg","jetpack_sharing_enabled":true,"_links":{"self":[{"href":"https:\/\/pornuestrolaredo.com\/index.php?rest_route=\/wp\/v2\/posts\/1168","targetHints":{"allow":["GET"]}}],"collection":[{"href":"https:\/\/pornuestrolaredo.com\/index.php?rest_route=\/wp\/v2\/posts"}],"about":[{"href":"https:\/\/pornuestrolaredo.com\/index.php?rest_route=\/wp\/v2\/types\/post"}],"author":[{"embeddable":true,"href":"https:\/\/pornuestrolaredo.com\/index.php?rest_route=\/wp\/v2\/users\/1"}],"replies":[{"embeddable":true,"href":"https:\/\/pornuestrolaredo.com\/index.php?rest_route=%2Fwp%2Fv2%2Fcomments&post=1168"}],"version-history":[{"count":2,"href":"https:\/\/pornuestrolaredo.com\/index.php?rest_route=\/wp\/v2\/posts\/1168\/revisions"}],"predecessor-version":[{"id":1171,"href":"https:\/\/pornuestrolaredo.com\/index.php?rest_route=\/wp\/v2\/posts\/1168\/revisions\/1171"}],"wp:featuredmedia":[{"embeddable":true,"href":"https:\/\/pornuestrolaredo.com\/index.php?rest_route=\/wp\/v2\/media\/1170"}],"wp:attachment":[{"href":"https:\/\/pornuestrolaredo.com\/index.php?rest_route=%2Fwp%2Fv2%2Fmedia&parent=1168"}],"wp:term":[{"taxonomy":"category","embeddable":true,"href":"https:\/\/pornuestrolaredo.com\/index.php?rest_route=%2Fwp%2Fv2%2Fcategories&post=1168"},{"taxonomy":"post_tag","embeddable":true,"href":"https:\/\/pornuestrolaredo.com\/index.php?rest_route=%2Fwp%2Fv2%2Ftags&post=1168"}],"curies":[{"name":"wp","href":"https:\/\/api.w.org\/{rel}","templated":true}]}}