{"id":1172,"date":"2022-11-21T04:27:52","date_gmt":"2022-11-21T04:27:52","guid":{"rendered":"https:\/\/pornuestrolaredo.com\/?p=1172"},"modified":"2022-11-21T04:27:52","modified_gmt":"2022-11-21T04:27:52","slug":"sopesa-biden-ir-por-la-reeleccion","status":"publish","type":"post","link":"https:\/\/pornuestrolaredo.com\/?p=1172","title":{"rendered":"Sopesa Biden ir por la reelecci\u00f3n"},"content":{"rendered":"<p><strong><em>WASHINGTON.-<\/em><\/strong> Personas de ochenta y tantos a\u00f1os gobiernan pa\u00edses, crean arte impresionante y consiguen haza\u00f1as de resistencia f\u00edsica, incluso escalar el Everest. Joe Biden cumple 80 a\u00f1os el domingo y muy pronto deber\u00e1 decidir si le queda otra monta\u00f1a por subir: un segundo mandato presidencial.<\/p>\n<p>Por ahora, abundan preguntas sobre si \u00e9l tiene lo necesario para contender de nuevo por la cima.<\/p>\n<p>Biden, el presidente m\u00e1s viejo en la historia de Estados Unidos, cumple a\u00f1os en una encrucijada, en la que \u00e9l y su familia enfrentan una decisi\u00f3n en los pr\u00f3ximos meses sobre si debe anunciar sus aspiraciones a la reelecci\u00f3n.<\/p>\n<p>Colaboradores y aliados de Biden dicen que \u00e9l s\u00ed planea presentarse a una nueva contienda, pero el presidente ha sonado ambiguo. \u201cMi intenci\u00f3n es presentarme de nuevo\u201d, dijo en una conferencia de prensa esta semana. \u201cPero yo respeto mucho la suerte\u201d.<\/p>\n<blockquote><p>Vamos a analizarlo\u201d, agreg\u00f3. Sus asistentes esperan que esas conversaciones cobren fuerza durante los feriados de fin de a\u00f1o y no esperan una decisi\u00f3n antes de 2023.<\/p><\/blockquote>\n<p>Observar a Biden trabajando es ver a un l\u00edder aprovechar un almac\u00e9n de conocimiento acumulado durante m\u00e1s de medio siglo en cargos p\u00fablicos y relaciones personales profundas en el pa\u00eds y en el exterior, su conocimiento de pol\u00edticas y su familiaridad con la forma en que funciona Washington. Dicho de forma simple, la sabidur\u00eda que trae la edad, pero observarlo tambi\u00e9n es verlo caminar ahora con pasos titubeantes.<\/p>\n<p>Es verle no participar en una cena formal con otros l\u00edderes sin una explicaci\u00f3n real, como sucedi\u00f3 durante su viaje al extranjero esta semana. Algunos de sus partidarios se apenan cuando \u00e9l habla, esperando que logre terminar sus declaraciones sin problemas.<\/p>\n","protected":false},"excerpt":{"rendered":"<p>Con 80 a\u00f1os, el presidente norteamericano analiza su buscar\u00e1 un segundo mandato presidencial<\/p>\n","protected":false},"author":1,"featured_media":1174,"comment_status":"closed","ping_status":"closed","sticky":false,"template":"","format":"standard","meta":{"_crdt_document":"","_jetpack_memberships_contains_paid_content":false,"footnotes":"","jetpack_publicize_message":"","jetpack_publicize_feature_enabled":true,"jetpack_social_post_already_shared":true,"jetpack_social_options":{"image_generator_settings":{"template":"highway","default_image_id":0,"font":"","enabled":false},"version":2},"_wpas_customize_per_network":false},"categories":[9],"tags":[],"class_list":["post-1172","post","type-post","status-publish","format-standard","has-post-thumbnail","hentry","category-el-mundo"],"magazineBlocksPostFeaturedMedia":{"thumbnail":"https:\/\/pornuestrolaredo.com\/wp-content\/uploads\/2022\/11\/107FM-20221120-2-150x150.jpeg","medium":"https:\/\/pornuestrolaredo.com\/wp-content\/uploads\/2022\/11\/107FM-20221120-2-300x200.jpeg","medium_large":"https:\/\/pornuestrolaredo.com\/wp-content\/uploads\/2022\/11\/107FM-20221120-2-768x512.jpeg","large":"https:\/\/pornuestrolaredo.com\/wp-content\/uploads\/2022\/11\/107FM-20221120-2.jpeg","1536x1536":"https:\/\/pornuestrolaredo.com\/wp-content\/uploads\/2022\/11\/107FM-20221120-2.jpeg","2048x2048":"https:\/\/pornuestrolaredo.com\/wp-content\/uploads\/2022\/11\/107FM-20221120-2.jpeg","morenews-large":"https:\/\/pornuestrolaredo.com\/wp-content\/uploads\/2022\/11\/107FM-20221120-2.jpeg","morenews-medium":"https:\/\/pornuestrolaredo.com\/wp-content\/uploads\/2022\/11\/107FM-20221120-2.jpeg"},"magazineBlocksPostAuthor":{"name":"Redactor","avatar":"https:\/\/pornuestrolaredo.com\/wp-content\/litespeed\/avatar\/dca1d7ec750c399f025f23b0b314f4cf.jpg?ver=1777612120"},"magazineBlocksPostCommentsNumber":false,"magazineBlocksPostExcerpt":"Con 80 a\u00f1os, el presidente norteamericano analiza su buscar\u00e1 un segundo mandato presidencial","magazineBlocksPostCategories":["El Mundo"],"magazineBlocksPostViewCount":130,"magazineBlocksPostReadTime":2,"magazine_blocks_featured_image_url":{"full":["https:\/\/pornuestrolaredo.com\/wp-content\/uploads\/2022\/11\/107FM-20221120-2.jpeg",1000,667,false],"medium":["https:\/\/pornuestrolaredo.com\/wp-content\/uploads\/2022\/11\/107FM-20221120-2-300x200.jpeg",300,200,true],"thumbnail":["https:\/\/pornuestrolaredo.com\/wp-content\/uploads\/2022\/11\/107FM-20221120-2-150x150.jpeg",150,150,true]},"magazine_blocks_author":{"display_name":"Redactor","author_link":"https:\/\/pornuestrolaredo.com\/?author=1"},"magazine_blocks_comment":0,"magazine_blocks_author_image":"https:\/\/pornuestrolaredo.com\/wp-content\/litespeed\/avatar\/dca1d7ec750c399f025f23b0b314f4cf.jpg?ver=1777612120","magazine_blocks_category":"<a href=\"#\" class=\"category-link category-link-9\">El Mundo<\/a>","jetpack_publicize_connections":[],"featured_image_urls":{"full":["https:\/\/pornuestrolaredo.com\/wp-content\/uploads\/2022\/11\/107FM-20221120-2.jpeg",1000,667,false],"thumbnail":["https:\/\/pornuestrolaredo.com\/wp-content\/uploads\/2022\/11\/107FM-20221120-2-150x150.jpeg",150,150,true],"medium":["https:\/\/pornuestrolaredo.com\/wp-content\/uploads\/2022\/11\/107FM-20221120-2-300x200.jpeg",300,200,true],"medium_large":["https:\/\/pornuestrolaredo.com\/wp-content\/uploads\/2022\/11\/107FM-20221120-2-768x512.jpeg",640,427,true],"large":["https:\/\/pornuestrolaredo.com\/wp-content\/uploads\/2022\/11\/107FM-20221120-2.jpeg",640,427,false],"1536x1536":["https:\/\/pornuestrolaredo.com\/wp-content\/uploads\/2022\/11\/107FM-20221120-2.jpeg",1000,667,false],"2048x2048":["https:\/\/pornuestrolaredo.com\/wp-content\/uploads\/2022\/11\/107FM-20221120-2.jpeg",1000,667,false],"morenews-large":["https:\/\/pornuestrolaredo.com\/wp-content\/uploads\/2022\/11\/107FM-20221120-2.jpeg",825,550,false],"morenews-medium":["https:\/\/pornuestrolaredo.com\/wp-content\/uploads\/2022\/11\/107FM-20221120-2.jpeg",590,394,false]},"author_info":{"info":["Redactor"]},"category_info":"<a href=\"https:\/\/pornuestrolaredo.com\/?cat=9\" rel=\"category\">El Mundo<\/a>","tag_info":"El Mundo","comment_count":"0","jetpack_featured_media_url":"https:\/\/pornuestrolaredo.com\/wp-content\/uploads\/2022\/11\/107FM-20221120-2.jpeg","jetpack_sharing_enabled":true,"_links":{"self":[{"href":"https:\/\/pornuestrolaredo.com\/index.php?rest_route=\/wp\/v2\/posts\/1172","targetHints":{"allow":["GET"]}}],"collection":[{"href":"https:\/\/pornuestrolaredo.com\/index.php?rest_route=\/wp\/v2\/posts"}],"about":[{"href":"https:\/\/pornuestrolaredo.com\/index.php?rest_route=\/wp\/v2\/types\/post"}],"author":[{"embeddable":true,"href":"https:\/\/pornuestrolaredo.com\/index.php?rest_route=\/wp\/v2\/users\/1"}],"replies":[{"embeddable":true,"href":"https:\/\/pornuestrolaredo.com\/index.php?rest_route=%2Fwp%2Fv2%2Fcomments&post=1172"}],"version-history":[{"count":2,"href":"https:\/\/pornuestrolaredo.com\/index.php?rest_route=\/wp\/v2\/posts\/1172\/revisions"}],"predecessor-version":[{"id":1175,"href":"https:\/\/pornuestrolaredo.com\/index.php?rest_route=\/wp\/v2\/posts\/1172\/revisions\/1175"}],"wp:featuredmedia":[{"embeddable":true,"href":"https:\/\/pornuestrolaredo.com\/index.php?rest_route=\/wp\/v2\/media\/1174"}],"wp:attachment":[{"href":"https:\/\/pornuestrolaredo.com\/index.php?rest_route=%2Fwp%2Fv2%2Fmedia&parent=1172"}],"wp:term":[{"taxonomy":"category","embeddable":true,"href":"https:\/\/pornuestrolaredo.com\/index.php?rest_route=%2Fwp%2Fv2%2Fcategories&post=1172"},{"taxonomy":"post_tag","embeddable":true,"href":"https:\/\/pornuestrolaredo.com\/index.php?rest_route=%2Fwp%2Fv2%2Ftags&post=1172"}],"curies":[{"name":"wp","href":"https:\/\/api.w.org\/{rel}","templated":true}]}}