{"id":1183,"date":"2022-11-22T04:55:38","date_gmt":"2022-11-22T04:55:38","guid":{"rendered":"https:\/\/pornuestrolaredo.com\/?p=1183"},"modified":"2022-11-22T04:55:38","modified_gmt":"2022-11-22T04:55:38","slug":"fallece-pablo-milanes-el-trovador-cubano","status":"publish","type":"post","link":"https:\/\/pornuestrolaredo.com\/?p=1183","title":{"rendered":"Fallece Pablo Milan\u00e9s, el Trovador Cubano"},"content":{"rendered":"\r\n<p class=\"wp-block-paragraph\"><strong><em>MADRID.- <\/em><\/strong>El cantante cubano Pablo Milan\u00e9s, muri\u00f3 a los 79 a\u00f1os en Madrid, Espa\u00f1a, donde se encontraba hospitalizado desde el 11 de noviembre. <\/p>\r\n\r\n\r\n\r\n<p class=\"wp-block-paragraph\">En las redes sociales del cubano confirmaron su muerte en Madrid, durante la madrugada del 22 de noviembre (hora de Madrid).<\/p>\r\n\r\n\r\n\r\n<blockquote class=\"wp-block-quote is-layout-flow wp-block-quote-is-layout-flow\"><p>Con gran dolor y tristeza, lamentamos informar que el maestro Pablo Milan\u00e9s ha fallecido esta madrugada del 22 de noviembre en Madrid&#8221;<\/p><\/blockquote>\r\n\r\n\r\n\r\n<p class=\"wp-block-paragraph\">&#8220;Agradecemos profundamente todas las muestras de cari\u00f1o y apoyo, a toda su familia y amigos, en estos momentos tan dif\u00edciles&#8221;<\/p>\r\n\r\n\r\n\r\n<p class=\"wp-block-paragraph\">&#8220;Que descanse en el amor y en la paz que siempre ha transmitido. Permanecer\u00e1 eternamente en nuestra memoria&#8221;<\/p>\r\n\r\n\r\n\r\n<p class=\"wp-block-paragraph\">El trovador hab\u00eda sido hospitalizado tras sufrir una serie de infecciones sumadas a su delicada salud.<\/p>\r\n\r\n\r\n\r\n<p class=\"wp-block-paragraph\">El autor de Yolanda y El Breve espacio en que no est\u00e1, hab\u00eda sido afectado por una serie de infecciones recurrentes, inform\u00f3 su familia en\r\nsu momento.<\/p>\r\n\r\n\r\n\r\n<p class=\"wp-block-paragraph\">El fundador de la Nueva Trova Cubana junto a Silvio Rodr\u00edguez y Noel Nola, sufr\u00eda &#8220;desde hace varios a\u00f1os&#8221; una\r\n&#8220;enfermedad oncohematol\u00f3gica&#8221; que le oblig\u00f3 a instalarse en Madrid a finales de 2017 &#8220;para recibir un tratamiento inexistente en su pa\u00eds&#8221;, precis\u00f3 el comunicado.<\/p>\r\n\r\n\r\n\r\n<p class=\"wp-block-paragraph\">El m\u00fasico cubano cancel\u00f3 sus \u00faltimos conciertos en Espa\u00f1a y la Rep\u00fablica Dominicana y su actividad art\u00edstica tras ser hospitalizado el 11 de noviembre.<\/p>\r\n\r\n\r\n\r\n<p class=\"wp-block-paragraph\" style=\"text-align:center\"><strong>EL \u00daLTIMO VIDEO DE PABLO MILAN\u00c9S<\/strong><\/p>\r\n\r\n\r\n\r\n<p class=\"wp-block-paragraph\">Este 20 de noviembre, el autor de La Soledad, comparti\u00f3 en sus redes sociales el video de un concierto en Murcia, en donde interpret\u00f3, Los D\u00edas de gloria, como parte de su Tour D\u00edas de Luz.<\/p>\r\n\r\n\r\n\r\n<p class=\"wp-block-paragraph\">\u201cTour D\u00edas de Luz 2021 Las Torres de Cotillas, Murcia, 12 de junio de 2021 Auditorio Juan Ba\u00f1o\u201d, escribi\u00f3 para acompa\u00f1ar el clip<\/p>\r\n\r\n\r\n\r\n<p class=\"wp-block-paragraph\" style=\"text-align:center\"><strong>\u00bfQUI\u00c9N FUE PABLO MILAN\u00c9S?<\/strong><\/p>\r\n\r\n\r\n\r\n<p class=\"wp-block-paragraph\">Nacido el 24 de febrero de 1943 en Bayamo (al este de Cuba), la familia de Milan\u00e9s se mud\u00f3 a La Habana en los a\u00f1os 1950, en un momento de gran ebullici\u00f3n y brillo de la m\u00fasica cubana, para que estudiara m\u00fasica en el conservatorio.<\/p>\r\n\r\n\r\n\r\n<p class=\"wp-block-paragraph\">A lo largo de su carrera, Milan\u00e9s grab\u00f3 decenas de discos, y musicaliz\u00f3 a poetas como Cesar Vallejo, Nicol\u00e1s Guill\u00e9n y Jos\u00e9 Mart\u00ed.<\/p>\r\n\r\n\r\n\r\n<p class=\"wp-block-paragraph\">En 1985, Joan Manuel Serrat, Ana Bel\u00e9n, Luis Eduardo Aute, Silvio Rodr\u00edguez y otros, le rindieron homenaje en el \u00e1lbum &#8220;Querido Pablo&#8221;, interpretando junto a \u00e9l sus canciones m\u00e1s emblem\u00e1ticas.<\/p>\r\n\r\n\r\n\r\n<p class=\"wp-block-paragraph\">Tras difundirse la muerte del trovador, m\u00fasicos y diversas personalidades enviaron sus condolencias a la familia del m\u00fasico.<\/p>\r\n","protected":false},"excerpt":{"rendered":"<p>El autor de Yolanda y El Breve espacio en que no est\u00e1 ten\u00eda 79 a\u00f1os y fue afectado por una larga serie de infecciones<\/p>\n","protected":false},"author":1,"featured_media":1184,"comment_status":"closed","ping_status":"closed","sticky":false,"template":"","format":"standard","meta":{"_crdt_document":"","_jetpack_memberships_contains_paid_content":false,"footnotes":"","jetpack_publicize_message":"","jetpack_publicize_feature_enabled":true,"jetpack_social_post_already_shared":true,"jetpack_social_options":{"image_generator_settings":{"template":"highway","default_image_id":0,"font":"","enabled":false},"version":2},"_wpas_customize_per_network":false},"categories":[9],"tags":[],"class_list":["post-1183","post","type-post","status-publish","format-standard","has-post-thumbnail","hentry","category-el-mundo"],"magazineBlocksPostFeaturedMedia":{"thumbnail":"https:\/\/pornuestrolaredo.com\/wp-content\/uploads\/2022\/11\/PNL-20221121-1-150x150.jpeg","medium":"https:\/\/pornuestrolaredo.com\/wp-content\/uploads\/2022\/11\/PNL-20221121-1-300x169.jpeg","medium_large":"https:\/\/pornuestrolaredo.com\/wp-content\/uploads\/2022\/11\/PNL-20221121-1-768x432.jpeg","large":"https:\/\/pornuestrolaredo.com\/wp-content\/uploads\/2022\/11\/PNL-20221121-1-1024x576.jpeg","1536x1536":"https:\/\/pornuestrolaredo.com\/wp-content\/uploads\/2022\/11\/PNL-20221121-1.jpeg","2048x2048":"https:\/\/pornuestrolaredo.com\/wp-content\/uploads\/2022\/11\/PNL-20221121-1.jpeg","morenews-large":"https:\/\/pornuestrolaredo.com\/wp-content\/uploads\/2022\/11\/PNL-20221121-1.jpeg","morenews-medium":"https:\/\/pornuestrolaredo.com\/wp-content\/uploads\/2022\/11\/PNL-20221121-1.jpeg"},"magazineBlocksPostAuthor":{"name":"Redactor","avatar":"https:\/\/pornuestrolaredo.com\/wp-content\/litespeed\/avatar\/dca1d7ec750c399f025f23b0b314f4cf.jpg?ver=1777612120"},"magazineBlocksPostCommentsNumber":false,"magazineBlocksPostExcerpt":"El autor de Yolanda y El Breve espacio en que no est\u00e1 ten\u00eda 79 a\u00f1os y fue afectado por una larga serie de infecciones","magazineBlocksPostCategories":["El Mundo"],"magazineBlocksPostViewCount":127,"magazineBlocksPostReadTime":3,"magazine_blocks_featured_image_url":{"full":["https:\/\/pornuestrolaredo.com\/wp-content\/uploads\/2022\/11\/PNL-20221121-1.jpeg",1200,675,false],"medium":["https:\/\/pornuestrolaredo.com\/wp-content\/uploads\/2022\/11\/PNL-20221121-1-300x169.jpeg",300,169,true],"thumbnail":["https:\/\/pornuestrolaredo.com\/wp-content\/uploads\/2022\/11\/PNL-20221121-1-150x150.jpeg",150,150,true]},"magazine_blocks_author":{"display_name":"Redactor","author_link":"https:\/\/pornuestrolaredo.com\/?author=1"},"magazine_blocks_comment":0,"magazine_blocks_author_image":"https:\/\/pornuestrolaredo.com\/wp-content\/litespeed\/avatar\/dca1d7ec750c399f025f23b0b314f4cf.jpg?ver=1777612120","magazine_blocks_category":"<a href=\"#\" class=\"category-link category-link-9\">El Mundo<\/a>","jetpack_publicize_connections":[],"featured_image_urls":{"full":["https:\/\/pornuestrolaredo.com\/wp-content\/uploads\/2022\/11\/PNL-20221121-1.jpeg",1200,675,false],"thumbnail":["https:\/\/pornuestrolaredo.com\/wp-content\/uploads\/2022\/11\/PNL-20221121-1-150x150.jpeg",150,150,true],"medium":["https:\/\/pornuestrolaredo.com\/wp-content\/uploads\/2022\/11\/PNL-20221121-1-300x169.jpeg",300,169,true],"medium_large":["https:\/\/pornuestrolaredo.com\/wp-content\/uploads\/2022\/11\/PNL-20221121-1-768x432.jpeg",640,360,true],"large":["https:\/\/pornuestrolaredo.com\/wp-content\/uploads\/2022\/11\/PNL-20221121-1-1024x576.jpeg",640,360,true],"1536x1536":["https:\/\/pornuestrolaredo.com\/wp-content\/uploads\/2022\/11\/PNL-20221121-1.jpeg",1200,675,false],"2048x2048":["https:\/\/pornuestrolaredo.com\/wp-content\/uploads\/2022\/11\/PNL-20221121-1.jpeg",1200,675,false],"morenews-large":["https:\/\/pornuestrolaredo.com\/wp-content\/uploads\/2022\/11\/PNL-20221121-1.jpeg",825,464,false],"morenews-medium":["https:\/\/pornuestrolaredo.com\/wp-content\/uploads\/2022\/11\/PNL-20221121-1.jpeg",590,332,false]},"author_info":{"info":["Redactor"]},"category_info":"<a href=\"https:\/\/pornuestrolaredo.com\/?cat=9\" rel=\"category\">El Mundo<\/a>","tag_info":"El Mundo","comment_count":"0","jetpack_featured_media_url":"https:\/\/pornuestrolaredo.com\/wp-content\/uploads\/2022\/11\/PNL-20221121-1.jpeg","jetpack_sharing_enabled":true,"_links":{"self":[{"href":"https:\/\/pornuestrolaredo.com\/index.php?rest_route=\/wp\/v2\/posts\/1183","targetHints":{"allow":["GET"]}}],"collection":[{"href":"https:\/\/pornuestrolaredo.com\/index.php?rest_route=\/wp\/v2\/posts"}],"about":[{"href":"https:\/\/pornuestrolaredo.com\/index.php?rest_route=\/wp\/v2\/types\/post"}],"author":[{"embeddable":true,"href":"https:\/\/pornuestrolaredo.com\/index.php?rest_route=\/wp\/v2\/users\/1"}],"replies":[{"embeddable":true,"href":"https:\/\/pornuestrolaredo.com\/index.php?rest_route=%2Fwp%2Fv2%2Fcomments&post=1183"}],"version-history":[{"count":1,"href":"https:\/\/pornuestrolaredo.com\/index.php?rest_route=\/wp\/v2\/posts\/1183\/revisions"}],"predecessor-version":[{"id":1185,"href":"https:\/\/pornuestrolaredo.com\/index.php?rest_route=\/wp\/v2\/posts\/1183\/revisions\/1185"}],"wp:featuredmedia":[{"embeddable":true,"href":"https:\/\/pornuestrolaredo.com\/index.php?rest_route=\/wp\/v2\/media\/1184"}],"wp:attachment":[{"href":"https:\/\/pornuestrolaredo.com\/index.php?rest_route=%2Fwp%2Fv2%2Fmedia&parent=1183"}],"wp:term":[{"taxonomy":"category","embeddable":true,"href":"https:\/\/pornuestrolaredo.com\/index.php?rest_route=%2Fwp%2Fv2%2Fcategories&post=1183"},{"taxonomy":"post_tag","embeddable":true,"href":"https:\/\/pornuestrolaredo.com\/index.php?rest_route=%2Fwp%2Fv2%2Ftags&post=1183"}],"curies":[{"name":"wp","href":"https:\/\/api.w.org\/{rel}","templated":true}]}}