{"id":1198,"date":"2022-11-22T20:25:54","date_gmt":"2022-11-22T20:25:54","guid":{"rendered":"https:\/\/pornuestrolaredo.com\/?p=1198"},"modified":"2022-11-22T20:34:48","modified_gmt":"2022-11-22T20:34:48","slug":"sacude-sismo-a-baja-california","status":"publish","type":"post","link":"https:\/\/pornuestrolaredo.com\/?p=1198","title":{"rendered":"Sacude sismo a Baja California"},"content":{"rendered":"<p><strong><em>MEXICALI.-<\/em> <\/strong>El Servicio Sismol\u00f3gico Nacional (SSN) registr\u00f3 un sismo hoy 22 de noviembre de 2022 de magnitud 6.2 en Vicente Guerrero, Baja California, sin que hasta el momento se tenga reporte de da\u00f1os o v\u00edctimas mortales, adem\u00e1s se descart\u00f3 la alerta de tsunami en la zona.<\/p>\n<p>De acuerdo con las redes sociales del SSN, el temblor hoy 22 de noviembre de 2022 tuvo como epicentro Vicente Guerrero, Baja California, a una profundidad de 10 kil\u00f3metros.<\/p>\n<p>En el preliminar, el SSN hab\u00eda indicado que el movimiento hab\u00eda tenido una magnitud de 6, pocos minutos despu\u00e9s lo ajust\u00f3.<\/p>\n<p>La gobernadora de Baja California, Marina del Pilar, indic\u00f3 en su cuenta de Twitter que la Coordinaci\u00f3n Estatal de Protecci\u00f3n Civil est\u00e1 realizando el monitoreo de posibles da\u00f1os provocados por este movimiento tel\u00farico.<\/p>\n<blockquote><p>Les pido estar atentas y atentos a la informaci\u00f3n que emitan las fuentes oficiales\u201d, agreg\u00f3.<\/p><\/blockquote>\n<p>Asimismo, Laura Vel\u00e1zquez, coordinadora Nacional de Protecci\u00f3n Civil, indic\u00f3 que el temblor se hab\u00eda sentido muy fuerte en San Quint\u00edn.<\/p>\n<p>El Centro Nacional de Alerta de Tsunamis de Estados Unidos descart\u00f3 activar la alerta por el temblor magnitud 6.2 de esta ma\u00f1ana. En redes sociales, los usuarios comenzaron a bromear sobre el partido de M\u00e9xico vs Polonia, al indicar que el pa\u00eds estaba nervioso y por eso el movimiento tel\u00farico de hoy 22 de noviembre de 2022.<\/p>\n","protected":false},"excerpt":{"rendered":"<p>Servicio Sismol\u00f3gico Nacional asegura que la magnitud del temblor fue de 6.2 grados<\/p>\n","protected":false},"author":1,"featured_media":1201,"comment_status":"closed","ping_status":"closed","sticky":false,"template":"","format":"standard","meta":{"_crdt_document":"","_jetpack_memberships_contains_paid_content":false,"footnotes":"","jetpack_publicize_message":"","jetpack_publicize_feature_enabled":true,"jetpack_social_post_already_shared":true,"jetpack_social_options":{"image_generator_settings":{"template":"highway","default_image_id":0,"font":"","enabled":false},"version":2},"_wpas_customize_per_network":false},"categories":[9],"tags":[],"class_list":["post-1198","post","type-post","status-publish","format-standard","has-post-thumbnail","hentry","category-el-mundo"],"magazineBlocksPostFeaturedMedia":{"thumbnail":"https:\/\/pornuestrolaredo.com\/wp-content\/uploads\/2022\/11\/Stereo91-20221122-6-150x150.jpeg","medium":"https:\/\/pornuestrolaredo.com\/wp-content\/uploads\/2022\/11\/Stereo91-20221122-6-300x162.jpeg","medium_large":"https:\/\/pornuestrolaredo.com\/wp-content\/uploads\/2022\/11\/Stereo91-20221122-6-768x415.jpeg","large":"https:\/\/pornuestrolaredo.com\/wp-content\/uploads\/2022\/11\/Stereo91-20221122-6.jpeg","1536x1536":"https:\/\/pornuestrolaredo.com\/wp-content\/uploads\/2022\/11\/Stereo91-20221122-6.jpeg","2048x2048":"https:\/\/pornuestrolaredo.com\/wp-content\/uploads\/2022\/11\/Stereo91-20221122-6.jpeg","morenews-large":"https:\/\/pornuestrolaredo.com\/wp-content\/uploads\/2022\/11\/Stereo91-20221122-6.jpeg","morenews-medium":"https:\/\/pornuestrolaredo.com\/wp-content\/uploads\/2022\/11\/Stereo91-20221122-6.jpeg"},"magazineBlocksPostAuthor":{"name":"Redactor","avatar":"https:\/\/pornuestrolaredo.com\/wp-content\/litespeed\/avatar\/dca1d7ec750c399f025f23b0b314f4cf.jpg?ver=1777612120"},"magazineBlocksPostCommentsNumber":false,"magazineBlocksPostExcerpt":"Servicio Sismol\u00f3gico Nacional asegura que la magnitud del temblor fue de 6.2 grados","magazineBlocksPostCategories":["El Mundo"],"magazineBlocksPostViewCount":126,"magazineBlocksPostReadTime":2,"magazine_blocks_featured_image_url":{"full":["https:\/\/pornuestrolaredo.com\/wp-content\/uploads\/2022\/11\/Stereo91-20221122-6.jpeg",800,432,false],"medium":["https:\/\/pornuestrolaredo.com\/wp-content\/uploads\/2022\/11\/Stereo91-20221122-6-300x162.jpeg",300,162,true],"thumbnail":["https:\/\/pornuestrolaredo.com\/wp-content\/uploads\/2022\/11\/Stereo91-20221122-6-150x150.jpeg",150,150,true]},"magazine_blocks_author":{"display_name":"Redactor","author_link":"https:\/\/pornuestrolaredo.com\/?author=1"},"magazine_blocks_comment":0,"magazine_blocks_author_image":"https:\/\/pornuestrolaredo.com\/wp-content\/litespeed\/avatar\/dca1d7ec750c399f025f23b0b314f4cf.jpg?ver=1777612120","magazine_blocks_category":"<a href=\"#\" class=\"category-link category-link-9\">El Mundo<\/a>","jetpack_publicize_connections":[],"featured_image_urls":{"full":["https:\/\/pornuestrolaredo.com\/wp-content\/uploads\/2022\/11\/Stereo91-20221122-6.jpeg",800,432,false],"thumbnail":["https:\/\/pornuestrolaredo.com\/wp-content\/uploads\/2022\/11\/Stereo91-20221122-6-150x150.jpeg",150,150,true],"medium":["https:\/\/pornuestrolaredo.com\/wp-content\/uploads\/2022\/11\/Stereo91-20221122-6-300x162.jpeg",300,162,true],"medium_large":["https:\/\/pornuestrolaredo.com\/wp-content\/uploads\/2022\/11\/Stereo91-20221122-6-768x415.jpeg",640,346,true],"large":["https:\/\/pornuestrolaredo.com\/wp-content\/uploads\/2022\/11\/Stereo91-20221122-6.jpeg",640,346,false],"1536x1536":["https:\/\/pornuestrolaredo.com\/wp-content\/uploads\/2022\/11\/Stereo91-20221122-6.jpeg",800,432,false],"2048x2048":["https:\/\/pornuestrolaredo.com\/wp-content\/uploads\/2022\/11\/Stereo91-20221122-6.jpeg",800,432,false],"morenews-large":["https:\/\/pornuestrolaredo.com\/wp-content\/uploads\/2022\/11\/Stereo91-20221122-6.jpeg",800,432,false],"morenews-medium":["https:\/\/pornuestrolaredo.com\/wp-content\/uploads\/2022\/11\/Stereo91-20221122-6.jpeg",590,319,false]},"author_info":{"info":["Redactor"]},"category_info":"<a href=\"https:\/\/pornuestrolaredo.com\/?cat=9\" rel=\"category\">El Mundo<\/a>","tag_info":"El Mundo","comment_count":"0","jetpack_featured_media_url":"https:\/\/pornuestrolaredo.com\/wp-content\/uploads\/2022\/11\/Stereo91-20221122-6.jpeg","jetpack_sharing_enabled":true,"_links":{"self":[{"href":"https:\/\/pornuestrolaredo.com\/index.php?rest_route=\/wp\/v2\/posts\/1198","targetHints":{"allow":["GET"]}}],"collection":[{"href":"https:\/\/pornuestrolaredo.com\/index.php?rest_route=\/wp\/v2\/posts"}],"about":[{"href":"https:\/\/pornuestrolaredo.com\/index.php?rest_route=\/wp\/v2\/types\/post"}],"author":[{"embeddable":true,"href":"https:\/\/pornuestrolaredo.com\/index.php?rest_route=\/wp\/v2\/users\/1"}],"replies":[{"embeddable":true,"href":"https:\/\/pornuestrolaredo.com\/index.php?rest_route=%2Fwp%2Fv2%2Fcomments&post=1198"}],"version-history":[{"count":1,"href":"https:\/\/pornuestrolaredo.com\/index.php?rest_route=\/wp\/v2\/posts\/1198\/revisions"}],"predecessor-version":[{"id":1200,"href":"https:\/\/pornuestrolaredo.com\/index.php?rest_route=\/wp\/v2\/posts\/1198\/revisions\/1200"}],"wp:featuredmedia":[{"embeddable":true,"href":"https:\/\/pornuestrolaredo.com\/index.php?rest_route=\/wp\/v2\/media\/1201"}],"wp:attachment":[{"href":"https:\/\/pornuestrolaredo.com\/index.php?rest_route=%2Fwp%2Fv2%2Fmedia&parent=1198"}],"wp:term":[{"taxonomy":"category","embeddable":true,"href":"https:\/\/pornuestrolaredo.com\/index.php?rest_route=%2Fwp%2Fv2%2Fcategories&post=1198"},{"taxonomy":"post_tag","embeddable":true,"href":"https:\/\/pornuestrolaredo.com\/index.php?rest_route=%2Fwp%2Fv2%2Ftags&post=1198"}],"curies":[{"name":"wp","href":"https:\/\/api.w.org\/{rel}","templated":true}]}}