{"id":1235,"date":"2022-11-26T05:22:02","date_gmt":"2022-11-26T05:22:02","guid":{"rendered":"https:\/\/pornuestrolaredo.com\/?p=1235"},"modified":"2022-11-26T05:22:02","modified_gmt":"2022-11-26T05:22:02","slug":"acuerdan-trasvase-nuevo-leon-y-tamaulipas","status":"publish","type":"post","link":"https:\/\/pornuestrolaredo.com\/?p=1235","title":{"rendered":"Acuerdan trasvase Nuevo Le\u00f3n y Tamaulipas"},"content":{"rendered":"<p><strong><em>CIUDAD VICTORIA. &#8211;<\/em> <\/strong>El secretario de Gobernaci\u00f3n, Ad\u00e1n Augusto L\u00f3pez Hern\u00e1ndez, atestigu\u00f3 el acuerdo entre los estados de Tamaulipas y Nuevo Le\u00f3n, que garantiza el trasvase de 200 millones de metros c\u00fabicos de agua, que se realizar\u00e1 a partir del pr\u00f3ximo domingo 27 de noviembre, de la presa El Cuchillo a la Marte R. G\u00f3mez, en beneficio de los productores del Distrito de Riego 026.<\/p>\n<p>Durante el evento, el gobernador de Tamaulipas, Am\u00e9rico Villarreal Anaya afirm\u00f3 que nunca m\u00e1s el trasvase de El Cuchillo, deber\u00e1 ser un asunto de negociaci\u00f3n y mand\u00f3 un claro mensaje se\u00f1alando que, Tamaulipas seguir\u00e1 siendo en el futuro, parte importante en la soluci\u00f3n a todos los desaf\u00edos regionales.<\/p>\n<p>En un hecho hist\u00f3rico celebrado, este viernes a mediod\u00eda en el patio Central de Palacio de Gobierno, en ciudad Victoria, el secretario de Gobernaci\u00f3n asegur\u00f3, ante el gobernador Am\u00e9rico Villarreal Anaya y el representante el gobierno de Nuevo Le\u00f3n, Juan Ignacio Barrag\u00e1n Villarreal, que esta jornada es de trascendental importancia, pues nunca antes un gobierno federal hab\u00eda entendido la importancia del agua en la vida cotidiana de los ciudadanos.<\/p>\n<p>Luego de escuchar el anuncio que hizo el director general de la Comisi\u00f3n Nacional del Agua Germ\u00e1n Arturo Mart\u00ednez Santoyo sobre el acuerdo del Comit\u00e9 T\u00e9cnico de Operaci\u00f3n de Obras Hidr\u00e1ulicas de la CONAGUA que aprob\u00f3 trasvasar 200 millones de metros c\u00fabicos para el riego de las zonas agr\u00edcolas de Tamaulipas, Ad\u00e1n Augusto L\u00f3pez, hizo un reconocimiento a los gobernadores de ambos estados, as\u00ed como a los diputados federales y a los propios productores del Distrito 026.<\/p>\n<blockquote><p>Ustedes nos han ense\u00f1ado la cultura del aprovechamiento del agua\u201d, les dijo a los representantes de los m\u00f3dulos del Distrito, presentes en Palacio de Gobierno.<\/p><\/blockquote>\n<p>Asimismo reconoci\u00f3 que este acuerdo, es producto de casi tres meses de mucho trabajo pol\u00edtico y de armonizar el leg\u00edtimo inter\u00e9s de ambos estados.<\/p>\n<blockquote><p>Trabajamos para que no se desataran las pasiones y no empez\u00e1ramos una disputa entre hermanos por los litros de agua y lo hicimos; fueron 3 meses de mucho trabajo, trabajo de armonizar los leg\u00edtimos intereses de los neoloneses y los tamaulipecos\u201d, dijo.<\/p><\/blockquote>\n<p>En su participaci\u00f3n, el secretario de Gobernaci\u00f3n se refiri\u00f3 a la inversi\u00f3n hist\u00f3rica del Gobierno de Andr\u00e9s Manuel L\u00f3pez Obrador para atender la demanda de agua en otros estados, destacando una inversi\u00f3n de 100 mil millones de pesos en cuatro a\u00f1os.<\/p>\n<p>Adem\u00e1s confirm\u00f3 que el Gobierno Federal apoyar\u00e1 la construcci\u00f3n a m\u00e1s tardar, en 2024, del colector de agua perimetral en Monterrey. El director general de la Comisi\u00f3n Nacional del Agua Germ\u00e1n Arturo Mart\u00ednez Santoyo hizo una amplia explicaci\u00f3n t\u00e9cnica y present\u00f3 los detalles del acuerdo, que asegur\u00f3 no afectar\u00e1 el abasto a la zona metropolitana de Monterrey, pues reiter\u00f3 que la presa El Cuchillo, actualmente con un almacenamiento de 756.45 millones de metros c\u00fabicos, est\u00e1 en condiciones de hacer el trasvase a la presa Marte R. G\u00f3mez.<\/p>\n","protected":false},"excerpt":{"rendered":"<p>El secretario de Gobernaci\u00f3n, Ad\u00e1n Augusto L\u00f3pez Hern\u00e1ndez, atestigu\u00f3 la entrega de 200 millones de metros c\u00fabicos de agua <\/p>\n","protected":false},"author":1,"featured_media":1237,"comment_status":"closed","ping_status":"closed","sticky":false,"template":"","format":"standard","meta":{"_crdt_document":"","_jetpack_memberships_contains_paid_content":false,"footnotes":"","jetpack_publicize_message":"","jetpack_publicize_feature_enabled":true,"jetpack_social_post_already_shared":true,"jetpack_social_options":{"image_generator_settings":{"template":"highway","default_image_id":0,"font":"","enabled":false},"version":2},"_wpas_customize_per_network":false},"categories":[11],"tags":[],"class_list":["post-1235","post","type-post","status-publish","format-standard","has-post-thumbnail","hentry","category-tamaulipas"],"magazineBlocksPostFeaturedMedia":{"thumbnail":"https:\/\/pornuestrolaredo.com\/wp-content\/uploads\/2022\/11\/PNL-20221126-1-150x150.jpg","medium":"https:\/\/pornuestrolaredo.com\/wp-content\/uploads\/2022\/11\/PNL-20221126-1-300x200.jpg","medium_large":"https:\/\/pornuestrolaredo.com\/wp-content\/uploads\/2022\/11\/PNL-20221126-1-768x512.jpg","large":"https:\/\/pornuestrolaredo.com\/wp-content\/uploads\/2022\/11\/PNL-20221126-1-1024x682.jpg","1536x1536":"https:\/\/pornuestrolaredo.com\/wp-content\/uploads\/2022\/11\/PNL-20221126-1-1536x1023.jpg","2048x2048":"https:\/\/pornuestrolaredo.com\/wp-content\/uploads\/2022\/11\/PNL-20221126-1.jpg","morenews-large":"https:\/\/pornuestrolaredo.com\/wp-content\/uploads\/2022\/11\/PNL-20221126-1.jpg","morenews-medium":"https:\/\/pornuestrolaredo.com\/wp-content\/uploads\/2022\/11\/PNL-20221126-1.jpg"},"magazineBlocksPostAuthor":{"name":"Redactor","avatar":"https:\/\/pornuestrolaredo.com\/wp-content\/litespeed\/avatar\/dca1d7ec750c399f025f23b0b314f4cf.jpg?ver=1777612120"},"magazineBlocksPostCommentsNumber":false,"magazineBlocksPostExcerpt":"El secretario de Gobernaci\u00f3n, Ad\u00e1n Augusto L\u00f3pez Hern\u00e1ndez, atestigu\u00f3 la entrega de 200 millones de metros c\u00fabicos de agua ","magazineBlocksPostCategories":["Tamaulipas"],"magazineBlocksPostViewCount":140,"magazineBlocksPostReadTime":3,"magazine_blocks_featured_image_url":{"full":["https:\/\/pornuestrolaredo.com\/wp-content\/uploads\/2022\/11\/PNL-20221126-1.jpg",1600,1066,false],"medium":["https:\/\/pornuestrolaredo.com\/wp-content\/uploads\/2022\/11\/PNL-20221126-1-300x200.jpg",300,200,true],"thumbnail":["https:\/\/pornuestrolaredo.com\/wp-content\/uploads\/2022\/11\/PNL-20221126-1-150x150.jpg",150,150,true]},"magazine_blocks_author":{"display_name":"Redactor","author_link":"https:\/\/pornuestrolaredo.com\/?author=1"},"magazine_blocks_comment":0,"magazine_blocks_author_image":"https:\/\/pornuestrolaredo.com\/wp-content\/litespeed\/avatar\/dca1d7ec750c399f025f23b0b314f4cf.jpg?ver=1777612120","magazine_blocks_category":"<a href=\"#\" class=\"category-link category-link-11\">Tamaulipas<\/a>","jetpack_publicize_connections":[],"featured_image_urls":{"full":["https:\/\/pornuestrolaredo.com\/wp-content\/uploads\/2022\/11\/PNL-20221126-1.jpg",1600,1066,false],"thumbnail":["https:\/\/pornuestrolaredo.com\/wp-content\/uploads\/2022\/11\/PNL-20221126-1-150x150.jpg",150,150,true],"medium":["https:\/\/pornuestrolaredo.com\/wp-content\/uploads\/2022\/11\/PNL-20221126-1-300x200.jpg",300,200,true],"medium_large":["https:\/\/pornuestrolaredo.com\/wp-content\/uploads\/2022\/11\/PNL-20221126-1-768x512.jpg",640,427,true],"large":["https:\/\/pornuestrolaredo.com\/wp-content\/uploads\/2022\/11\/PNL-20221126-1-1024x682.jpg",640,426,true],"1536x1536":["https:\/\/pornuestrolaredo.com\/wp-content\/uploads\/2022\/11\/PNL-20221126-1-1536x1023.jpg",1536,1023,true],"2048x2048":["https:\/\/pornuestrolaredo.com\/wp-content\/uploads\/2022\/11\/PNL-20221126-1.jpg",1600,1066,false],"morenews-large":["https:\/\/pornuestrolaredo.com\/wp-content\/uploads\/2022\/11\/PNL-20221126-1.jpg",825,550,false],"morenews-medium":["https:\/\/pornuestrolaredo.com\/wp-content\/uploads\/2022\/11\/PNL-20221126-1.jpg",590,393,false]},"author_info":{"info":["Redactor"]},"category_info":"<a href=\"https:\/\/pornuestrolaredo.com\/?cat=11\" rel=\"category\">Tamaulipas<\/a>","tag_info":"Tamaulipas","comment_count":"0","jetpack_featured_media_url":"https:\/\/pornuestrolaredo.com\/wp-content\/uploads\/2022\/11\/PNL-20221126-1.jpg","jetpack_sharing_enabled":true,"_links":{"self":[{"href":"https:\/\/pornuestrolaredo.com\/index.php?rest_route=\/wp\/v2\/posts\/1235","targetHints":{"allow":["GET"]}}],"collection":[{"href":"https:\/\/pornuestrolaredo.com\/index.php?rest_route=\/wp\/v2\/posts"}],"about":[{"href":"https:\/\/pornuestrolaredo.com\/index.php?rest_route=\/wp\/v2\/types\/post"}],"author":[{"embeddable":true,"href":"https:\/\/pornuestrolaredo.com\/index.php?rest_route=\/wp\/v2\/users\/1"}],"replies":[{"embeddable":true,"href":"https:\/\/pornuestrolaredo.com\/index.php?rest_route=%2Fwp%2Fv2%2Fcomments&post=1235"}],"version-history":[{"count":2,"href":"https:\/\/pornuestrolaredo.com\/index.php?rest_route=\/wp\/v2\/posts\/1235\/revisions"}],"predecessor-version":[{"id":1238,"href":"https:\/\/pornuestrolaredo.com\/index.php?rest_route=\/wp\/v2\/posts\/1235\/revisions\/1238"}],"wp:featuredmedia":[{"embeddable":true,"href":"https:\/\/pornuestrolaredo.com\/index.php?rest_route=\/wp\/v2\/media\/1237"}],"wp:attachment":[{"href":"https:\/\/pornuestrolaredo.com\/index.php?rest_route=%2Fwp%2Fv2%2Fmedia&parent=1235"}],"wp:term":[{"taxonomy":"category","embeddable":true,"href":"https:\/\/pornuestrolaredo.com\/index.php?rest_route=%2Fwp%2Fv2%2Fcategories&post=1235"},{"taxonomy":"post_tag","embeddable":true,"href":"https:\/\/pornuestrolaredo.com\/index.php?rest_route=%2Fwp%2Fv2%2Ftags&post=1235"}],"curies":[{"name":"wp","href":"https:\/\/api.w.org\/{rel}","templated":true}]}}