{"id":1239,"date":"2022-11-26T05:37:13","date_gmt":"2022-11-26T05:37:13","guid":{"rendered":"https:\/\/pornuestrolaredo.com\/?p=1239"},"modified":"2022-11-26T05:37:13","modified_gmt":"2022-11-26T05:37:13","slug":"fallece-el-actor-hector-bonilla-a-los-83-anos","status":"publish","type":"post","link":"https:\/\/pornuestrolaredo.com\/?p=1239","title":{"rendered":"Fallece el actor H\u00e9ctor Bonilla, a los 83 a\u00f1os"},"content":{"rendered":"<p><strong><em>CIUDAD DE M\u00c9XICO.- <\/em><\/strong>El actor mexicano H\u00e9ctor Bonilla muri\u00f3 este viernes a los 83 a\u00f1os a causa de c\u00e1ncer, as\u00ed lo inform\u00f3 su familia en un comunicado.<\/p>\n<blockquote><p>Por medio de la presente, informamos que hoy, 25 de noviembre de 2022, despu\u00e9s de cuatro a\u00f1os de lucha contra el c\u00e1ncer, muri\u00f3 nuestro amado esposo, padre, abuelo, compa\u00f1ero y ejemplo de vida: H\u00e9ctor Bonilla.<\/p><\/blockquote>\n<blockquote><p>Muri\u00f3 en su casa, en paz, sin dolor y rodeado por su c\u00edrculo m\u00e1s \u00edntimo que lo acompa\u00f1\u00f3 hasta el final&#8221;, dio a conocer su familia.<\/p><\/blockquote>\n<p>H\u00e9ctor Bonilla, quien fue uno de los actores m\u00e1s relevantes del cine y la televisi\u00f3n mexicana, padec\u00eda c\u00e1ncer de ri\u00f1\u00f3n.<\/p>\n<blockquote><p>Somos conscientes de que H\u00e9ctor dej\u00f3 un legado inconmensurable y much\u00edsimos corazones lamentar\u00e1n su p\u00e9rdida. Sepan que, a pesar de la infinita tristeza que nos embarga, estamos tranquilos por despedir a un hombre que se fue sin deberle nada a nadie, que vivi\u00f3 intensa y plenamente&#8221;.<\/p><\/blockquote>\n<p>Tambi\u00e9n compartieron el epitafio que el int\u00e9rprete escribi\u00f3 para s\u00ed mismo.<\/p>\n<blockquote><p>Se acab\u00f3 la funci\u00f3n, no est\u00e9n chingando. El que me vio, me vio. No queda nada&#8221;.<\/p><\/blockquote>\n<p>A este anuncio se unieron instituciones de cultura del pa\u00eds, para dar condolencias por su muerte.<\/p>\n<blockquote><p>La Secretar\u00eda de Cultura lamenta profundamente el fallecimiento del actor H\u00e9ctor Bonilla, egresado de la Escuela de Arte Teatral del INBAL y considerado uno de los mejores actores de M\u00e9xico. Se desarroll\u00f3 en teatro, televisi\u00f3n y cine, donde particip\u00f3 en filmes como Rojo Amanecer&#8221;, escribieron en Twitter.<\/p><\/blockquote>\n<p>En 2019, fue cuando se revel\u00f3 el diagn\u00f3stico, donde el actor asegur\u00f3 que estaba viviendo d\u00edas extra, pues su enfermedad no podr\u00eda tratarse con quimioterapia, no obstante, nunca dej\u00f3 de trabajar.<\/p>\n<p>H\u00e9ctor Bonilla particip\u00f3 en m\u00e1s de 100 producciones, entre ellas cintas y series, como Meridiano, M\u00f3nica y el Profesor, Matin\u00e9e\u00a0 y El Hotel.<\/p>\n<p>En el 2019 el actor fue homenajeado en el Palacio de Bellas Artes con el reconocimiento Trayectorias Notables de las Artes en M\u00e9xico.<\/p>\n","protected":false},"excerpt":{"rendered":"<p>Luego de cuatro a\u00f1os de lucha contra el c\u00e1ncer, Bonilla pierde la batalla en su casa de la Ciudad de M\u00e9xico<\/p>\n","protected":false},"author":1,"featured_media":1241,"comment_status":"closed","ping_status":"closed","sticky":false,"template":"","format":"standard","meta":{"_crdt_document":"","_jetpack_memberships_contains_paid_content":false,"footnotes":"","jetpack_publicize_message":"","jetpack_publicize_feature_enabled":true,"jetpack_social_post_already_shared":true,"jetpack_social_options":{"image_generator_settings":{"template":"highway","default_image_id":0,"font":"","enabled":false},"version":2},"_wpas_customize_per_network":false},"categories":[1],"tags":[],"class_list":["post-1239","post","type-post","status-publish","format-standard","has-post-thumbnail","hentry","category-uncategorized"],"magazineBlocksPostFeaturedMedia":{"thumbnail":"https:\/\/pornuestrolaredo.com\/wp-content\/uploads\/2022\/11\/PNL-20221126--150x150.jpeg","medium":"https:\/\/pornuestrolaredo.com\/wp-content\/uploads\/2022\/11\/PNL-20221126--300x200.jpeg","medium_large":"https:\/\/pornuestrolaredo.com\/wp-content\/uploads\/2022\/11\/PNL-20221126--768x512.jpeg","large":"https:\/\/pornuestrolaredo.com\/wp-content\/uploads\/2022\/11\/PNL-20221126-.jpeg","1536x1536":"https:\/\/pornuestrolaredo.com\/wp-content\/uploads\/2022\/11\/PNL-20221126-.jpeg","2048x2048":"https:\/\/pornuestrolaredo.com\/wp-content\/uploads\/2022\/11\/PNL-20221126-.jpeg","morenews-large":"https:\/\/pornuestrolaredo.com\/wp-content\/uploads\/2022\/11\/PNL-20221126-.jpeg","morenews-medium":"https:\/\/pornuestrolaredo.com\/wp-content\/uploads\/2022\/11\/PNL-20221126-.jpeg"},"magazineBlocksPostAuthor":{"name":"Redactor","avatar":"https:\/\/pornuestrolaredo.com\/wp-content\/litespeed\/avatar\/dca1d7ec750c399f025f23b0b314f4cf.jpg?ver=1777612120"},"magazineBlocksPostCommentsNumber":false,"magazineBlocksPostExcerpt":"Luego de cuatro a\u00f1os de lucha contra el c\u00e1ncer, Bonilla pierde la batalla en su casa de la Ciudad de M\u00e9xico","magazineBlocksPostCategories":["Uncategorized"],"magazineBlocksPostViewCount":133,"magazineBlocksPostReadTime":2,"magazine_blocks_featured_image_url":{"full":["https:\/\/pornuestrolaredo.com\/wp-content\/uploads\/2022\/11\/PNL-20221126-.jpeg",960,640,false],"medium":["https:\/\/pornuestrolaredo.com\/wp-content\/uploads\/2022\/11\/PNL-20221126--300x200.jpeg",300,200,true],"thumbnail":["https:\/\/pornuestrolaredo.com\/wp-content\/uploads\/2022\/11\/PNL-20221126--150x150.jpeg",150,150,true]},"magazine_blocks_author":{"display_name":"Redactor","author_link":"https:\/\/pornuestrolaredo.com\/?author=1"},"magazine_blocks_comment":0,"magazine_blocks_author_image":"https:\/\/pornuestrolaredo.com\/wp-content\/litespeed\/avatar\/dca1d7ec750c399f025f23b0b314f4cf.jpg?ver=1777612120","magazine_blocks_category":"<a href=\"#\" class=\"category-link category-link-1\">Uncategorized<\/a>","jetpack_publicize_connections":[],"featured_image_urls":{"full":["https:\/\/pornuestrolaredo.com\/wp-content\/uploads\/2022\/11\/PNL-20221126-.jpeg",960,640,false],"thumbnail":["https:\/\/pornuestrolaredo.com\/wp-content\/uploads\/2022\/11\/PNL-20221126--150x150.jpeg",150,150,true],"medium":["https:\/\/pornuestrolaredo.com\/wp-content\/uploads\/2022\/11\/PNL-20221126--300x200.jpeg",300,200,true],"medium_large":["https:\/\/pornuestrolaredo.com\/wp-content\/uploads\/2022\/11\/PNL-20221126--768x512.jpeg",640,427,true],"large":["https:\/\/pornuestrolaredo.com\/wp-content\/uploads\/2022\/11\/PNL-20221126-.jpeg",640,427,false],"1536x1536":["https:\/\/pornuestrolaredo.com\/wp-content\/uploads\/2022\/11\/PNL-20221126-.jpeg",960,640,false],"2048x2048":["https:\/\/pornuestrolaredo.com\/wp-content\/uploads\/2022\/11\/PNL-20221126-.jpeg",960,640,false],"morenews-large":["https:\/\/pornuestrolaredo.com\/wp-content\/uploads\/2022\/11\/PNL-20221126-.jpeg",825,550,false],"morenews-medium":["https:\/\/pornuestrolaredo.com\/wp-content\/uploads\/2022\/11\/PNL-20221126-.jpeg",590,393,false]},"author_info":{"info":["Redactor"]},"category_info":"<a href=\"https:\/\/pornuestrolaredo.com\/?cat=1\" rel=\"category\">Uncategorized<\/a>","tag_info":"Uncategorized","comment_count":"0","jetpack_featured_media_url":"https:\/\/pornuestrolaredo.com\/wp-content\/uploads\/2022\/11\/PNL-20221126-.jpeg","jetpack_sharing_enabled":true,"_links":{"self":[{"href":"https:\/\/pornuestrolaredo.com\/index.php?rest_route=\/wp\/v2\/posts\/1239","targetHints":{"allow":["GET"]}}],"collection":[{"href":"https:\/\/pornuestrolaredo.com\/index.php?rest_route=\/wp\/v2\/posts"}],"about":[{"href":"https:\/\/pornuestrolaredo.com\/index.php?rest_route=\/wp\/v2\/types\/post"}],"author":[{"embeddable":true,"href":"https:\/\/pornuestrolaredo.com\/index.php?rest_route=\/wp\/v2\/users\/1"}],"replies":[{"embeddable":true,"href":"https:\/\/pornuestrolaredo.com\/index.php?rest_route=%2Fwp%2Fv2%2Fcomments&post=1239"}],"version-history":[{"count":2,"href":"https:\/\/pornuestrolaredo.com\/index.php?rest_route=\/wp\/v2\/posts\/1239\/revisions"}],"predecessor-version":[{"id":1242,"href":"https:\/\/pornuestrolaredo.com\/index.php?rest_route=\/wp\/v2\/posts\/1239\/revisions\/1242"}],"wp:featuredmedia":[{"embeddable":true,"href":"https:\/\/pornuestrolaredo.com\/index.php?rest_route=\/wp\/v2\/media\/1241"}],"wp:attachment":[{"href":"https:\/\/pornuestrolaredo.com\/index.php?rest_route=%2Fwp%2Fv2%2Fmedia&parent=1239"}],"wp:term":[{"taxonomy":"category","embeddable":true,"href":"https:\/\/pornuestrolaredo.com\/index.php?rest_route=%2Fwp%2Fv2%2Fcategories&post=1239"},{"taxonomy":"post_tag","embeddable":true,"href":"https:\/\/pornuestrolaredo.com\/index.php?rest_route=%2Fwp%2Fv2%2Ftags&post=1239"}],"curies":[{"name":"wp","href":"https:\/\/api.w.org\/{rel}","templated":true}]}}