{"id":1259,"date":"2022-11-27T06:56:00","date_gmt":"2022-11-27T06:56:00","guid":{"rendered":"https:\/\/pornuestrolaredo.com\/?p=1259"},"modified":"2022-11-27T06:56:00","modified_gmt":"2022-11-27T06:56:00","slug":"aumentan-al-triple-ventas-del-comercio-informal","status":"publish","type":"post","link":"https:\/\/pornuestrolaredo.com\/?p=1259","title":{"rendered":"Aumentan al triple ventas del comercio informal"},"content":{"rendered":"<p><strong>N<em>UEVO LAREDO.-<\/em><\/strong> El Gobierno Municipal, por medio de la Direcci\u00f3n de Comercio Informal, report\u00f3 que a comparaci\u00f3n del \u00faltimo a\u00f1o de la administraci\u00f3n pasada, se logr\u00f3 un incremento del 200 por ciento en ingresos por concepto de comercio informal, esto como resultado de las medidas que se tomaron para organizar y reubicar a los vendedores.<\/p>\n<p>La alcaldesa Carmen Lilia Canturosas Villareal, inform\u00f3 que se han atendido 55 denuncias contra l\u00edderes sindicales y resultaron en un acuerdo entre locatarios y encargadas, adem\u00e1s se inhabilit\u00f3 a un inspector por malas pr\u00e1cticas y abuso de autoridad.<\/p>\n<p>Tambi\u00e9n destac\u00f3 que se hicieron 17 convenios con vendedores que tienen sus sillas, mesas y toldos en las v\u00edas p\u00fablicas para que lo retiraran o reubicaran mediante el programa \u201cBanqueta Libre\u201d, esto con la finalidad de mejorar la imagen urbana.<\/p>\n<blockquote><p>Son acciones que cambian a la ciudad, acciones que nadie realizaba y para nosotros es parte del compromiso que queremos cambiar la imagen urbana de la ciudad, queremos tener una ciudad ordenada, con leyes y reglamentos a seguir y que podamos transitar y caminar libremente\u201d, se\u00f1al\u00f3 Canturosas Villarreal.<\/p><\/blockquote>\n<p>Algunos de los negocios que acataron el llamado fueron un puesto de barbacoa frente al Hospital de Especialidades, tacos \u201cEl Cachorro\u201d y \u201cEl Lagunero\u201d, entre otros; este \u00faltimo tiene 50 a\u00f1os de antig\u00fcedad y est\u00e1 en tr\u00e1mites para convertirse en comercio formal.<\/p>\n<p>En ese sentido, ocho negocios m\u00e1s transforman sus negocios informales a formales como parte de la confianza que genera el Gobierno Municipal.<\/p>\n<p>Otros trabajos realizados para mejorar la imagen urbana de la ciudad han sido la reubicaci\u00f3n de 65 comerciantes del Centro Hist\u00f3rico, lo cual favoreci\u00f3 a recuperar espacios p\u00fablicos desde la calle 15 de junio hasta Gonz\u00e1lez por la avenida Guerrero.<\/p>\n<p>Se inici\u00f3 una campa\u00f1a dirigida a los comerciantes de venta de alimentos en la que se les solicit\u00f3 instalar una trampa de grasa para sus puestos y as\u00ed evitar la saturaci\u00f3n en el drenaje de la ciudad y ocho de ellos ya cuentan con el requisito.<\/p>\n<p>Para organizar a los vendedores ambulantes ante la temporada de paisanos, se reubicaron y reorganizaron a 135 comerciantes en el puente II en la calle Degollado hacia el sur y se les asign\u00f3 un gafete para que puedan ser identificados, adem\u00e1s se les solicit\u00f3 que hagan la venta por los laterales y no en medio de los autom\u00f3viles.<\/p>\n<p>Abajo del CITEV, ya est\u00e1n 40 lugares asignados a comerciantes informales para la bienvenida de los connacionales. Tambi\u00e9n se organizan los espacios asignados al comercio informal para el evento del 12 de diciembre, para el cual ya est\u00e1n totalmente ocupados.<\/p>\n","protected":false},"excerpt":{"rendered":"<p>Toma el Gobierno Municipal medidas para reubicar a vendedores y atienden denuncias contra l\u00edderes sindicales<\/p>\n","protected":false},"author":1,"featured_media":1260,"comment_status":"closed","ping_status":"closed","sticky":false,"template":"","format":"standard","meta":{"_crdt_document":"","_jetpack_memberships_contains_paid_content":false,"footnotes":"","jetpack_publicize_message":"","jetpack_publicize_feature_enabled":true,"jetpack_social_post_already_shared":true,"jetpack_social_options":{"image_generator_settings":{"template":"highway","default_image_id":0,"font":"","enabled":false},"version":2},"_wpas_customize_per_network":false},"categories":[4],"tags":[],"class_list":["post-1259","post","type-post","status-publish","format-standard","has-post-thumbnail","hentry","category-los-dos-laredos"],"magazineBlocksPostFeaturedMedia":{"thumbnail":"https:\/\/pornuestrolaredo.com\/wp-content\/uploads\/2022\/11\/PNL-20221126-6-150x150.jpg","medium":"https:\/\/pornuestrolaredo.com\/wp-content\/uploads\/2022\/11\/PNL-20221126-6-300x200.jpg","medium_large":"https:\/\/pornuestrolaredo.com\/wp-content\/uploads\/2022\/11\/PNL-20221126-6-768x512.jpg","large":"https:\/\/pornuestrolaredo.com\/wp-content\/uploads\/2022\/11\/PNL-20221126-6-1024x682.jpg","1536x1536":"https:\/\/pornuestrolaredo.com\/wp-content\/uploads\/2022\/11\/PNL-20221126-6.jpg","2048x2048":"https:\/\/pornuestrolaredo.com\/wp-content\/uploads\/2022\/11\/PNL-20221126-6.jpg","morenews-large":"https:\/\/pornuestrolaredo.com\/wp-content\/uploads\/2022\/11\/PNL-20221126-6.jpg","morenews-medium":"https:\/\/pornuestrolaredo.com\/wp-content\/uploads\/2022\/11\/PNL-20221126-6.jpg"},"magazineBlocksPostAuthor":{"name":"Redactor","avatar":"https:\/\/pornuestrolaredo.com\/wp-content\/litespeed\/avatar\/dca1d7ec750c399f025f23b0b314f4cf.jpg?ver=1777612120"},"magazineBlocksPostCommentsNumber":false,"magazineBlocksPostExcerpt":"Toma el Gobierno Municipal medidas para reubicar a vendedores y atienden denuncias contra l\u00edderes sindicales","magazineBlocksPostCategories":["Los dos Laredos"],"magazineBlocksPostViewCount":127,"magazineBlocksPostReadTime":3,"magazine_blocks_featured_image_url":{"full":["https:\/\/pornuestrolaredo.com\/wp-content\/uploads\/2022\/11\/PNL-20221126-6.jpg",1280,853,false],"medium":["https:\/\/pornuestrolaredo.com\/wp-content\/uploads\/2022\/11\/PNL-20221126-6-300x200.jpg",300,200,true],"thumbnail":["https:\/\/pornuestrolaredo.com\/wp-content\/uploads\/2022\/11\/PNL-20221126-6-150x150.jpg",150,150,true]},"magazine_blocks_author":{"display_name":"Redactor","author_link":"https:\/\/pornuestrolaredo.com\/?author=1"},"magazine_blocks_comment":0,"magazine_blocks_author_image":"https:\/\/pornuestrolaredo.com\/wp-content\/litespeed\/avatar\/dca1d7ec750c399f025f23b0b314f4cf.jpg?ver=1777612120","magazine_blocks_category":"<a href=\"#\" class=\"category-link category-link-4\">Los dos Laredos<\/a>","jetpack_publicize_connections":[],"featured_image_urls":{"full":["https:\/\/pornuestrolaredo.com\/wp-content\/uploads\/2022\/11\/PNL-20221126-6.jpg",1280,853,false],"thumbnail":["https:\/\/pornuestrolaredo.com\/wp-content\/uploads\/2022\/11\/PNL-20221126-6-150x150.jpg",150,150,true],"medium":["https:\/\/pornuestrolaredo.com\/wp-content\/uploads\/2022\/11\/PNL-20221126-6-300x200.jpg",300,200,true],"medium_large":["https:\/\/pornuestrolaredo.com\/wp-content\/uploads\/2022\/11\/PNL-20221126-6-768x512.jpg",640,427,true],"large":["https:\/\/pornuestrolaredo.com\/wp-content\/uploads\/2022\/11\/PNL-20221126-6-1024x682.jpg",640,426,true],"1536x1536":["https:\/\/pornuestrolaredo.com\/wp-content\/uploads\/2022\/11\/PNL-20221126-6.jpg",1280,853,false],"2048x2048":["https:\/\/pornuestrolaredo.com\/wp-content\/uploads\/2022\/11\/PNL-20221126-6.jpg",1280,853,false],"morenews-large":["https:\/\/pornuestrolaredo.com\/wp-content\/uploads\/2022\/11\/PNL-20221126-6.jpg",825,550,false],"morenews-medium":["https:\/\/pornuestrolaredo.com\/wp-content\/uploads\/2022\/11\/PNL-20221126-6.jpg",590,393,false]},"author_info":{"info":["Redactor"]},"category_info":"<a href=\"https:\/\/pornuestrolaredo.com\/?cat=4\" rel=\"category\">Los dos Laredos<\/a>","tag_info":"Los dos Laredos","comment_count":"0","jetpack_featured_media_url":"https:\/\/pornuestrolaredo.com\/wp-content\/uploads\/2022\/11\/PNL-20221126-6.jpg","jetpack_sharing_enabled":true,"_links":{"self":[{"href":"https:\/\/pornuestrolaredo.com\/index.php?rest_route=\/wp\/v2\/posts\/1259","targetHints":{"allow":["GET"]}}],"collection":[{"href":"https:\/\/pornuestrolaredo.com\/index.php?rest_route=\/wp\/v2\/posts"}],"about":[{"href":"https:\/\/pornuestrolaredo.com\/index.php?rest_route=\/wp\/v2\/types\/post"}],"author":[{"embeddable":true,"href":"https:\/\/pornuestrolaredo.com\/index.php?rest_route=\/wp\/v2\/users\/1"}],"replies":[{"embeddable":true,"href":"https:\/\/pornuestrolaredo.com\/index.php?rest_route=%2Fwp%2Fv2%2Fcomments&post=1259"}],"version-history":[{"count":1,"href":"https:\/\/pornuestrolaredo.com\/index.php?rest_route=\/wp\/v2\/posts\/1259\/revisions"}],"predecessor-version":[{"id":1261,"href":"https:\/\/pornuestrolaredo.com\/index.php?rest_route=\/wp\/v2\/posts\/1259\/revisions\/1261"}],"wp:featuredmedia":[{"embeddable":true,"href":"https:\/\/pornuestrolaredo.com\/index.php?rest_route=\/wp\/v2\/media\/1260"}],"wp:attachment":[{"href":"https:\/\/pornuestrolaredo.com\/index.php?rest_route=%2Fwp%2Fv2%2Fmedia&parent=1259"}],"wp:term":[{"taxonomy":"category","embeddable":true,"href":"https:\/\/pornuestrolaredo.com\/index.php?rest_route=%2Fwp%2Fv2%2Fcategories&post=1259"},{"taxonomy":"post_tag","embeddable":true,"href":"https:\/\/pornuestrolaredo.com\/index.php?rest_route=%2Fwp%2Fv2%2Ftags&post=1259"}],"curies":[{"name":"wp","href":"https:\/\/api.w.org\/{rel}","templated":true}]}}