{"id":1293,"date":"2022-11-29T18:56:40","date_gmt":"2022-11-29T18:56:40","guid":{"rendered":"https:\/\/pornuestrolaredo.com\/?p=1293"},"modified":"2022-11-29T18:56:40","modified_gmt":"2022-11-29T18:56:40","slug":"sostiene-canelo-amenaza-contra-messi","status":"publish","type":"post","link":"https:\/\/pornuestrolaredo.com\/?p=1293","title":{"rendered":"Sostiene \u2018Canelo\u2019 amenaza contra Messi"},"content":{"rendered":"<p><strong>GUADALAJARA.-<\/strong> La pol\u00e9mica que surgi\u00f3 luego que Sa\u00fal \u201cCanelo\u201d \u00c1lvarez amenaz\u00f3 a Messi por \u201cpatear\u201d la playera de la Selecci\u00f3n contin\u00faa, pues el boxeador respondi\u00f3 a las cr\u00edticas y recalc\u00f3 que siempre defender\u00e1 a M\u00e9xico.<\/p>\n<p>Tras amenazar a Leonel Messi por un video donde supuestamente el argentino pate\u00f3 la playera de M\u00e9xico, el pugilista \u201cCanelo\u201d \u00c1lvarez fue criticado por responder de manera agresiva a un suceso que algunos deportistas y celebridades consideraron accidental.<\/p>\n<p>Sin embargo, Sa\u00fal \u201cCanelo\u201d \u00c1lvarez mantuvo su palabra y se\u00f1al\u00f3 que fue una falta de respeto que un profesional en el futbol como Messi \u201cpateara\u201d un s\u00edmbolo de su contrincante, como la playera de la Selecci\u00f3n Mexicana, tal y como declar\u00f3 en el programa \u201cQu\u00e9 importa\u201d.<\/p>\n<blockquote><p>Agarrar, por decir, \u201cme chin\u2026 a un argentino\u201d, \u201cme chin\u2026 a uno de Estados Unidos\u201d agarrar la bandera, agarrar cosas as\u00ed y pisotearla, estamos dando un ejemplo muy cu\u2026, muy feo, muy de mal gusto. Los aficionados pueden hacer lo que quieran y no pasa nada, pero uno que es un ejemplo para una naci\u00f3n, para muchos ni\u00f1os, para mucha gente, hacer ese tipo de cosas\u2026 Tenemos que poner el ejemplo\u201d, coment\u00f3.<\/p><\/blockquote>\n<p>\u201cCanelo\u201d \u00c1lvarez recalc\u00f3 que el simple hecho de que la playera de la Selecci\u00f3n Mexicana estuviera en el suelo fue un error del futbolista y que no le importan las cr\u00edticas por compartir su opini\u00f3n en redes sociales sobre los actos de Messi en el video. <\/p>\n<blockquote><p>Lo que yo dije, esa es la persona que soy. No ando con rodeos. Siempre voy a defender mi patria [&#8230;] Me vale madres si Messi dice una cosa o dice otra, si me dicen que no pas\u00f3 eso, no me importa [&#8230;] Mi patria es lo m\u00e1s bonito que tengo y siempre la voy a defender, aunque un mexicano siempre es el peor enemigo de otro\u201d, se\u00f1al\u00f3 Sa\u00fal \u201cCanelo\u201d \u00c1lvarez.<\/p><\/blockquote>\n","protected":false},"excerpt":{"rendered":"<p>Asegura que el futbolista argentino insult\u00f3 a M\u00e9xico por tener la camiseta de la Selecci\u00f3n Mexicana tirada en el suelo<\/p>\n","protected":false},"author":1,"featured_media":1295,"comment_status":"closed","ping_status":"closed","sticky":false,"template":"","format":"standard","meta":{"_crdt_document":"","_jetpack_memberships_contains_paid_content":false,"footnotes":"","jetpack_publicize_message":"","jetpack_publicize_feature_enabled":true,"jetpack_social_post_already_shared":true,"jetpack_social_options":{"image_generator_settings":{"template":"highway","default_image_id":0,"font":"","enabled":false},"version":2},"_wpas_customize_per_network":false},"categories":[10],"tags":[],"class_list":["post-1293","post","type-post","status-publish","format-standard","has-post-thumbnail","hentry","category-deportes"],"magazineBlocksPostFeaturedMedia":{"thumbnail":"https:\/\/pornuestrolaredo.com\/wp-content\/uploads\/2022\/11\/Stereo91-20221129-4-150x150.jpg","medium":"https:\/\/pornuestrolaredo.com\/wp-content\/uploads\/2022\/11\/Stereo91-20221129-4-300x163.jpg","medium_large":"https:\/\/pornuestrolaredo.com\/wp-content\/uploads\/2022\/11\/Stereo91-20221129-4.jpg","large":"https:\/\/pornuestrolaredo.com\/wp-content\/uploads\/2022\/11\/Stereo91-20221129-4.jpg","1536x1536":"https:\/\/pornuestrolaredo.com\/wp-content\/uploads\/2022\/11\/Stereo91-20221129-4.jpg","2048x2048":"https:\/\/pornuestrolaredo.com\/wp-content\/uploads\/2022\/11\/Stereo91-20221129-4.jpg","morenews-large":"https:\/\/pornuestrolaredo.com\/wp-content\/uploads\/2022\/11\/Stereo91-20221129-4.jpg","morenews-medium":"https:\/\/pornuestrolaredo.com\/wp-content\/uploads\/2022\/11\/Stereo91-20221129-4.jpg"},"magazineBlocksPostAuthor":{"name":"Redactor","avatar":"https:\/\/pornuestrolaredo.com\/wp-content\/litespeed\/avatar\/dca1d7ec750c399f025f23b0b314f4cf.jpg?ver=1777612120"},"magazineBlocksPostCommentsNumber":false,"magazineBlocksPostExcerpt":"Asegura que el futbolista argentino insult\u00f3 a M\u00e9xico por tener la camiseta de la Selecci\u00f3n Mexicana tirada en el suelo","magazineBlocksPostCategories":["Deportes"],"magazineBlocksPostViewCount":145,"magazineBlocksPostReadTime":2,"magazine_blocks_featured_image_url":{"full":["https:\/\/pornuestrolaredo.com\/wp-content\/uploads\/2022\/11\/Stereo91-20221129-4.jpg",664,360,false],"medium":["https:\/\/pornuestrolaredo.com\/wp-content\/uploads\/2022\/11\/Stereo91-20221129-4-300x163.jpg",300,163,true],"thumbnail":["https:\/\/pornuestrolaredo.com\/wp-content\/uploads\/2022\/11\/Stereo91-20221129-4-150x150.jpg",150,150,true]},"magazine_blocks_author":{"display_name":"Redactor","author_link":"https:\/\/pornuestrolaredo.com\/?author=1"},"magazine_blocks_comment":0,"magazine_blocks_author_image":"https:\/\/pornuestrolaredo.com\/wp-content\/litespeed\/avatar\/dca1d7ec750c399f025f23b0b314f4cf.jpg?ver=1777612120","magazine_blocks_category":"<a href=\"#\" class=\"category-link category-link-10\">Deportes<\/a>","jetpack_publicize_connections":[],"featured_image_urls":{"full":["https:\/\/pornuestrolaredo.com\/wp-content\/uploads\/2022\/11\/Stereo91-20221129-4.jpg",664,360,false],"thumbnail":["https:\/\/pornuestrolaredo.com\/wp-content\/uploads\/2022\/11\/Stereo91-20221129-4-150x150.jpg",150,150,true],"medium":["https:\/\/pornuestrolaredo.com\/wp-content\/uploads\/2022\/11\/Stereo91-20221129-4-300x163.jpg",300,163,true],"medium_large":["https:\/\/pornuestrolaredo.com\/wp-content\/uploads\/2022\/11\/Stereo91-20221129-4.jpg",640,347,false],"large":["https:\/\/pornuestrolaredo.com\/wp-content\/uploads\/2022\/11\/Stereo91-20221129-4.jpg",640,347,false],"1536x1536":["https:\/\/pornuestrolaredo.com\/wp-content\/uploads\/2022\/11\/Stereo91-20221129-4.jpg",664,360,false],"2048x2048":["https:\/\/pornuestrolaredo.com\/wp-content\/uploads\/2022\/11\/Stereo91-20221129-4.jpg",664,360,false],"morenews-large":["https:\/\/pornuestrolaredo.com\/wp-content\/uploads\/2022\/11\/Stereo91-20221129-4.jpg",664,360,false],"morenews-medium":["https:\/\/pornuestrolaredo.com\/wp-content\/uploads\/2022\/11\/Stereo91-20221129-4.jpg",590,320,false]},"author_info":{"info":["Redactor"]},"category_info":"<a href=\"https:\/\/pornuestrolaredo.com\/?cat=10\" rel=\"category\">Deportes<\/a>","tag_info":"Deportes","comment_count":"0","jetpack_featured_media_url":"https:\/\/pornuestrolaredo.com\/wp-content\/uploads\/2022\/11\/Stereo91-20221129-4.jpg","jetpack_sharing_enabled":true,"_links":{"self":[{"href":"https:\/\/pornuestrolaredo.com\/index.php?rest_route=\/wp\/v2\/posts\/1293","targetHints":{"allow":["GET"]}}],"collection":[{"href":"https:\/\/pornuestrolaredo.com\/index.php?rest_route=\/wp\/v2\/posts"}],"about":[{"href":"https:\/\/pornuestrolaredo.com\/index.php?rest_route=\/wp\/v2\/types\/post"}],"author":[{"embeddable":true,"href":"https:\/\/pornuestrolaredo.com\/index.php?rest_route=\/wp\/v2\/users\/1"}],"replies":[{"embeddable":true,"href":"https:\/\/pornuestrolaredo.com\/index.php?rest_route=%2Fwp%2Fv2%2Fcomments&post=1293"}],"version-history":[{"count":1,"href":"https:\/\/pornuestrolaredo.com\/index.php?rest_route=\/wp\/v2\/posts\/1293\/revisions"}],"predecessor-version":[{"id":1294,"href":"https:\/\/pornuestrolaredo.com\/index.php?rest_route=\/wp\/v2\/posts\/1293\/revisions\/1294"}],"wp:featuredmedia":[{"embeddable":true,"href":"https:\/\/pornuestrolaredo.com\/index.php?rest_route=\/wp\/v2\/media\/1295"}],"wp:attachment":[{"href":"https:\/\/pornuestrolaredo.com\/index.php?rest_route=%2Fwp%2Fv2%2Fmedia&parent=1293"}],"wp:term":[{"taxonomy":"category","embeddable":true,"href":"https:\/\/pornuestrolaredo.com\/index.php?rest_route=%2Fwp%2Fv2%2Fcategories&post=1293"},{"taxonomy":"post_tag","embeddable":true,"href":"https:\/\/pornuestrolaredo.com\/index.php?rest_route=%2Fwp%2Fv2%2Ftags&post=1293"}],"curies":[{"name":"wp","href":"https:\/\/api.w.org\/{rel}","templated":true}]}}