{"id":1300,"date":"2022-11-29T19:47:26","date_gmt":"2022-11-29T19:47:26","guid":{"rendered":"https:\/\/pornuestrolaredo.com\/?p=1300"},"modified":"2022-11-29T19:47:26","modified_gmt":"2022-11-29T19:47:26","slug":"convoca-americo-a-sociedad-civil-a-participar-en-plan-estatal-de-desarrollo","status":"publish","type":"post","link":"https:\/\/pornuestrolaredo.com\/?p=1300","title":{"rendered":"Convoca Am\u00e9rico a sociedad civil a participar en Plan Estatal de Desarrollo"},"content":{"rendered":"<p><strong>CIUDAD VICTORIA.-<\/strong>El gobernador Am\u00e9rico Villarreal Anaya hizo un llamado a las organizaciones de la sociedad civil y a la ciudadan\u00eda en general, a sumarse al nuevo pacto social que se construye en Tamaulipas y aportar sus ideas, opiniones y comentarios para ampliar y fortalecer el Plan Estatal de Desarrollo.<\/p>\n<blockquote><p>Vamos a seguir divulgando el Plan Estatal de Desarrollo que queremos que est\u00e9 ampliamente difundido en la poblaci\u00f3n y que participe en la construcci\u00f3n del mismo; tenemos ese anteproyecto para que la ciudadan\u00eda pueda sumar con su opini\u00f3n y lo podamos fortalecer\u201d, indic\u00f3 el gobernador.<\/p><\/blockquote>\n<p>Am\u00e9rico Villarreal explic\u00f3 que el objetivo, es dar a conocer el nuevo pacto social que se construye en Tamaulipas con un perfil humanista y de respeto a los derechos humanos, complementados con la disposici\u00f3n de participar de una sociedad colaborativa.<\/p>\n<blockquote><p>Hemos pedido a los presidentes municipales que a trav\u00e9s de las organizaciones de la sociedad civil, de las C\u00e1maras de Comercio, de la Construcci\u00f3n, lo difundan a fin de recuperar las opiniones y fortalecer este plan y podamos tener un instrumento s\u00f3lido y de consenso de los tamaulipecos para los pr\u00f3ximos seis a\u00f1os\u201d, expres\u00f3 el gobernador del Estado.<\/p><\/blockquote>\n<p>En entrevista con los medios de comunicaci\u00f3n en Palacio de Gobierno, anunci\u00f3 que el pr\u00f3ximo domingo se realizar\u00e1 la tercera reuni\u00f3n regional con las y los presidentes municipales, esta vez con los correspondientes a la zona centro del Estado, a fin de seguir difundiendo y fortaleciendo el anteproyecto del Plan Estatal de Desarrollo.<\/p>\n<blockquote><p>Este domingo, vamos a estar haciendo la reuni\u00f3n correspondiente a la zona centro, vamos a platicar con 13 municipios de la zona centro\u201d, explic\u00f3.<\/p><\/blockquote>\n<p>Agreg\u00f3 que el prop\u00f3sito en las reuniones con las y los presidentes municipales, es pedirles que sumen a las organizaciones de su comunidad y a la sociedad civil en general, para que difundan el Plan Estatal de Desarrollo y recibir opiniones y propuestas para fortalecer el documento.<\/p>\n","protected":false},"excerpt":{"rendered":"<p>Invita a aportar ideas, opiniones y comentarios para ampliar y fortalecer el desarrollo de Tamaulipas<\/p>\n","protected":false},"author":1,"featured_media":1302,"comment_status":"open","ping_status":"open","sticky":false,"template":"","format":"standard","meta":{"_crdt_document":"","_jetpack_memberships_contains_paid_content":false,"footnotes":"","jetpack_publicize_message":"","jetpack_publicize_feature_enabled":true,"jetpack_social_post_already_shared":true,"jetpack_social_options":{"image_generator_settings":{"template":"highway","default_image_id":0,"font":"","enabled":false},"version":2},"_wpas_customize_per_network":false},"categories":[11],"tags":[],"class_list":["post-1300","post","type-post","status-publish","format-standard","has-post-thumbnail","hentry","category-tamaulipas"],"magazineBlocksPostFeaturedMedia":{"thumbnail":"https:\/\/pornuestrolaredo.com\/wp-content\/uploads\/2022\/11\/PNL-20221129-6-150x150.jpg","medium":"https:\/\/pornuestrolaredo.com\/wp-content\/uploads\/2022\/11\/PNL-20221129-6-300x200.jpg","medium_large":"https:\/\/pornuestrolaredo.com\/wp-content\/uploads\/2022\/11\/PNL-20221129-6-768x512.jpg","large":"https:\/\/pornuestrolaredo.com\/wp-content\/uploads\/2022\/11\/PNL-20221129-6-1024x683.jpg","1536x1536":"https:\/\/pornuestrolaredo.com\/wp-content\/uploads\/2022\/11\/PNL-20221129-6.jpg","2048x2048":"https:\/\/pornuestrolaredo.com\/wp-content\/uploads\/2022\/11\/PNL-20221129-6.jpg","morenews-large":"https:\/\/pornuestrolaredo.com\/wp-content\/uploads\/2022\/11\/PNL-20221129-6.jpg","morenews-medium":"https:\/\/pornuestrolaredo.com\/wp-content\/uploads\/2022\/11\/PNL-20221129-6.jpg"},"magazineBlocksPostAuthor":{"name":"Redactor","avatar":"https:\/\/pornuestrolaredo.com\/wp-content\/litespeed\/avatar\/dca1d7ec750c399f025f23b0b314f4cf.jpg?ver=1777612120"},"magazineBlocksPostCommentsNumber":false,"magazineBlocksPostExcerpt":"Invita a aportar ideas, opiniones y comentarios para ampliar y fortalecer el desarrollo de Tamaulipas","magazineBlocksPostCategories":["Tamaulipas"],"magazineBlocksPostViewCount":147,"magazineBlocksPostReadTime":2,"magazine_blocks_featured_image_url":{"full":["https:\/\/pornuestrolaredo.com\/wp-content\/uploads\/2022\/11\/PNL-20221129-6.jpg",1280,854,false],"medium":["https:\/\/pornuestrolaredo.com\/wp-content\/uploads\/2022\/11\/PNL-20221129-6-300x200.jpg",300,200,true],"thumbnail":["https:\/\/pornuestrolaredo.com\/wp-content\/uploads\/2022\/11\/PNL-20221129-6-150x150.jpg",150,150,true]},"magazine_blocks_author":{"display_name":"Redactor","author_link":"https:\/\/pornuestrolaredo.com\/?author=1"},"magazine_blocks_comment":0,"magazine_blocks_author_image":"https:\/\/pornuestrolaredo.com\/wp-content\/litespeed\/avatar\/dca1d7ec750c399f025f23b0b314f4cf.jpg?ver=1777612120","magazine_blocks_category":"<a href=\"#\" class=\"category-link category-link-11\">Tamaulipas<\/a>","jetpack_publicize_connections":[],"featured_image_urls":{"full":["https:\/\/pornuestrolaredo.com\/wp-content\/uploads\/2022\/11\/PNL-20221129-6.jpg",1280,854,false],"thumbnail":["https:\/\/pornuestrolaredo.com\/wp-content\/uploads\/2022\/11\/PNL-20221129-6-150x150.jpg",150,150,true],"medium":["https:\/\/pornuestrolaredo.com\/wp-content\/uploads\/2022\/11\/PNL-20221129-6-300x200.jpg",300,200,true],"medium_large":["https:\/\/pornuestrolaredo.com\/wp-content\/uploads\/2022\/11\/PNL-20221129-6-768x512.jpg",640,427,true],"large":["https:\/\/pornuestrolaredo.com\/wp-content\/uploads\/2022\/11\/PNL-20221129-6-1024x683.jpg",640,427,true],"1536x1536":["https:\/\/pornuestrolaredo.com\/wp-content\/uploads\/2022\/11\/PNL-20221129-6.jpg",1280,854,false],"2048x2048":["https:\/\/pornuestrolaredo.com\/wp-content\/uploads\/2022\/11\/PNL-20221129-6.jpg",1280,854,false],"morenews-large":["https:\/\/pornuestrolaredo.com\/wp-content\/uploads\/2022\/11\/PNL-20221129-6.jpg",825,550,false],"morenews-medium":["https:\/\/pornuestrolaredo.com\/wp-content\/uploads\/2022\/11\/PNL-20221129-6.jpg",590,394,false]},"author_info":{"info":["Redactor"]},"category_info":"<a href=\"https:\/\/pornuestrolaredo.com\/?cat=11\" rel=\"category\">Tamaulipas<\/a>","tag_info":"Tamaulipas","comment_count":"0","jetpack_featured_media_url":"https:\/\/pornuestrolaredo.com\/wp-content\/uploads\/2022\/11\/PNL-20221129-6.jpg","jetpack_sharing_enabled":true,"_links":{"self":[{"href":"https:\/\/pornuestrolaredo.com\/index.php?rest_route=\/wp\/v2\/posts\/1300","targetHints":{"allow":["GET"]}}],"collection":[{"href":"https:\/\/pornuestrolaredo.com\/index.php?rest_route=\/wp\/v2\/posts"}],"about":[{"href":"https:\/\/pornuestrolaredo.com\/index.php?rest_route=\/wp\/v2\/types\/post"}],"author":[{"embeddable":true,"href":"https:\/\/pornuestrolaredo.com\/index.php?rest_route=\/wp\/v2\/users\/1"}],"replies":[{"embeddable":true,"href":"https:\/\/pornuestrolaredo.com\/index.php?rest_route=%2Fwp%2Fv2%2Fcomments&post=1300"}],"version-history":[{"count":2,"href":"https:\/\/pornuestrolaredo.com\/index.php?rest_route=\/wp\/v2\/posts\/1300\/revisions"}],"predecessor-version":[{"id":1303,"href":"https:\/\/pornuestrolaredo.com\/index.php?rest_route=\/wp\/v2\/posts\/1300\/revisions\/1303"}],"wp:featuredmedia":[{"embeddable":true,"href":"https:\/\/pornuestrolaredo.com\/index.php?rest_route=\/wp\/v2\/media\/1302"}],"wp:attachment":[{"href":"https:\/\/pornuestrolaredo.com\/index.php?rest_route=%2Fwp%2Fv2%2Fmedia&parent=1300"}],"wp:term":[{"taxonomy":"category","embeddable":true,"href":"https:\/\/pornuestrolaredo.com\/index.php?rest_route=%2Fwp%2Fv2%2Fcategories&post=1300"},{"taxonomy":"post_tag","embeddable":true,"href":"https:\/\/pornuestrolaredo.com\/index.php?rest_route=%2Fwp%2Fv2%2Ftags&post=1300"}],"curies":[{"name":"wp","href":"https:\/\/api.w.org\/{rel}","templated":true}]}}