{"id":1304,"date":"2022-11-29T23:41:37","date_gmt":"2022-11-29T23:41:37","guid":{"rendered":"https:\/\/pornuestrolaredo.com\/?p=1304"},"modified":"2022-11-29T23:41:37","modified_gmt":"2022-11-29T23:41:37","slug":"dan-bienvenida-a-paisanos-alcaldesa-y-autoridades-federales","status":"publish","type":"post","link":"https:\/\/pornuestrolaredo.com\/?p=1304","title":{"rendered":"Dan bienvenida a paisanos alcaldesa y autoridades federales"},"content":{"rendered":"<p><strong>NUEVO LAREDO.-<\/strong> En medio de m\u00fasica t\u00edpica, bailables, gastronom\u00eda, artesan\u00edas y un operativo en conjunto con los tres niveles de gobierno, as\u00ed fue como se recibieron a los primeros paisanos que ingresan a Nuevo Laredo en el marco del programa \u201cH\u00e9roes Paisanos 2022\u201d.<\/p>\n<p>La alcaldesa Carmen Lilia Canturosas Villarreal, acompa\u00f1ada de Francisco Gardu\u00f1o Y\u00e1\u00f1ez, comisionado del Instituto Nacional de Migraci\u00f3n, recorrieron las instalaciones del Control de Importaci\u00f3n e Internaci\u00f3n Temporal de Veh\u00edculos (CIITEV) donde el Gobierno Municipal instal\u00f3 un Pabell\u00f3n Tur\u00edstico para dar la bienvenida a los connacionales en esta temporada invernal. <\/p>\n<p>La presidenta municipal recalc\u00f3 la importancia de que la primera ciudad que cruzan los paisanos sea Nuevo Laredo y por ello es que la administraci\u00f3n local prepar\u00f3 un operativo integral con el que se busca que los paisanos tengan una estancia confortable.<\/p>\n<blockquote><p>Estamos muy contentos de recibirlos, por aqu\u00ed la pasar\u00e1n muy bien porque estamos trabajando de la mano los tres \u00f3rdenes de gobierno para que ellos se lleven un buen recuerdo, aqu\u00ed tenemos muchas cosas que ofrecer y queremos que nuestra ciudad sea recordada\u201d, asegur\u00f3.<\/p><\/blockquote>\n<p>El comisionado del INM, Francisco Gardu\u00f1o Y\u00e1\u00f1ez, destac\u00f3 que mediante el programa H\u00e9roes Paisanos, los connacionales reciben todas las facilidades para que transiten adecuadamente hacia su destino.<\/p>\n<blockquote><p>Todos cruzan por Nuevo Laredo porque quieren llegar a ver a sus familias y convivir con ellos, adem\u00e1s este recibimiento que otorga el Gobierno Municipal con un m\u00f3dulo de salud, alimentos, cultura y m\u00e1s, es una prueba de que la alcaldesa est\u00e1 atenta de los paisanos\u201d, se\u00f1al\u00f3.<\/p><\/blockquote>\n<p>En el recorrido tambi\u00e9n estuvieron la diputada local de Oaxaca, Concepci\u00f3n Rueda, el delegado federal en Tamaulipas del INM, Segismundo Dogu\u00edn Mart\u00ednez; Rolando Guevara Gonza\u0301lez, secretario de Desarrollo Econo\u0301mico; Ernesto Saldan\u0303a Medrano, director de Turismo; Carlos Antonio Arteaga Ri\u0301os, presidente de CANIRAC; Margarita Elizondo Chapa, presidenta de la Asociacio\u0301n Neolaredense de Hoteles y Moteles; <\/p>\n<p>Con ese objetivo, se instal\u00f3 en el CITEV un m\u00f3dulo que brinda informaci\u00f3n a los paisanos acerca de hoteles, hospitales, restaurantes y m\u00e1s en Nuevo Laredo; adem\u00e1s se instalaron seis puestos de comida, un m\u00f3dulo de salud y otros de artesan\u00edas que ofrecieron sus servicios.<\/p>\n<p>Para brindar seguridad en su paso por la ciudad, la Direcci\u00f3n de Tr\u00e1nsito y Vialidad destin\u00f3 16 elementos operativos, seis patrullas y dos gr\u00faas para agilizar el desplazamiento de los paisanos y estar al tanto de alguna falla mec\u00e1nica.<\/p>\n<p>Mientras que la Direcci\u00f3n de Protecci\u00f3n Civil y Bomberos instal\u00f3 m\u00f3dulos en el \u00e1rea del CITEV en la parte de abajo y de arriba; uno m\u00e1s en bulevar Colosio y bulevar Las Torres a la altura de la estaci\u00f3n cuatro de bomberos, en los que habr\u00e1 unidades con param\u00e9dicos y auxilio mec\u00e1nico.<\/p>\n<p>Para salvaguardar la integridad de los connacionales tambi\u00e9n colaboran elementos de la Guardia Nacional, Guardia Estatal y la Secretar\u00eda de la Defensa Nacional (SEDENA); adem\u00e1s de una unidad sat\u00e9lite que monitorea el recorrido con trayectos intermitentes y estacionados por momentos en el kil\u00f3metro 26.<\/p>\n<p>Las estad\u00edsticas reportadas por el Instituto Nacional de Migraci\u00f3n indican que se tuvo un pico de atenciones 174 mil 430 durante el 2019, en el 2020 esta cifra disminuy\u00f3 dr\u00e1sticamente a 19 mil 876 debido a la pandemia, en el 2021 hubo un repunte de 57 mil 577 atenciones y para este a\u00f1o se espera que se triplique esta cifra.<\/p>\n","protected":false},"excerpt":{"rendered":"<p>Los viajeros son recibidos con m\u00fasica t\u00edpica, bailables, gastronom\u00eda, artesan\u00edas y un operativo en conjunto con los tres niveles de gobierno<\/p>\n","protected":false},"author":1,"featured_media":1305,"comment_status":"closed","ping_status":"closed","sticky":false,"template":"","format":"standard","meta":{"_crdt_document":"","_jetpack_memberships_contains_paid_content":false,"footnotes":"","jetpack_publicize_message":"","jetpack_publicize_feature_enabled":true,"jetpack_social_post_already_shared":true,"jetpack_social_options":{"image_generator_settings":{"template":"highway","default_image_id":0,"font":"","enabled":false},"version":2},"_wpas_customize_per_network":false},"categories":[4],"tags":[],"class_list":["post-1304","post","type-post","status-publish","format-standard","has-post-thumbnail","hentry","category-los-dos-laredos"],"magazineBlocksPostFeaturedMedia":{"thumbnail":"https:\/\/pornuestrolaredo.com\/wp-content\/uploads\/2022\/11\/Paisanos-1-150x150.jpg","medium":"https:\/\/pornuestrolaredo.com\/wp-content\/uploads\/2022\/11\/Paisanos-1-300x200.jpg","medium_large":"https:\/\/pornuestrolaredo.com\/wp-content\/uploads\/2022\/11\/Paisanos-1-768x512.jpg","large":"https:\/\/pornuestrolaredo.com\/wp-content\/uploads\/2022\/11\/Paisanos-1-1024x682.jpg","1536x1536":"https:\/\/pornuestrolaredo.com\/wp-content\/uploads\/2022\/11\/Paisanos-1.jpg","2048x2048":"https:\/\/pornuestrolaredo.com\/wp-content\/uploads\/2022\/11\/Paisanos-1.jpg","morenews-large":"https:\/\/pornuestrolaredo.com\/wp-content\/uploads\/2022\/11\/Paisanos-1.jpg","morenews-medium":"https:\/\/pornuestrolaredo.com\/wp-content\/uploads\/2022\/11\/Paisanos-1.jpg"},"magazineBlocksPostAuthor":{"name":"Redactor","avatar":"https:\/\/pornuestrolaredo.com\/wp-content\/litespeed\/avatar\/dca1d7ec750c399f025f23b0b314f4cf.jpg?ver=1777612120"},"magazineBlocksPostCommentsNumber":false,"magazineBlocksPostExcerpt":"Los viajeros son recibidos con m\u00fasica t\u00edpica, bailables, gastronom\u00eda, artesan\u00edas y un operativo en conjunto con los tres niveles de gobierno","magazineBlocksPostCategories":["Los dos Laredos"],"magazineBlocksPostViewCount":148,"magazineBlocksPostReadTime":3,"magazine_blocks_featured_image_url":{"full":["https:\/\/pornuestrolaredo.com\/wp-content\/uploads\/2022\/11\/Paisanos-1.jpg",1280,853,false],"medium":["https:\/\/pornuestrolaredo.com\/wp-content\/uploads\/2022\/11\/Paisanos-1-300x200.jpg",300,200,true],"thumbnail":["https:\/\/pornuestrolaredo.com\/wp-content\/uploads\/2022\/11\/Paisanos-1-150x150.jpg",150,150,true]},"magazine_blocks_author":{"display_name":"Redactor","author_link":"https:\/\/pornuestrolaredo.com\/?author=1"},"magazine_blocks_comment":0,"magazine_blocks_author_image":"https:\/\/pornuestrolaredo.com\/wp-content\/litespeed\/avatar\/dca1d7ec750c399f025f23b0b314f4cf.jpg?ver=1777612120","magazine_blocks_category":"<a href=\"#\" class=\"category-link category-link-4\">Los dos Laredos<\/a>","jetpack_publicize_connections":[],"featured_image_urls":{"full":["https:\/\/pornuestrolaredo.com\/wp-content\/uploads\/2022\/11\/Paisanos-1.jpg",1280,853,false],"thumbnail":["https:\/\/pornuestrolaredo.com\/wp-content\/uploads\/2022\/11\/Paisanos-1-150x150.jpg",150,150,true],"medium":["https:\/\/pornuestrolaredo.com\/wp-content\/uploads\/2022\/11\/Paisanos-1-300x200.jpg",300,200,true],"medium_large":["https:\/\/pornuestrolaredo.com\/wp-content\/uploads\/2022\/11\/Paisanos-1-768x512.jpg",640,427,true],"large":["https:\/\/pornuestrolaredo.com\/wp-content\/uploads\/2022\/11\/Paisanos-1-1024x682.jpg",640,426,true],"1536x1536":["https:\/\/pornuestrolaredo.com\/wp-content\/uploads\/2022\/11\/Paisanos-1.jpg",1280,853,false],"2048x2048":["https:\/\/pornuestrolaredo.com\/wp-content\/uploads\/2022\/11\/Paisanos-1.jpg",1280,853,false],"morenews-large":["https:\/\/pornuestrolaredo.com\/wp-content\/uploads\/2022\/11\/Paisanos-1.jpg",825,550,false],"morenews-medium":["https:\/\/pornuestrolaredo.com\/wp-content\/uploads\/2022\/11\/Paisanos-1.jpg",590,393,false]},"author_info":{"info":["Redactor"]},"category_info":"<a href=\"https:\/\/pornuestrolaredo.com\/?cat=4\" rel=\"category\">Los dos Laredos<\/a>","tag_info":"Los dos Laredos","comment_count":"0","jetpack_featured_media_url":"https:\/\/pornuestrolaredo.com\/wp-content\/uploads\/2022\/11\/Paisanos-1.jpg","jetpack_sharing_enabled":true,"_links":{"self":[{"href":"https:\/\/pornuestrolaredo.com\/index.php?rest_route=\/wp\/v2\/posts\/1304","targetHints":{"allow":["GET"]}}],"collection":[{"href":"https:\/\/pornuestrolaredo.com\/index.php?rest_route=\/wp\/v2\/posts"}],"about":[{"href":"https:\/\/pornuestrolaredo.com\/index.php?rest_route=\/wp\/v2\/types\/post"}],"author":[{"embeddable":true,"href":"https:\/\/pornuestrolaredo.com\/index.php?rest_route=\/wp\/v2\/users\/1"}],"replies":[{"embeddable":true,"href":"https:\/\/pornuestrolaredo.com\/index.php?rest_route=%2Fwp%2Fv2%2Fcomments&post=1304"}],"version-history":[{"count":1,"href":"https:\/\/pornuestrolaredo.com\/index.php?rest_route=\/wp\/v2\/posts\/1304\/revisions"}],"predecessor-version":[{"id":1306,"href":"https:\/\/pornuestrolaredo.com\/index.php?rest_route=\/wp\/v2\/posts\/1304\/revisions\/1306"}],"wp:featuredmedia":[{"embeddable":true,"href":"https:\/\/pornuestrolaredo.com\/index.php?rest_route=\/wp\/v2\/media\/1305"}],"wp:attachment":[{"href":"https:\/\/pornuestrolaredo.com\/index.php?rest_route=%2Fwp%2Fv2%2Fmedia&parent=1304"}],"wp:term":[{"taxonomy":"category","embeddable":true,"href":"https:\/\/pornuestrolaredo.com\/index.php?rest_route=%2Fwp%2Fv2%2Fcategories&post=1304"},{"taxonomy":"post_tag","embeddable":true,"href":"https:\/\/pornuestrolaredo.com\/index.php?rest_route=%2Fwp%2Fv2%2Ftags&post=1304"}],"curies":[{"name":"wp","href":"https:\/\/api.w.org\/{rel}","templated":true}]}}