{"id":1316,"date":"2022-12-01T17:20:26","date_gmt":"2022-12-01T17:20:26","guid":{"rendered":"https:\/\/pornuestrolaredo.com\/?p=1316"},"modified":"2022-12-01T17:20:26","modified_gmt":"2022-12-01T17:20:26","slug":"termina-temporada-de-huracanes-en-el-atlantico","status":"publish","type":"post","link":"https:\/\/pornuestrolaredo.com\/?p=1316","title":{"rendered":"Termina temporada de huracanes en el Atl\u00e1ntico"},"content":{"rendered":"<p><strong>MIAMI.-<\/strong> La temporada de huracanes del Atl\u00e1ntico que tuvo 14 tormentas con nombre lleg\u00f3 a su fin de manera oficial el mi\u00e9rcoles, lo que fue motivo de celebraci\u00f3n para algunos residentes de los Cayos de Florida, aunque otros habitantes del estado y de Puerto Rico seguir\u00e1n lidiando con los da\u00f1os provocados por los huracanes Ian, Nicole y Fiona.<\/p>\n<p>El periodo 2022 tuvo una primera mitad inusualmente tranquila, pero la situaci\u00f3n dio un giro dr\u00e1stico con tres destructivos huracanes en la segunda mitad, finalizando con una cifra promedio de tormentas con nombre. La temporada va del 1 de junio al 30 de noviembre.<\/p>\n<p>Este a\u00f1o tuvo ocho huracanes cuyos vientos alcanzaron al menos los 119 km\/h (74 mph), y dos de ellos se convirtieron en meteoros de categor\u00eda 3 o mayor con vientos de por lo menos 179 km\/h (111 mph), seg\u00fan la Oficina Nacional de Administraci\u00f3n Oce\u00e1nica y Atmosf\u00e9rica de Estados Unidos (NOAA, por sus siglas en ingl\u00e9s).<\/p>\n<p>Una temporada de huracanes promedio tiene 14 tormentas con nombre y siete huracanes, tres de ellos de categor\u00eda 3 o mayor, aseguran los meteor\u00f3logos.<\/p>\n<p>Durante la temporada, llam\u00f3 la atenci\u00f3n la poca actividad que hubo en agosto, la cual empat\u00f3 un r\u00e9cord. Este a\u00f1o fue el primero desde 1941 en que el Oc\u00e9ano Atl\u00e1ntico estuvo sin una tormenta con nombre desde el 3 de julio hasta el fin de agosto, seg\u00fan el investigador de huracanes de la Universidad Estatal de Colorado, Phil Klotzbach. Desde 1950, s\u00f3lo en 1997 y 1961 no se registraron tormentas con nombre durante agosto.<\/p>\n<p>Varios cientos de residentes de los Cayos de Florida se reunieron el mi\u00e9rcoles para celebrar el fin de la temporada con la quema de banderas de alerta de hurac\u00e1n. El evento incluy\u00f3 un llamado con una concha de mar \u2014un s\u00edmbolo de los Cayos_, y los oradores recordaron a los afectados por los huracanes de 2022 y expresaron su gratitud de que no hubo un impacto mayor en la regi\u00f3n. Posteriormente, integrantes del grupo de administraci\u00f3n ceremonial Conch Republic de Key West rociaron las banderas de alerta de hurac\u00e1n con ron y les prendieron fuego. El evento se realiz\u00f3 detr\u00e1s del nav\u00edo Ingham de la Guardia Costera, un museo mar\u00edtimo atracado en Key West.<\/p>\n<p>El hurac\u00e1n Ian toc\u00f3 tierra como una tormenta de categor\u00eda 4 en el suroeste de Florida a finales de septiembre, causando casi 150 decesos y dejando una estela de destrucci\u00f3n a medida que avanzaba hacia el noreste a trav\u00e9s del estado. Despu\u00e9s de regresar al Atl\u00e1ntico, el meteoro gir\u00f3 hacia el norte e impact\u00f3 Carolina del Sur como un hurac\u00e1n de categor\u00eda 1. Con vientos m\u00e1ximos sostenidos de 241 km\/h (150 mph), el hurac\u00e1n Ian empat\u00f3 en la quinta posici\u00f3n como el hurac\u00e1n de mayor intensidad en tocar tierra en Estados Unidos en la historia, indicaron las autoridades.<\/p>\n<p>El v\u00f3rtice del hurac\u00e1n Nicole golpe\u00f3 la costa central de Florida como una tormenta de categor\u00eda 1 a principios de noviembre, pero el mayor da\u00f1o aparentemente ocurri\u00f3 m\u00e1s de 160 kil\u00f3metros (100 millas) al norte, en los alrededores de Daytona Beach, donde la erosi\u00f3n de playa que inici\u00f3 con el hurac\u00e1n Ian empeor\u00f3, dando como resultado que algunas residencias se derrumbaran y fueran arrastradas al oc\u00e9ano.<\/p>\n<p>Fiona fue el primer hurac\u00e1n de categor\u00eda 3 o mayor de la temporada, y eventualmente alcanz\u00f3 la categor\u00eda 4 con vientos de hasta 215 km\/h (130 mph). El ojo de la tormenta no alcanz\u00f3 territorio continental de Estados Unidos, pero s\u00ed impact\u00f3 Puerto Rico como una tormenta de categor\u00eda 1 a mediados de septiembre, dejando a toda la isla sin luz y provocando al menos 25 fallecimientos.<\/p>\n","protected":false},"excerpt":{"rendered":"<p>Este a\u00f1o hubo 14 tormentas con nombre y dos de ellas se convirtieron en meteoros de categor\u00eda 3 o mayor <\/p>\n","protected":false},"author":1,"featured_media":1317,"comment_status":"closed","ping_status":"closed","sticky":false,"template":"","format":"standard","meta":{"_crdt_document":"","_jetpack_memberships_contains_paid_content":false,"footnotes":"","jetpack_publicize_message":"","jetpack_publicize_feature_enabled":true,"jetpack_social_post_already_shared":true,"jetpack_social_options":{"image_generator_settings":{"template":"highway","default_image_id":0,"font":"","enabled":false},"version":2},"_wpas_customize_per_network":false},"categories":[9],"tags":[],"class_list":["post-1316","post","type-post","status-publish","format-standard","has-post-thumbnail","hentry","category-el-mundo"],"magazineBlocksPostFeaturedMedia":{"thumbnail":"https:\/\/pornuestrolaredo.com\/wp-content\/uploads\/2022\/12\/PNL-20221201-2-150x150.jpeg","medium":"https:\/\/pornuestrolaredo.com\/wp-content\/uploads\/2022\/12\/PNL-20221201-2-300x169.jpeg","medium_large":"https:\/\/pornuestrolaredo.com\/wp-content\/uploads\/2022\/12\/PNL-20221201-2-768x432.jpeg","large":"https:\/\/pornuestrolaredo.com\/wp-content\/uploads\/2022\/12\/PNL-20221201-2-1024x576.jpeg","1536x1536":"https:\/\/pornuestrolaredo.com\/wp-content\/uploads\/2022\/12\/PNL-20221201-2-1536x864.jpeg","2048x2048":"https:\/\/pornuestrolaredo.com\/wp-content\/uploads\/2022\/12\/PNL-20221201-2.jpeg","morenews-large":"https:\/\/pornuestrolaredo.com\/wp-content\/uploads\/2022\/12\/PNL-20221201-2.jpeg","morenews-medium":"https:\/\/pornuestrolaredo.com\/wp-content\/uploads\/2022\/12\/PNL-20221201-2.jpeg"},"magazineBlocksPostAuthor":{"name":"Redactor","avatar":"https:\/\/pornuestrolaredo.com\/wp-content\/litespeed\/avatar\/dca1d7ec750c399f025f23b0b314f4cf.jpg?ver=1777612120"},"magazineBlocksPostCommentsNumber":false,"magazineBlocksPostExcerpt":"Este a\u00f1o hubo 14 tormentas con nombre y dos de ellas se convirtieron en meteoros de categor\u00eda 3 o mayor ","magazineBlocksPostCategories":["El Mundo"],"magazineBlocksPostViewCount":139,"magazineBlocksPostReadTime":4,"magazine_blocks_featured_image_url":{"full":["https:\/\/pornuestrolaredo.com\/wp-content\/uploads\/2022\/12\/PNL-20221201-2.jpeg",1600,900,false],"medium":["https:\/\/pornuestrolaredo.com\/wp-content\/uploads\/2022\/12\/PNL-20221201-2-300x169.jpeg",300,169,true],"thumbnail":["https:\/\/pornuestrolaredo.com\/wp-content\/uploads\/2022\/12\/PNL-20221201-2-150x150.jpeg",150,150,true]},"magazine_blocks_author":{"display_name":"Redactor","author_link":"https:\/\/pornuestrolaredo.com\/?author=1"},"magazine_blocks_comment":0,"magazine_blocks_author_image":"https:\/\/pornuestrolaredo.com\/wp-content\/litespeed\/avatar\/dca1d7ec750c399f025f23b0b314f4cf.jpg?ver=1777612120","magazine_blocks_category":"<a href=\"#\" class=\"category-link category-link-9\">El Mundo<\/a>","jetpack_publicize_connections":[],"featured_image_urls":{"full":["https:\/\/pornuestrolaredo.com\/wp-content\/uploads\/2022\/12\/PNL-20221201-2.jpeg",1600,900,false],"thumbnail":["https:\/\/pornuestrolaredo.com\/wp-content\/uploads\/2022\/12\/PNL-20221201-2-150x150.jpeg",150,150,true],"medium":["https:\/\/pornuestrolaredo.com\/wp-content\/uploads\/2022\/12\/PNL-20221201-2-300x169.jpeg",300,169,true],"medium_large":["https:\/\/pornuestrolaredo.com\/wp-content\/uploads\/2022\/12\/PNL-20221201-2-768x432.jpeg",640,360,true],"large":["https:\/\/pornuestrolaredo.com\/wp-content\/uploads\/2022\/12\/PNL-20221201-2-1024x576.jpeg",640,360,true],"1536x1536":["https:\/\/pornuestrolaredo.com\/wp-content\/uploads\/2022\/12\/PNL-20221201-2-1536x864.jpeg",1536,864,true],"2048x2048":["https:\/\/pornuestrolaredo.com\/wp-content\/uploads\/2022\/12\/PNL-20221201-2.jpeg",1600,900,false],"morenews-large":["https:\/\/pornuestrolaredo.com\/wp-content\/uploads\/2022\/12\/PNL-20221201-2.jpeg",825,464,false],"morenews-medium":["https:\/\/pornuestrolaredo.com\/wp-content\/uploads\/2022\/12\/PNL-20221201-2.jpeg",590,332,false]},"author_info":{"info":["Redactor"]},"category_info":"<a href=\"https:\/\/pornuestrolaredo.com\/?cat=9\" rel=\"category\">El Mundo<\/a>","tag_info":"El Mundo","comment_count":"0","jetpack_featured_media_url":"https:\/\/pornuestrolaredo.com\/wp-content\/uploads\/2022\/12\/PNL-20221201-2.jpeg","jetpack_sharing_enabled":true,"_links":{"self":[{"href":"https:\/\/pornuestrolaredo.com\/index.php?rest_route=\/wp\/v2\/posts\/1316","targetHints":{"allow":["GET"]}}],"collection":[{"href":"https:\/\/pornuestrolaredo.com\/index.php?rest_route=\/wp\/v2\/posts"}],"about":[{"href":"https:\/\/pornuestrolaredo.com\/index.php?rest_route=\/wp\/v2\/types\/post"}],"author":[{"embeddable":true,"href":"https:\/\/pornuestrolaredo.com\/index.php?rest_route=\/wp\/v2\/users\/1"}],"replies":[{"embeddable":true,"href":"https:\/\/pornuestrolaredo.com\/index.php?rest_route=%2Fwp%2Fv2%2Fcomments&post=1316"}],"version-history":[{"count":1,"href":"https:\/\/pornuestrolaredo.com\/index.php?rest_route=\/wp\/v2\/posts\/1316\/revisions"}],"predecessor-version":[{"id":1318,"href":"https:\/\/pornuestrolaredo.com\/index.php?rest_route=\/wp\/v2\/posts\/1316\/revisions\/1318"}],"wp:featuredmedia":[{"embeddable":true,"href":"https:\/\/pornuestrolaredo.com\/index.php?rest_route=\/wp\/v2\/media\/1317"}],"wp:attachment":[{"href":"https:\/\/pornuestrolaredo.com\/index.php?rest_route=%2Fwp%2Fv2%2Fmedia&parent=1316"}],"wp:term":[{"taxonomy":"category","embeddable":true,"href":"https:\/\/pornuestrolaredo.com\/index.php?rest_route=%2Fwp%2Fv2%2Fcategories&post=1316"},{"taxonomy":"post_tag","embeddable":true,"href":"https:\/\/pornuestrolaredo.com\/index.php?rest_route=%2Fwp%2Fv2%2Ftags&post=1316"}],"curies":[{"name":"wp","href":"https:\/\/api.w.org\/{rel}","templated":true}]}}