{"id":1329,"date":"2022-12-01T20:58:29","date_gmt":"2022-12-01T20:58:29","guid":{"rendered":"https:\/\/pornuestrolaredo.com\/?p=1329"},"modified":"2022-12-01T20:58:29","modified_gmt":"2022-12-01T20:58:29","slug":"hara-dif-de-nld-segunda-feria-del-empleo","status":"publish","type":"post","link":"https:\/\/pornuestrolaredo.com\/?p=1329","title":{"rendered":"Har\u00e1 DIF de NLD segunda Feria del Empleo"},"content":{"rendered":"<p><strong>NUEVO LAREDO.-<\/strong> El Sistema para el Desarrollo Integral de la Familia\u00a0 (DIF) de Nuevo Laredo, realizar\u00e1 la Segunda Feria del Empleo para Personas Discapacitadas este viernes 2 de diciembre, con la intenci\u00f3n de fomentar la inclusi\u00f3n laboral en la ciudad.<\/p>\n<p>La presidenta del Sistema DIF, Claudette Canturosas Villarreal, se\u00f1al\u00f3 que este evento se realizar\u00e1 en el marco del d\u00eda Internacional de las Personas con Discapacidad que se celebra cada 3 de diciembre.<\/p>\n<blockquote><p>Las personas con discapacidad que busquen una oportunidad laboral pueden acudir a esta Feria del Empleo, adem\u00e1s,\u00a0 la invitaci\u00f3n sigue abierta tambi\u00e9n a todas las empresas que se quieran sumar\u00a0 para ofertar sus vacantes, para continuar con la transformaci\u00f3n de la ciudad es necesario que todos tengan las mismas oportunidades pues solo as\u00ed se logra una verdadera inclusi\u00f3n\u201d dijo la presidenta del DIF.<\/p><\/blockquote>\n<p>Las personas interesadas en participar deber\u00e1n de presentarse con copia del acta de nacimiento, CURP, credencial del\u00a0 INE, comprobante de domicilio y solicitud elaborada.<\/p>\n<p>Las empresas que a\u00fan deseen participar tienen que comunicarse a los tel\u00e9fonos 867150 40 00 en el CRI o bien al tel\u00e9fono 8677121032. La Feria del Empleo para Personas Discapacitadas se realizar\u00e1 el viernes 2 de diciembre\u00a0 \u00a0de 10:00 de la ma\u00f1ana a 1:00 de la tarde, en las instalaciones del Centro de Rehabilitaci\u00f3n Integral (CRI) del Sistema DIF, ubicado en Jaumave #6970 en la colonia La Fe.<\/p>\n","protected":false},"excerpt":{"rendered":"<p>NUEVO LAREDO.- El Sistema para el Desarrollo Integral de la Familia\u00a0 (DIF) de Nuevo Laredo, realizar\u00e1 la Segunda<\/p>\n","protected":false},"author":1,"featured_media":1330,"comment_status":"closed","ping_status":"closed","sticky":false,"template":"","format":"standard","meta":{"_crdt_document":"","_jetpack_memberships_contains_paid_content":false,"footnotes":"","jetpack_publicize_message":"","jetpack_publicize_feature_enabled":true,"jetpack_social_post_already_shared":true,"jetpack_social_options":{"image_generator_settings":{"template":"highway","default_image_id":0,"font":"","enabled":false},"version":2},"_wpas_customize_per_network":false},"categories":[4],"tags":[],"class_list":["post-1329","post","type-post","status-publish","format-standard","has-post-thumbnail","hentry","category-los-dos-laredos"],"magazineBlocksPostFeaturedMedia":{"thumbnail":"https:\/\/pornuestrolaredo.com\/wp-content\/uploads\/2022\/12\/PNL-20221201-6-150x150.jpg","medium":"https:\/\/pornuestrolaredo.com\/wp-content\/uploads\/2022\/12\/PNL-20221201-6-300x169.jpg","medium_large":"https:\/\/pornuestrolaredo.com\/wp-content\/uploads\/2022\/12\/PNL-20221201-6-768x432.jpg","large":"https:\/\/pornuestrolaredo.com\/wp-content\/uploads\/2022\/12\/PNL-20221201-6-1024x576.jpg","1536x1536":"https:\/\/pornuestrolaredo.com\/wp-content\/uploads\/2022\/12\/PNL-20221201-6.jpg","2048x2048":"https:\/\/pornuestrolaredo.com\/wp-content\/uploads\/2022\/12\/PNL-20221201-6.jpg","morenews-large":"https:\/\/pornuestrolaredo.com\/wp-content\/uploads\/2022\/12\/PNL-20221201-6.jpg","morenews-medium":"https:\/\/pornuestrolaredo.com\/wp-content\/uploads\/2022\/12\/PNL-20221201-6.jpg"},"magazineBlocksPostAuthor":{"name":"Redactor","avatar":"https:\/\/pornuestrolaredo.com\/wp-content\/litespeed\/avatar\/dca1d7ec750c399f025f23b0b314f4cf.jpg?ver=1777612120"},"magazineBlocksPostCommentsNumber":false,"magazineBlocksPostExcerpt":"NUEVO LAREDO.- El Sistema para el Desarrollo Integral de la Familia\u00a0 (DIF) de Nuevo Laredo, realizar\u00e1 la Segunda","magazineBlocksPostCategories":["Los dos Laredos"],"magazineBlocksPostViewCount":123,"magazineBlocksPostReadTime":2,"magazine_blocks_featured_image_url":{"full":["https:\/\/pornuestrolaredo.com\/wp-content\/uploads\/2022\/12\/PNL-20221201-6.jpg",1280,720,false],"medium":["https:\/\/pornuestrolaredo.com\/wp-content\/uploads\/2022\/12\/PNL-20221201-6-300x169.jpg",300,169,true],"thumbnail":["https:\/\/pornuestrolaredo.com\/wp-content\/uploads\/2022\/12\/PNL-20221201-6-150x150.jpg",150,150,true]},"magazine_blocks_author":{"display_name":"Redactor","author_link":"https:\/\/pornuestrolaredo.com\/?author=1"},"magazine_blocks_comment":0,"magazine_blocks_author_image":"https:\/\/pornuestrolaredo.com\/wp-content\/litespeed\/avatar\/dca1d7ec750c399f025f23b0b314f4cf.jpg?ver=1777612120","magazine_blocks_category":"<a href=\"#\" class=\"category-link category-link-4\">Los dos Laredos<\/a>","jetpack_publicize_connections":[],"featured_image_urls":{"full":["https:\/\/pornuestrolaredo.com\/wp-content\/uploads\/2022\/12\/PNL-20221201-6.jpg",1280,720,false],"thumbnail":["https:\/\/pornuestrolaredo.com\/wp-content\/uploads\/2022\/12\/PNL-20221201-6-150x150.jpg",150,150,true],"medium":["https:\/\/pornuestrolaredo.com\/wp-content\/uploads\/2022\/12\/PNL-20221201-6-300x169.jpg",300,169,true],"medium_large":["https:\/\/pornuestrolaredo.com\/wp-content\/uploads\/2022\/12\/PNL-20221201-6-768x432.jpg",640,360,true],"large":["https:\/\/pornuestrolaredo.com\/wp-content\/uploads\/2022\/12\/PNL-20221201-6-1024x576.jpg",640,360,true],"1536x1536":["https:\/\/pornuestrolaredo.com\/wp-content\/uploads\/2022\/12\/PNL-20221201-6.jpg",1280,720,false],"2048x2048":["https:\/\/pornuestrolaredo.com\/wp-content\/uploads\/2022\/12\/PNL-20221201-6.jpg",1280,720,false],"morenews-large":["https:\/\/pornuestrolaredo.com\/wp-content\/uploads\/2022\/12\/PNL-20221201-6.jpg",825,464,false],"morenews-medium":["https:\/\/pornuestrolaredo.com\/wp-content\/uploads\/2022\/12\/PNL-20221201-6.jpg",590,332,false]},"author_info":{"info":["Redactor"]},"category_info":"<a href=\"https:\/\/pornuestrolaredo.com\/?cat=4\" rel=\"category\">Los dos Laredos<\/a>","tag_info":"Los dos Laredos","comment_count":"0","jetpack_featured_media_url":"https:\/\/pornuestrolaredo.com\/wp-content\/uploads\/2022\/12\/PNL-20221201-6.jpg","jetpack_sharing_enabled":true,"_links":{"self":[{"href":"https:\/\/pornuestrolaredo.com\/index.php?rest_route=\/wp\/v2\/posts\/1329","targetHints":{"allow":["GET"]}}],"collection":[{"href":"https:\/\/pornuestrolaredo.com\/index.php?rest_route=\/wp\/v2\/posts"}],"about":[{"href":"https:\/\/pornuestrolaredo.com\/index.php?rest_route=\/wp\/v2\/types\/post"}],"author":[{"embeddable":true,"href":"https:\/\/pornuestrolaredo.com\/index.php?rest_route=\/wp\/v2\/users\/1"}],"replies":[{"embeddable":true,"href":"https:\/\/pornuestrolaredo.com\/index.php?rest_route=%2Fwp%2Fv2%2Fcomments&post=1329"}],"version-history":[{"count":1,"href":"https:\/\/pornuestrolaredo.com\/index.php?rest_route=\/wp\/v2\/posts\/1329\/revisions"}],"predecessor-version":[{"id":1331,"href":"https:\/\/pornuestrolaredo.com\/index.php?rest_route=\/wp\/v2\/posts\/1329\/revisions\/1331"}],"wp:featuredmedia":[{"embeddable":true,"href":"https:\/\/pornuestrolaredo.com\/index.php?rest_route=\/wp\/v2\/media\/1330"}],"wp:attachment":[{"href":"https:\/\/pornuestrolaredo.com\/index.php?rest_route=%2Fwp%2Fv2%2Fmedia&parent=1329"}],"wp:term":[{"taxonomy":"category","embeddable":true,"href":"https:\/\/pornuestrolaredo.com\/index.php?rest_route=%2Fwp%2Fv2%2Fcategories&post=1329"},{"taxonomy":"post_tag","embeddable":true,"href":"https:\/\/pornuestrolaredo.com\/index.php?rest_route=%2Fwp%2Fv2%2Ftags&post=1329"}],"curies":[{"name":"wp","href":"https:\/\/api.w.org\/{rel}","templated":true}]}}