{"id":1334,"date":"2022-12-05T18:52:06","date_gmt":"2022-12-05T18:52:06","guid":{"rendered":"https:\/\/pornuestrolaredo.com\/?p=1334"},"modified":"2022-12-05T18:52:06","modified_gmt":"2022-12-05T18:52:06","slug":"pele-internado-por-covid-no-por-cancer","status":"publish","type":"post","link":"https:\/\/pornuestrolaredo.com\/?p=1334","title":{"rendered":"Pele, internado por Covid, no por c\u00e1ncer"},"content":{"rendered":"<p><strong>R\u00cdO DE JANEIRO.-<\/strong> Las hijas de Pel\u00e9 desmintieron que su padre se encuentre en cuidados paliativos luego de que la quimioterapia contra el c\u00e1ncer de colon que padece no est\u00e9 funcionando.<\/p>\n<p>De igual forma, las parientes del tricampe\u00f3n mundial de 82 a\u00f1os aclararon que si est\u00e1 internado desde el martes pasado es para tratar una infecci\u00f3n pulmonar consecuencia del Covid-19.<\/p>\n<blockquote><p>No me gusta decir que el tratamiento contra el c\u00e1ncer no est\u00e1 funcionando. Ya lo hizo, est\u00e1 funcionando. Solo \u00e9l est\u00e1 aqu\u00ed, respirando, ya est\u00e1 funcionando muy bien&#8221;, dijo Fl\u00e1via Nascimento a la cadena brasile\u00f1a TV Globo.<\/p><\/blockquote>\n<blockquote><p>\u00c9l no tuvo la remisi\u00f3n total del c\u00e1ncer de colon. Es muy injusto decir que est\u00e1 terminal, en tratamiento paliativo. No es eso, cr\u00e9anos&#8221;.<\/p><\/blockquote>\n<p>El diario brasile\u00f1o Folha de Sao Paulo public\u00f3 el s\u00e1bado que Edson Arantes do Nascimento pas\u00f3 a cuidados paliativos debido a que su quimioterapia no estaba funcionando. El mismo d\u00eda Pel\u00e9 public\u00f3 un mensaje en Instagram donde afirmaba que estaba &#8220;fuerte, con mucha esperanza&#8221;.<\/p>\n<p>Pel\u00e9 es el \u00fanico futbolista que ha ganado tres Mundiales (1958, 1962 y 1970).<\/p>\n<blockquote><p>Hace unas tres semanas contrajo Covid. \u00c9l est\u00e1 vacunado con todas las vacunas, pero por causa de los medicamentos y la quimioterapia del c\u00e1ncer est\u00e1 fr\u00e1gil y desarroll\u00f3 una infecci\u00f3n en el pulm\u00f3n. Por eso fue al hospital. \u201cEst\u00e1 enfermo, es viejo y est\u00e1 en el hospital con una infecci\u00f3n pulmonar. Cuando mejore, volver\u00e1 a casa. No se despedir\u00e1 en el hospital en este momento\u201d, coment\u00f3 por su parte Kely Nascimento.<\/p><\/blockquote>\n","protected":false},"excerpt":{"rendered":"<p>Niegan sus hijas que las quimioterapias no est\u00e9n funcionando; tampoco est\u00e1 en cuidados paliativos<\/p>\n","protected":false},"author":1,"featured_media":1336,"comment_status":"closed","ping_status":"closed","sticky":false,"template":"","format":"standard","meta":{"_crdt_document":"","_jetpack_memberships_contains_paid_content":false,"footnotes":"","jetpack_publicize_message":"","jetpack_publicize_feature_enabled":true,"jetpack_social_post_already_shared":true,"jetpack_social_options":{"image_generator_settings":{"template":"highway","default_image_id":0,"font":"","enabled":false},"version":2},"_wpas_customize_per_network":false},"categories":[10],"tags":[],"class_list":["post-1334","post","type-post","status-publish","format-standard","has-post-thumbnail","hentry","category-deportes"],"magazineBlocksPostFeaturedMedia":{"thumbnail":"https:\/\/pornuestrolaredo.com\/wp-content\/uploads\/2022\/12\/PNL-20221205-2-150x150.jpeg","medium":"https:\/\/pornuestrolaredo.com\/wp-content\/uploads\/2022\/12\/PNL-20221205-2-300x169.jpeg","medium_large":"https:\/\/pornuestrolaredo.com\/wp-content\/uploads\/2022\/12\/PNL-20221205-2-768x432.jpeg","large":"https:\/\/pornuestrolaredo.com\/wp-content\/uploads\/2022\/12\/PNL-20221205-2-1024x576.jpeg","1536x1536":"https:\/\/pornuestrolaredo.com\/wp-content\/uploads\/2022\/12\/PNL-20221205-2.jpeg","2048x2048":"https:\/\/pornuestrolaredo.com\/wp-content\/uploads\/2022\/12\/PNL-20221205-2.jpeg","morenews-large":"https:\/\/pornuestrolaredo.com\/wp-content\/uploads\/2022\/12\/PNL-20221205-2.jpeg","morenews-medium":"https:\/\/pornuestrolaredo.com\/wp-content\/uploads\/2022\/12\/PNL-20221205-2.jpeg"},"magazineBlocksPostAuthor":{"name":"Redactor","avatar":"https:\/\/pornuestrolaredo.com\/wp-content\/litespeed\/avatar\/dca1d7ec750c399f025f23b0b314f4cf.jpg?ver=1777612120"},"magazineBlocksPostCommentsNumber":false,"magazineBlocksPostExcerpt":"Niegan sus hijas que las quimioterapias no est\u00e9n funcionando; tampoco est\u00e1 en cuidados paliativos","magazineBlocksPostCategories":["Deportes"],"magazineBlocksPostViewCount":124,"magazineBlocksPostReadTime":2,"magazine_blocks_featured_image_url":{"full":["https:\/\/pornuestrolaredo.com\/wp-content\/uploads\/2022\/12\/PNL-20221205-2.jpeg",1280,720,false],"medium":["https:\/\/pornuestrolaredo.com\/wp-content\/uploads\/2022\/12\/PNL-20221205-2-300x169.jpeg",300,169,true],"thumbnail":["https:\/\/pornuestrolaredo.com\/wp-content\/uploads\/2022\/12\/PNL-20221205-2-150x150.jpeg",150,150,true]},"magazine_blocks_author":{"display_name":"Redactor","author_link":"https:\/\/pornuestrolaredo.com\/?author=1"},"magazine_blocks_comment":0,"magazine_blocks_author_image":"https:\/\/pornuestrolaredo.com\/wp-content\/litespeed\/avatar\/dca1d7ec750c399f025f23b0b314f4cf.jpg?ver=1777612120","magazine_blocks_category":"<a href=\"#\" class=\"category-link category-link-10\">Deportes<\/a>","jetpack_publicize_connections":[],"featured_image_urls":{"full":["https:\/\/pornuestrolaredo.com\/wp-content\/uploads\/2022\/12\/PNL-20221205-2.jpeg",1280,720,false],"thumbnail":["https:\/\/pornuestrolaredo.com\/wp-content\/uploads\/2022\/12\/PNL-20221205-2-150x150.jpeg",150,150,true],"medium":["https:\/\/pornuestrolaredo.com\/wp-content\/uploads\/2022\/12\/PNL-20221205-2-300x169.jpeg",300,169,true],"medium_large":["https:\/\/pornuestrolaredo.com\/wp-content\/uploads\/2022\/12\/PNL-20221205-2-768x432.jpeg",640,360,true],"large":["https:\/\/pornuestrolaredo.com\/wp-content\/uploads\/2022\/12\/PNL-20221205-2-1024x576.jpeg",640,360,true],"1536x1536":["https:\/\/pornuestrolaredo.com\/wp-content\/uploads\/2022\/12\/PNL-20221205-2.jpeg",1280,720,false],"2048x2048":["https:\/\/pornuestrolaredo.com\/wp-content\/uploads\/2022\/12\/PNL-20221205-2.jpeg",1280,720,false],"morenews-large":["https:\/\/pornuestrolaredo.com\/wp-content\/uploads\/2022\/12\/PNL-20221205-2.jpeg",825,464,false],"morenews-medium":["https:\/\/pornuestrolaredo.com\/wp-content\/uploads\/2022\/12\/PNL-20221205-2.jpeg",590,332,false]},"author_info":{"info":["Redactor"]},"category_info":"<a href=\"https:\/\/pornuestrolaredo.com\/?cat=10\" rel=\"category\">Deportes<\/a>","tag_info":"Deportes","comment_count":"0","jetpack_featured_media_url":"https:\/\/pornuestrolaredo.com\/wp-content\/uploads\/2022\/12\/PNL-20221205-2.jpeg","jetpack_sharing_enabled":true,"_links":{"self":[{"href":"https:\/\/pornuestrolaredo.com\/index.php?rest_route=\/wp\/v2\/posts\/1334","targetHints":{"allow":["GET"]}}],"collection":[{"href":"https:\/\/pornuestrolaredo.com\/index.php?rest_route=\/wp\/v2\/posts"}],"about":[{"href":"https:\/\/pornuestrolaredo.com\/index.php?rest_route=\/wp\/v2\/types\/post"}],"author":[{"embeddable":true,"href":"https:\/\/pornuestrolaredo.com\/index.php?rest_route=\/wp\/v2\/users\/1"}],"replies":[{"embeddable":true,"href":"https:\/\/pornuestrolaredo.com\/index.php?rest_route=%2Fwp%2Fv2%2Fcomments&post=1334"}],"version-history":[{"count":2,"href":"https:\/\/pornuestrolaredo.com\/index.php?rest_route=\/wp\/v2\/posts\/1334\/revisions"}],"predecessor-version":[{"id":1337,"href":"https:\/\/pornuestrolaredo.com\/index.php?rest_route=\/wp\/v2\/posts\/1334\/revisions\/1337"}],"wp:featuredmedia":[{"embeddable":true,"href":"https:\/\/pornuestrolaredo.com\/index.php?rest_route=\/wp\/v2\/media\/1336"}],"wp:attachment":[{"href":"https:\/\/pornuestrolaredo.com\/index.php?rest_route=%2Fwp%2Fv2%2Fmedia&parent=1334"}],"wp:term":[{"taxonomy":"category","embeddable":true,"href":"https:\/\/pornuestrolaredo.com\/index.php?rest_route=%2Fwp%2Fv2%2Fcategories&post=1334"},{"taxonomy":"post_tag","embeddable":true,"href":"https:\/\/pornuestrolaredo.com\/index.php?rest_route=%2Fwp%2Fv2%2Ftags&post=1334"}],"curies":[{"name":"wp","href":"https:\/\/api.w.org\/{rel}","templated":true}]}}