{"id":1345,"date":"2022-12-05T19:49:22","date_gmt":"2022-12-05T19:49:22","guid":{"rendered":"https:\/\/pornuestrolaredo.com\/?p=1345"},"modified":"2022-12-05T19:49:22","modified_gmt":"2022-12-05T19:49:22","slug":"alistan-en-nld-el-desfile-navideno","status":"publish","type":"post","link":"https:\/\/pornuestrolaredo.com\/?p=1345","title":{"rendered":"Alistan en NLD el Desfile Navide\u00f1o"},"content":{"rendered":"<p><strong>NUEVO LAREDO.<\/strong>&#8211; Ya hay 264 participantes en el gran Desfile Navide\u00f1o organizado por la empresa Coca-Cola y el Gobierno Municipal, por medio de la Direcci\u00f3n de Turismo.<\/p>\n<p>El desfile se realizar\u00e1 el s\u00e1bado 17 de diciembre y acudir\u00e1n organismos civiles, empresas de diversos giros e institutos educativos mediante contingentes de plataformas, carros aleg\u00f3ricos, trailer o coches.<\/p>\n<p>El director de Turismo Municipal, Ernesto Salda\u00f1a Medrano, explic\u00f3 que a partir de mediod\u00eda llegar\u00e1 el contingente a la calle 15 de septiembre a la altura de la avenida Reforma para alistarse y comenzar el desfile en punto de las 6:00 PM.<\/p>\n<blockquote><p>Este desfile es una actividad muy significativa que celebramos a\u00f1o con a\u00f1o, adem\u00e1s promovemos la participaci\u00f3n ciudadana y as\u00ed refrendamos las tradiciones de Nuevo Laredo que a su vez nos recuerda una temporada de armon\u00eda, amor, paz y sobre todo que sociedad y gobierno, juntos, logramos dar la mejor cara del municipio al mundo\u201d, expres\u00f3.<\/p><\/blockquote>\n<p>Inform\u00f3 que ya se realizan los acuerdos y operativos necesarios con distintas corporaciones para hacer del desfile un evento seguro y placentero para las familias neolaredendes, esto como parte del compromiso de la alcaldesa Carmen Lilia Canturosas Villarreal con brindar actividades de calidad y bienestar a los ciudadanos. Para m\u00e1s informaci\u00f3n y registros, comunicarse con la Direcci\u00f3n de Turismo al n\u00famero telef\u00f3nico: 867-713-7020.<\/p>\n","protected":false},"excerpt":{"rendered":"<p>Ya est\u00e1n registrados 264 participantes en el evento organizado por Coca-Cola y el Gobierno Municipal<\/p>\n","protected":false},"author":1,"featured_media":1346,"comment_status":"closed","ping_status":"closed","sticky":false,"template":"","format":"standard","meta":{"_crdt_document":"","_jetpack_memberships_contains_paid_content":false,"footnotes":"","jetpack_publicize_message":"","jetpack_publicize_feature_enabled":true,"jetpack_social_post_already_shared":true,"jetpack_social_options":{"image_generator_settings":{"template":"highway","default_image_id":0,"font":"","enabled":false},"version":2},"_wpas_customize_per_network":false},"categories":[4],"tags":[],"class_list":["post-1345","post","type-post","status-publish","format-standard","has-post-thumbnail","hentry","category-los-dos-laredos"],"magazineBlocksPostFeaturedMedia":{"thumbnail":"https:\/\/pornuestrolaredo.com\/wp-content\/uploads\/2022\/12\/PNL-20221205-5-150x150.jpg","medium":"https:\/\/pornuestrolaredo.com\/wp-content\/uploads\/2022\/12\/PNL-20221205-5-300x200.jpg","medium_large":"https:\/\/pornuestrolaredo.com\/wp-content\/uploads\/2022\/12\/PNL-20221205-5-768x512.jpg","large":"https:\/\/pornuestrolaredo.com\/wp-content\/uploads\/2022\/12\/PNL-20221205-5-1024x682.jpg","1536x1536":"https:\/\/pornuestrolaredo.com\/wp-content\/uploads\/2022\/12\/PNL-20221205-5.jpg","2048x2048":"https:\/\/pornuestrolaredo.com\/wp-content\/uploads\/2022\/12\/PNL-20221205-5.jpg","morenews-large":"https:\/\/pornuestrolaredo.com\/wp-content\/uploads\/2022\/12\/PNL-20221205-5.jpg","morenews-medium":"https:\/\/pornuestrolaredo.com\/wp-content\/uploads\/2022\/12\/PNL-20221205-5.jpg"},"magazineBlocksPostAuthor":{"name":"Redactor","avatar":"https:\/\/pornuestrolaredo.com\/wp-content\/litespeed\/avatar\/dca1d7ec750c399f025f23b0b314f4cf.jpg?ver=1777612120"},"magazineBlocksPostCommentsNumber":false,"magazineBlocksPostExcerpt":"Ya est\u00e1n registrados 264 participantes en el evento organizado por Coca-Cola y el Gobierno Municipal","magazineBlocksPostCategories":["Los dos Laredos"],"magazineBlocksPostViewCount":148,"magazineBlocksPostReadTime":2,"magazine_blocks_featured_image_url":{"full":["https:\/\/pornuestrolaredo.com\/wp-content\/uploads\/2022\/12\/PNL-20221205-5.jpg",1280,853,false],"medium":["https:\/\/pornuestrolaredo.com\/wp-content\/uploads\/2022\/12\/PNL-20221205-5-300x200.jpg",300,200,true],"thumbnail":["https:\/\/pornuestrolaredo.com\/wp-content\/uploads\/2022\/12\/PNL-20221205-5-150x150.jpg",150,150,true]},"magazine_blocks_author":{"display_name":"Redactor","author_link":"https:\/\/pornuestrolaredo.com\/?author=1"},"magazine_blocks_comment":0,"magazine_blocks_author_image":"https:\/\/pornuestrolaredo.com\/wp-content\/litespeed\/avatar\/dca1d7ec750c399f025f23b0b314f4cf.jpg?ver=1777612120","magazine_blocks_category":"<a href=\"#\" class=\"category-link category-link-4\">Los dos Laredos<\/a>","jetpack_publicize_connections":[],"featured_image_urls":{"full":["https:\/\/pornuestrolaredo.com\/wp-content\/uploads\/2022\/12\/PNL-20221205-5.jpg",1280,853,false],"thumbnail":["https:\/\/pornuestrolaredo.com\/wp-content\/uploads\/2022\/12\/PNL-20221205-5-150x150.jpg",150,150,true],"medium":["https:\/\/pornuestrolaredo.com\/wp-content\/uploads\/2022\/12\/PNL-20221205-5-300x200.jpg",300,200,true],"medium_large":["https:\/\/pornuestrolaredo.com\/wp-content\/uploads\/2022\/12\/PNL-20221205-5-768x512.jpg",640,427,true],"large":["https:\/\/pornuestrolaredo.com\/wp-content\/uploads\/2022\/12\/PNL-20221205-5-1024x682.jpg",640,426,true],"1536x1536":["https:\/\/pornuestrolaredo.com\/wp-content\/uploads\/2022\/12\/PNL-20221205-5.jpg",1280,853,false],"2048x2048":["https:\/\/pornuestrolaredo.com\/wp-content\/uploads\/2022\/12\/PNL-20221205-5.jpg",1280,853,false],"morenews-large":["https:\/\/pornuestrolaredo.com\/wp-content\/uploads\/2022\/12\/PNL-20221205-5.jpg",825,550,false],"morenews-medium":["https:\/\/pornuestrolaredo.com\/wp-content\/uploads\/2022\/12\/PNL-20221205-5.jpg",590,393,false]},"author_info":{"info":["Redactor"]},"category_info":"<a href=\"https:\/\/pornuestrolaredo.com\/?cat=4\" rel=\"category\">Los dos Laredos<\/a>","tag_info":"Los dos Laredos","comment_count":"0","jetpack_featured_media_url":"https:\/\/pornuestrolaredo.com\/wp-content\/uploads\/2022\/12\/PNL-20221205-5.jpg","jetpack_sharing_enabled":true,"_links":{"self":[{"href":"https:\/\/pornuestrolaredo.com\/index.php?rest_route=\/wp\/v2\/posts\/1345","targetHints":{"allow":["GET"]}}],"collection":[{"href":"https:\/\/pornuestrolaredo.com\/index.php?rest_route=\/wp\/v2\/posts"}],"about":[{"href":"https:\/\/pornuestrolaredo.com\/index.php?rest_route=\/wp\/v2\/types\/post"}],"author":[{"embeddable":true,"href":"https:\/\/pornuestrolaredo.com\/index.php?rest_route=\/wp\/v2\/users\/1"}],"replies":[{"embeddable":true,"href":"https:\/\/pornuestrolaredo.com\/index.php?rest_route=%2Fwp%2Fv2%2Fcomments&post=1345"}],"version-history":[{"count":1,"href":"https:\/\/pornuestrolaredo.com\/index.php?rest_route=\/wp\/v2\/posts\/1345\/revisions"}],"predecessor-version":[{"id":1347,"href":"https:\/\/pornuestrolaredo.com\/index.php?rest_route=\/wp\/v2\/posts\/1345\/revisions\/1347"}],"wp:featuredmedia":[{"embeddable":true,"href":"https:\/\/pornuestrolaredo.com\/index.php?rest_route=\/wp\/v2\/media\/1346"}],"wp:attachment":[{"href":"https:\/\/pornuestrolaredo.com\/index.php?rest_route=%2Fwp%2Fv2%2Fmedia&parent=1345"}],"wp:term":[{"taxonomy":"category","embeddable":true,"href":"https:\/\/pornuestrolaredo.com\/index.php?rest_route=%2Fwp%2Fv2%2Fcategories&post=1345"},{"taxonomy":"post_tag","embeddable":true,"href":"https:\/\/pornuestrolaredo.com\/index.php?rest_route=%2Fwp%2Fv2%2Ftags&post=1345"}],"curies":[{"name":"wp","href":"https:\/\/api.w.org\/{rel}","templated":true}]}}