{"id":1355,"date":"2022-12-06T19:24:48","date_gmt":"2022-12-06T19:24:48","guid":{"rendered":"https:\/\/pornuestrolaredo.com\/?p=1355"},"modified":"2022-12-06T19:24:48","modified_gmt":"2022-12-06T19:24:48","slug":"mejoran-infraestructura-urbana-en-10-colonias-de-nld","status":"publish","type":"post","link":"https:\/\/pornuestrolaredo.com\/?p=1355","title":{"rendered":"Mejoran infraestructura urbana en 10 colonias de NLD"},"content":{"rendered":"<p><strong>NUEVO LAREDO.-<\/strong> El Gobierno Municipal, a trav\u00e9s de la Secretar\u00eda de Servicios P\u00fablicos Primarios (SSPP), llev\u00f3 a cabo la edici\u00f3n 16 del programa Mega Cuadrillas en una edici\u00f3n especial en la que m\u00e1s de 100 trabajadores atender\u00e1n m\u00e1s de 10 colonias al poniente de la ciudad. <\/p>\n<p>En esta ocasi\u00f3n arrancaron con las labores en el Parque Lineal ubicado en la avenida Tecolotes de la colonia Lomas del R\u00edo, donde iniciaron trabajos de mantenimiento y colocaron alumbrado LED en la zona.<\/p>\n<p>El secretario de SSPP, Horacio Seoane Yeme, inform\u00f3 que el programa se encuentra en una segunda etapa, debido a que ya se recorrieron todos los sectores de Nuevo Laredo mediante esta iniciativa.<\/p>\n<blockquote><p>Estamos para solucionar las peticiones que realizan los ciudadanos mediante el CIGA y que nos corresponden; estas \u00faltimas semanas tuvimos abundante lluvia y no hemos podido atender las necesidades de bacheo, por ello pedimos paciencia a la ciudadan\u00eda porque debemos esperar a que el \u00e1rea afectada est\u00e9 completamente seca para poder hacer el trabajo\u201d, destac\u00f3 el secretario de SSPP.<\/p><\/blockquote>\n<p>Inform\u00f3 que una vez que se presten las condiciones climatol\u00f3gicas, las cuadrillas se rolar\u00e1n en turnos dobles para poder culminar con el trabajo rezagado que ocasionaron las lluvias.<\/p>\n<p>Algunas de las colonias que se atender\u00e1n durante la semana de trabajo ser\u00e1n: Nueva Victoria, Los Toboganes, Constitucional, Voluntad y Trabajo II y III, Almendros, La Joya, Claudette, Alazanas, entre otras.<\/p>\n<p>La ciudadan\u00eda puede realizar cualquier petici\u00f3n de bacheo, alumbrado p\u00fablico o limpieza urbana a trav\u00e9s de las diversas plataformas del CIGA, en l\u00ednea 072.mx o al tel\u00e9fono 072.<\/p>\n<p>Durante el arranque del programa estuvieron presentes miembros del Cabildo y autoridades municipales.<\/p>\n","protected":false},"excerpt":{"rendered":"<p>Arranca este martes la segunda etapa del programa municipal \u2018Mega Cuadrillas\u2019 para instalar alumbrado y dar mantenimiento<\/p>\n","protected":false},"author":1,"featured_media":1356,"comment_status":"closed","ping_status":"closed","sticky":false,"template":"","format":"standard","meta":{"_crdt_document":"","_jetpack_memberships_contains_paid_content":false,"footnotes":"","jetpack_publicize_message":"","jetpack_publicize_feature_enabled":true,"jetpack_social_post_already_shared":true,"jetpack_social_options":{"image_generator_settings":{"template":"highway","default_image_id":0,"font":"","enabled":false},"version":2},"_wpas_customize_per_network":false},"categories":[4],"tags":[],"class_list":["post-1355","post","type-post","status-publish","format-standard","has-post-thumbnail","hentry","category-los-dos-laredos"],"magazineBlocksPostFeaturedMedia":{"thumbnail":"https:\/\/pornuestrolaredo.com\/wp-content\/uploads\/2022\/12\/PNL-20221206-3-150x150.jpg","medium":"https:\/\/pornuestrolaredo.com\/wp-content\/uploads\/2022\/12\/PNL-20221206-3-300x200.jpg","medium_large":"https:\/\/pornuestrolaredo.com\/wp-content\/uploads\/2022\/12\/PNL-20221206-3-768x512.jpg","large":"https:\/\/pornuestrolaredo.com\/wp-content\/uploads\/2022\/12\/PNL-20221206-3-1024x682.jpg","1536x1536":"https:\/\/pornuestrolaredo.com\/wp-content\/uploads\/2022\/12\/PNL-20221206-3.jpg","2048x2048":"https:\/\/pornuestrolaredo.com\/wp-content\/uploads\/2022\/12\/PNL-20221206-3.jpg","morenews-large":"https:\/\/pornuestrolaredo.com\/wp-content\/uploads\/2022\/12\/PNL-20221206-3.jpg","morenews-medium":"https:\/\/pornuestrolaredo.com\/wp-content\/uploads\/2022\/12\/PNL-20221206-3.jpg"},"magazineBlocksPostAuthor":{"name":"Redactor","avatar":"https:\/\/pornuestrolaredo.com\/wp-content\/litespeed\/avatar\/dca1d7ec750c399f025f23b0b314f4cf.jpg?ver=1777612120"},"magazineBlocksPostCommentsNumber":false,"magazineBlocksPostExcerpt":"Arranca este martes la segunda etapa del programa municipal \u2018Mega Cuadrillas\u2019 para instalar alumbrado y dar mantenimiento","magazineBlocksPostCategories":["Los dos Laredos"],"magazineBlocksPostViewCount":142,"magazineBlocksPostReadTime":2,"magazine_blocks_featured_image_url":{"full":["https:\/\/pornuestrolaredo.com\/wp-content\/uploads\/2022\/12\/PNL-20221206-3.jpg",1280,853,false],"medium":["https:\/\/pornuestrolaredo.com\/wp-content\/uploads\/2022\/12\/PNL-20221206-3-300x200.jpg",300,200,true],"thumbnail":["https:\/\/pornuestrolaredo.com\/wp-content\/uploads\/2022\/12\/PNL-20221206-3-150x150.jpg",150,150,true]},"magazine_blocks_author":{"display_name":"Redactor","author_link":"https:\/\/pornuestrolaredo.com\/?author=1"},"magazine_blocks_comment":0,"magazine_blocks_author_image":"https:\/\/pornuestrolaredo.com\/wp-content\/litespeed\/avatar\/dca1d7ec750c399f025f23b0b314f4cf.jpg?ver=1777612120","magazine_blocks_category":"<a href=\"#\" class=\"category-link category-link-4\">Los dos Laredos<\/a>","jetpack_publicize_connections":[],"featured_image_urls":{"full":["https:\/\/pornuestrolaredo.com\/wp-content\/uploads\/2022\/12\/PNL-20221206-3.jpg",1280,853,false],"thumbnail":["https:\/\/pornuestrolaredo.com\/wp-content\/uploads\/2022\/12\/PNL-20221206-3-150x150.jpg",150,150,true],"medium":["https:\/\/pornuestrolaredo.com\/wp-content\/uploads\/2022\/12\/PNL-20221206-3-300x200.jpg",300,200,true],"medium_large":["https:\/\/pornuestrolaredo.com\/wp-content\/uploads\/2022\/12\/PNL-20221206-3-768x512.jpg",640,427,true],"large":["https:\/\/pornuestrolaredo.com\/wp-content\/uploads\/2022\/12\/PNL-20221206-3-1024x682.jpg",640,426,true],"1536x1536":["https:\/\/pornuestrolaredo.com\/wp-content\/uploads\/2022\/12\/PNL-20221206-3.jpg",1280,853,false],"2048x2048":["https:\/\/pornuestrolaredo.com\/wp-content\/uploads\/2022\/12\/PNL-20221206-3.jpg",1280,853,false],"morenews-large":["https:\/\/pornuestrolaredo.com\/wp-content\/uploads\/2022\/12\/PNL-20221206-3.jpg",825,550,false],"morenews-medium":["https:\/\/pornuestrolaredo.com\/wp-content\/uploads\/2022\/12\/PNL-20221206-3.jpg",590,393,false]},"author_info":{"info":["Redactor"]},"category_info":"<a href=\"https:\/\/pornuestrolaredo.com\/?cat=4\" rel=\"category\">Los dos Laredos<\/a>","tag_info":"Los dos Laredos","comment_count":"0","jetpack_featured_media_url":"https:\/\/pornuestrolaredo.com\/wp-content\/uploads\/2022\/12\/PNL-20221206-3.jpg","jetpack_sharing_enabled":true,"_links":{"self":[{"href":"https:\/\/pornuestrolaredo.com\/index.php?rest_route=\/wp\/v2\/posts\/1355","targetHints":{"allow":["GET"]}}],"collection":[{"href":"https:\/\/pornuestrolaredo.com\/index.php?rest_route=\/wp\/v2\/posts"}],"about":[{"href":"https:\/\/pornuestrolaredo.com\/index.php?rest_route=\/wp\/v2\/types\/post"}],"author":[{"embeddable":true,"href":"https:\/\/pornuestrolaredo.com\/index.php?rest_route=\/wp\/v2\/users\/1"}],"replies":[{"embeddable":true,"href":"https:\/\/pornuestrolaredo.com\/index.php?rest_route=%2Fwp%2Fv2%2Fcomments&post=1355"}],"version-history":[{"count":1,"href":"https:\/\/pornuestrolaredo.com\/index.php?rest_route=\/wp\/v2\/posts\/1355\/revisions"}],"predecessor-version":[{"id":1357,"href":"https:\/\/pornuestrolaredo.com\/index.php?rest_route=\/wp\/v2\/posts\/1355\/revisions\/1357"}],"wp:featuredmedia":[{"embeddable":true,"href":"https:\/\/pornuestrolaredo.com\/index.php?rest_route=\/wp\/v2\/media\/1356"}],"wp:attachment":[{"href":"https:\/\/pornuestrolaredo.com\/index.php?rest_route=%2Fwp%2Fv2%2Fmedia&parent=1355"}],"wp:term":[{"taxonomy":"category","embeddable":true,"href":"https:\/\/pornuestrolaredo.com\/index.php?rest_route=%2Fwp%2Fv2%2Fcategories&post=1355"},{"taxonomy":"post_tag","embeddable":true,"href":"https:\/\/pornuestrolaredo.com\/index.php?rest_route=%2Fwp%2Fv2%2Ftags&post=1355"}],"curies":[{"name":"wp","href":"https:\/\/api.w.org\/{rel}","templated":true}]}}