{"id":1382,"date":"2022-12-12T21:04:16","date_gmt":"2022-12-12T21:04:16","guid":{"rendered":"https:\/\/pornuestrolaredo.com\/?p=1382"},"modified":"2022-12-12T21:04:16","modified_gmt":"2022-12-12T21:04:16","slug":"denuncia-ava-dano-al-erario-por-500-millones-de-pesos","status":"publish","type":"post","link":"https:\/\/pornuestrolaredo.com\/?p=1382","title":{"rendered":"Denuncia AVA da\u00f1o al erario por 500 millones de pesos"},"content":{"rendered":"<p><strong>CIUDAD VICTORIA.-<\/strong> \u201cNo vamos a descansar hasta agotar todas las instancias legales para que aquellos, que saquearon a nuestro estado, reciban todo el peso de la ley\u201d asegur\u00f3 el gobernador de Tamaulipas Am\u00e9rico Villarreal Anaya, luego de informar que al concluir el  proceso de \u201cEntrega-Recepci\u00f3n\u201d, fue detectado un da\u00f1o al erario tamaulipeco, de m\u00e1s de 500 millones de pesos y hasta el momento, han sido presentadas 18 denuncias.<\/p>\n<p>Durante la conferencia de prensa realizada este lunes, en el sal\u00f3n Independencia del  Palacio de Gobierno, afirm\u00f3 que tras ese proceso, ya tienen el estado real, en el que se recibi\u00f3 el Estado y todas sus instituciones.<\/p>\n<blockquote><p>Se han escrutado a detalle las irregularidades que desde un inicio, pudimos percatarnos que exist\u00edan y que hoy, nos permite tener un balance real y tangible. Hasta el momento, hemos presentado 18 denuncias; en total, 35 ex servidores p\u00fablicos han sido denunciados, y detectamos un da\u00f1o al erario estimado en m\u00e1s de 500 mdp\u201d, dijo.<\/p><\/blockquote>\n<p>Detall\u00f3, que los casos m\u00e1s graves son los de la Secretar\u00eda de Bienestar Social, donde se detectaron  irregularidades que podr\u00edan configurar en los presuntos delitos de peculado, coalici\u00f3n de servidores p\u00fablicos y uso il\u00edcito de atribuciones y facultades.<\/p>\n<p>\u201cHay una falta de comprobaci\u00f3n de la entrega y destino de m\u00e1s de 480 mil despensas, con un importe de m\u00e1s de 124 mdp as\u00ed como una falta de comprobaci\u00f3n sobre la erogaci\u00f3n de m\u00e1s de 235 mdp por concepto de la ejecuci\u00f3n del programa \u201cGeneraci\u00f3n del Cambio y  Bienestar Social\u201d.<\/p>\n<p>Asimismo explic\u00f3 que en la Secretar\u00eda de Obras P\u00fablicas, tambi\u00e9n se detectaron faltas graves, donde podr\u00edan configurarse los presuntos delitos de uso il\u00edcito de atribuciones y facultades, ejercicio abusivo de funciones y tr\u00e1fico de influencias.<\/p>\n<blockquote><p>Hubo una adjudicaci\u00f3n indebida de obras y simulaci\u00f3n de contratos\u201d, explic\u00f3.<\/p><\/blockquote>\n<p>En lo que corresponde a la Secretar\u00eda de Salud, se\u00f1al\u00f3 que se detect\u00f3 un faltante de 242 tablets, 94 laptops, equipo de impresi\u00f3n, escaneo y c\u00f3mputo, por lo cual se incurri\u00f3 en los posibles delitos de ejercicio il\u00edcito del servicio p\u00fablico, coalici\u00f3n de servidores p\u00fablicos y ejercicio abusivo de funciones. <\/p>\n<p>En el Sistema  DIF Tamaulipas, tambi\u00e9n se determin\u00f3 en este an\u00e1lisis del proceso de Entrega -Recepci\u00f3n,  la \u201ccontrataci\u00f3n de arrendamiento con personas, cuyo parentesco se encuentra dentro del cuarto grado de consanguinidad\u201d, por lo cual se podr\u00eda haber incurrido en delitos, como el uso il\u00edcito de atribuciones y facultades, ejercicio abusivo de funciones y tr\u00e1fico de influencias.<\/p>\n<p>Mientras que en la Secretar\u00eda General de Gobierno, tambi\u00e9n se encontraron irregularidades con el otorgamiento de f\u00edats y patentes de notario p\u00fablico, por lo que fueron presentadas 6 denuncias en total, por el posible delito de ejercicio il\u00edcito del servicio p\u00fablico, coalici\u00f3n de servidores p\u00fablicos y por delito cometido en el ejercicio de funciones administrativas.<\/p>\n<blockquote><p>Estas denuncias corresponden a los hallazgos identificados en esta primera revisi\u00f3n, sin embargo, se realizan auditor\u00edas para detectar la eventual configuraci\u00f3n de otras conductas delictivas, y no vamos a descansar, hasta agotar todas las instancias legales para que aquellos que saquearon a nuestro estado, reciban todo el peso de la ley\u201d, puntualiz\u00f3.<\/p><\/blockquote>\n<p>Durante esta conferencia de prensa, donde estuvo acompa\u00f1ado de la secretaria de Desarrollo Econ\u00f3mico Ninfa Cant\u00fa De\u00e1ndar, la Contralora Gubernamental  Norma Ang\u00e9lica Pedraza Melo, la asesora jur\u00eddica Tania Gisela Contreras  L\u00f3pez y el director general de la Comisi\u00f3n Estatal del Agua Ra\u00fal Quiroga \u00c1lvarez, el gobernador tambi\u00e9n se refiri\u00f3 a los  resultados de su gira de trabajo por Estados Unidos,  cuyo objetivo fue posicionar a Tamaulipas como la mejor opci\u00f3n, para la instalaci\u00f3n de nuevas empresas y el desarrollo de proyectos.<\/p>\n<p>Tambi\u00e9n destac\u00f3 que fue la primera vez que el gobierno de Tamaulipas, fue recibido por la embajada de M\u00e9xico en Estados Unidos, luego de que durante los \u00faltimos a\u00f1os, no hubo relaci\u00f3n alguna.<\/p>\n<blockquote><p>Durante los \u00faltimos seis a\u00f1os, tuvimos un gobierno perdido donde la relaci\u00f3n diplom\u00e1tica y bilateral estuvo completamente rota y abandonada\u201d, dijo.<\/p><\/blockquote>\n<p>Inform\u00f3 que se logr\u00f3 la captaci\u00f3n de 7 proyectos potenciales de inversi\u00f3n de empresas de los sectores  automotriz, electrodom\u00e9sticos y de semiconductores, aunado a que se acord\u00f3 organizar con la embajada de M\u00e9xico en Washington, \u201cLa Semana de Tamaulipas en Washington\u201d que permitir\u00e1 mostrar las fortalezas y ventajas competitivas del estado.<\/p>\n<p>El gobernador Villarreal Anaya se refiri\u00f3 tambi\u00e9n a la finalizaci\u00f3n del trasvase de agua a la presa &#8220;Marte R. G\u00f3mez&#8221;, que fue el 8 de diciembre y cuyo resultado final, ser\u00e1 de 600 millones de metros c\u00fabicos de agua.<\/p>\n<p>Asimismo, felicit\u00f3 al nuevo secretario general de la  Secci\u00f3n 30 del Sindicato de Trabajadores de la Educaci\u00f3n en Tamaulipas Arnulfo Rodr\u00edguez, luego de la elecci\u00f3n realizada el pasado viernes, que dijo, fue sin imposiciones ni dedazos, como tradicionalmente se hizo durante muchos a\u00f1os.<\/p>\n","protected":false},"excerpt":{"rendered":"<p>El gobernador advierte que se castigar\u00e1 a quienes saquearon el estado<\/p>\n","protected":false},"author":1,"featured_media":1383,"comment_status":"closed","ping_status":"closed","sticky":false,"template":"","format":"standard","meta":{"_crdt_document":"","_jetpack_memberships_contains_paid_content":false,"footnotes":"","jetpack_publicize_message":"","jetpack_publicize_feature_enabled":true,"jetpack_social_post_already_shared":true,"jetpack_social_options":{"image_generator_settings":{"template":"highway","default_image_id":0,"font":"","enabled":false},"version":2},"_wpas_customize_per_network":false},"categories":[11],"tags":[],"class_list":["post-1382","post","type-post","status-publish","format-standard","has-post-thumbnail","hentry","category-tamaulipas"],"magazineBlocksPostFeaturedMedia":{"thumbnail":"https:\/\/pornuestrolaredo.com\/wp-content\/uploads\/2022\/12\/PNL-20221212-1-150x150.jpg","medium":"https:\/\/pornuestrolaredo.com\/wp-content\/uploads\/2022\/12\/PNL-20221212-1-300x200.jpg","medium_large":"https:\/\/pornuestrolaredo.com\/wp-content\/uploads\/2022\/12\/PNL-20221212-1-768x512.jpg","large":"https:\/\/pornuestrolaredo.com\/wp-content\/uploads\/2022\/12\/PNL-20221212-1-1024x682.jpg","1536x1536":"https:\/\/pornuestrolaredo.com\/wp-content\/uploads\/2022\/12\/PNL-20221212-1-1536x1023.jpg","2048x2048":"https:\/\/pornuestrolaredo.com\/wp-content\/uploads\/2022\/12\/PNL-20221212-1.jpg","morenews-large":"https:\/\/pornuestrolaredo.com\/wp-content\/uploads\/2022\/12\/PNL-20221212-1.jpg","morenews-medium":"https:\/\/pornuestrolaredo.com\/wp-content\/uploads\/2022\/12\/PNL-20221212-1.jpg"},"magazineBlocksPostAuthor":{"name":"Redactor","avatar":"https:\/\/pornuestrolaredo.com\/wp-content\/litespeed\/avatar\/dca1d7ec750c399f025f23b0b314f4cf.jpg?ver=1777612120"},"magazineBlocksPostCommentsNumber":false,"magazineBlocksPostExcerpt":"El gobernador advierte que se castigar\u00e1 a quienes saquearon el estado","magazineBlocksPostCategories":["Tamaulipas"],"magazineBlocksPostViewCount":130,"magazineBlocksPostReadTime":5,"magazine_blocks_featured_image_url":{"full":["https:\/\/pornuestrolaredo.com\/wp-content\/uploads\/2022\/12\/PNL-20221212-1.jpg",1600,1066,false],"medium":["https:\/\/pornuestrolaredo.com\/wp-content\/uploads\/2022\/12\/PNL-20221212-1-300x200.jpg",300,200,true],"thumbnail":["https:\/\/pornuestrolaredo.com\/wp-content\/uploads\/2022\/12\/PNL-20221212-1-150x150.jpg",150,150,true]},"magazine_blocks_author":{"display_name":"Redactor","author_link":"https:\/\/pornuestrolaredo.com\/?author=1"},"magazine_blocks_comment":0,"magazine_blocks_author_image":"https:\/\/pornuestrolaredo.com\/wp-content\/litespeed\/avatar\/dca1d7ec750c399f025f23b0b314f4cf.jpg?ver=1777612120","magazine_blocks_category":"<a href=\"#\" class=\"category-link category-link-11\">Tamaulipas<\/a>","jetpack_publicize_connections":[],"featured_image_urls":{"full":["https:\/\/pornuestrolaredo.com\/wp-content\/uploads\/2022\/12\/PNL-20221212-1.jpg",1600,1066,false],"thumbnail":["https:\/\/pornuestrolaredo.com\/wp-content\/uploads\/2022\/12\/PNL-20221212-1-150x150.jpg",150,150,true],"medium":["https:\/\/pornuestrolaredo.com\/wp-content\/uploads\/2022\/12\/PNL-20221212-1-300x200.jpg",300,200,true],"medium_large":["https:\/\/pornuestrolaredo.com\/wp-content\/uploads\/2022\/12\/PNL-20221212-1-768x512.jpg",640,427,true],"large":["https:\/\/pornuestrolaredo.com\/wp-content\/uploads\/2022\/12\/PNL-20221212-1-1024x682.jpg",640,426,true],"1536x1536":["https:\/\/pornuestrolaredo.com\/wp-content\/uploads\/2022\/12\/PNL-20221212-1-1536x1023.jpg",1536,1023,true],"2048x2048":["https:\/\/pornuestrolaredo.com\/wp-content\/uploads\/2022\/12\/PNL-20221212-1.jpg",1600,1066,false],"morenews-large":["https:\/\/pornuestrolaredo.com\/wp-content\/uploads\/2022\/12\/PNL-20221212-1.jpg",825,550,false],"morenews-medium":["https:\/\/pornuestrolaredo.com\/wp-content\/uploads\/2022\/12\/PNL-20221212-1.jpg",590,393,false]},"author_info":{"info":["Redactor"]},"category_info":"<a href=\"https:\/\/pornuestrolaredo.com\/?cat=11\" rel=\"category\">Tamaulipas<\/a>","tag_info":"Tamaulipas","comment_count":"0","jetpack_featured_media_url":"https:\/\/pornuestrolaredo.com\/wp-content\/uploads\/2022\/12\/PNL-20221212-1.jpg","jetpack_sharing_enabled":true,"_links":{"self":[{"href":"https:\/\/pornuestrolaredo.com\/index.php?rest_route=\/wp\/v2\/posts\/1382","targetHints":{"allow":["GET"]}}],"collection":[{"href":"https:\/\/pornuestrolaredo.com\/index.php?rest_route=\/wp\/v2\/posts"}],"about":[{"href":"https:\/\/pornuestrolaredo.com\/index.php?rest_route=\/wp\/v2\/types\/post"}],"author":[{"embeddable":true,"href":"https:\/\/pornuestrolaredo.com\/index.php?rest_route=\/wp\/v2\/users\/1"}],"replies":[{"embeddable":true,"href":"https:\/\/pornuestrolaredo.com\/index.php?rest_route=%2Fwp%2Fv2%2Fcomments&post=1382"}],"version-history":[{"count":1,"href":"https:\/\/pornuestrolaredo.com\/index.php?rest_route=\/wp\/v2\/posts\/1382\/revisions"}],"predecessor-version":[{"id":1384,"href":"https:\/\/pornuestrolaredo.com\/index.php?rest_route=\/wp\/v2\/posts\/1382\/revisions\/1384"}],"wp:featuredmedia":[{"embeddable":true,"href":"https:\/\/pornuestrolaredo.com\/index.php?rest_route=\/wp\/v2\/media\/1383"}],"wp:attachment":[{"href":"https:\/\/pornuestrolaredo.com\/index.php?rest_route=%2Fwp%2Fv2%2Fmedia&parent=1382"}],"wp:term":[{"taxonomy":"category","embeddable":true,"href":"https:\/\/pornuestrolaredo.com\/index.php?rest_route=%2Fwp%2Fv2%2Fcategories&post=1382"},{"taxonomy":"post_tag","embeddable":true,"href":"https:\/\/pornuestrolaredo.com\/index.php?rest_route=%2Fwp%2Fv2%2Ftags&post=1382"}],"curies":[{"name":"wp","href":"https:\/\/api.w.org\/{rel}","templated":true}]}}