{"id":1392,"date":"2022-12-14T06:20:29","date_gmt":"2022-12-14T06:20:29","guid":{"rendered":"https:\/\/pornuestrolaredo.com\/?p=1392"},"modified":"2022-12-14T06:20:29","modified_gmt":"2022-12-14T06:20:29","slug":"alistan-calendario-de-actividades-civicas-2023","status":"publish","type":"post","link":"https:\/\/pornuestrolaredo.com\/?p=1392","title":{"rendered":"Alistan calendario de actividades c\u00edvicas 2023"},"content":{"rendered":"<p><strong>NUEVO LAREDO.- <\/strong> Con la finalidad de promover las actividades c\u00edvicas para el pr\u00f3ximo a\u00f1o, el Gobierno Municipal por medio de la Secretar\u00eda del Ayuntamiento llev\u00f3 a cabo una reuni\u00f3n de trabajo en la que participaron alrededor de 50 representantes municipales, organizaciones civiles, autoridades educativas y la Secretar\u00eda de la Defensa Nacional (SEDENA) para organizar las actividades  que se realizar\u00e1n de acuerdo a las efem\u00e9rides del 2023.<\/p>\n<p>Esta Junta C\u00edvico Patri\u00f3tica se hace anualmente y despu\u00e9s de la pandemia, se llev\u00f3 a cabo de forma presencial en el Archivo Hist\u00f3rico Municipal \u201cJuan E. Richer\u201d.<\/p>\n<p>El Secretario del Ayuntamiento, Juan \u00c1ngel Mart\u00ednez Salazar, recalc\u00f3 la voluntad de los diversos agentes para colaborar en las actividades c\u00edvicas del Gobierno Municipal.<\/p>\n<blockquote><p>Somos firmes creyentes de que debemos fomentar el amor a Nuevo Laredo y por su puesto, a la patria; es algo que transmitimos a los j\u00f3venes, que la ciudad tiene mucha historia e identidad y lo impulsaremos a trav\u00e9s del civismo\u201d, indic\u00f3.<\/p><\/blockquote>\n<p>Destac\u00f3 que, a excepci\u00f3n de los periodos vacacionales, ya se calendarizaron todas las fechas del 2023 y los trabajos coordinados en la junta iniciar\u00e1n formalmente a partir de la segunda semana del pr\u00f3ximo enero.<\/p>\n<p>Las fechas m\u00e1s emblem\u00e1ticas son el 24 febrero por el D\u00eda de la Bandera, el natalicio de Benito Ju\u00e1rez el 21 de marzo, el 5 de mayo por la Batalla de Puebla, por mencionar algunas.<\/p>\n<p>Durante la Junta C\u00edvico Patri\u00f3tica estuvieron presentes: la regidora y presidenta de la Comisi\u00f3n de Educaci\u00f3n, Julia Elida Ortega de los Santos; el Secretario de Educaci\u00f3n, Cultura y Deporte, H\u00e9ctor Adolfo Mondrag\u00f3n Mass; la directora de Educaci\u00f3n Municipal, Yadira Lara Ram\u00edrez y el coordinador de la Junta Municipal de Reclutamiento y Fomento C\u00edvico,Fernando Gayt\u00e1n Vela.<\/p>\n<p>Tambi\u00e9n asisti\u00f3 el director del Centro Regional Educativo de Nuevo Laredo (CREDE), C\u00e9sar Bola\u00f1os Hern\u00e1ndez y en representaci\u00f3n del General Brigadier Diplomado del Estado Mayor, Jorge Gonz\u00e1lez Galvez, asisti\u00f3 el Coronel Manuel Vicente Blanco.<\/p>\n","protected":false},"excerpt":{"rendered":"<p>Se re\u00fanen representantes del Gobierno Municipal con organizaciones civiles y SEDENA<\/p>\n","protected":false},"author":1,"featured_media":1393,"comment_status":"closed","ping_status":"closed","sticky":false,"template":"","format":"standard","meta":{"_crdt_document":"","_jetpack_memberships_contains_paid_content":false,"footnotes":"","jetpack_publicize_message":"","jetpack_publicize_feature_enabled":true,"jetpack_social_post_already_shared":true,"jetpack_social_options":{"image_generator_settings":{"template":"highway","default_image_id":0,"font":"","enabled":false},"version":2},"_wpas_customize_per_network":false},"categories":[4],"tags":[],"class_list":["post-1392","post","type-post","status-publish","format-standard","has-post-thumbnail","hentry","category-los-dos-laredos"],"magazineBlocksPostFeaturedMedia":{"thumbnail":"https:\/\/pornuestrolaredo.com\/wp-content\/uploads\/2022\/12\/Stereo91-20221213-7-150x150.jpg","medium":"https:\/\/pornuestrolaredo.com\/wp-content\/uploads\/2022\/12\/Stereo91-20221213-7-300x169.jpg","medium_large":"https:\/\/pornuestrolaredo.com\/wp-content\/uploads\/2022\/12\/Stereo91-20221213-7-768x432.jpg","large":"https:\/\/pornuestrolaredo.com\/wp-content\/uploads\/2022\/12\/Stereo91-20221213-7-1024x576.jpg","1536x1536":"https:\/\/pornuestrolaredo.com\/wp-content\/uploads\/2022\/12\/Stereo91-20221213-7.jpg","2048x2048":"https:\/\/pornuestrolaredo.com\/wp-content\/uploads\/2022\/12\/Stereo91-20221213-7.jpg","morenews-large":"https:\/\/pornuestrolaredo.com\/wp-content\/uploads\/2022\/12\/Stereo91-20221213-7.jpg","morenews-medium":"https:\/\/pornuestrolaredo.com\/wp-content\/uploads\/2022\/12\/Stereo91-20221213-7.jpg"},"magazineBlocksPostAuthor":{"name":"Redactor","avatar":"https:\/\/pornuestrolaredo.com\/wp-content\/litespeed\/avatar\/dca1d7ec750c399f025f23b0b314f4cf.jpg?ver=1777612120"},"magazineBlocksPostCommentsNumber":false,"magazineBlocksPostExcerpt":"Se re\u00fanen representantes del Gobierno Municipal con organizaciones civiles y SEDENA","magazineBlocksPostCategories":["Los dos Laredos"],"magazineBlocksPostViewCount":134,"magazineBlocksPostReadTime":2,"magazine_blocks_featured_image_url":{"full":["https:\/\/pornuestrolaredo.com\/wp-content\/uploads\/2022\/12\/Stereo91-20221213-7.jpg",1280,720,false],"medium":["https:\/\/pornuestrolaredo.com\/wp-content\/uploads\/2022\/12\/Stereo91-20221213-7-300x169.jpg",300,169,true],"thumbnail":["https:\/\/pornuestrolaredo.com\/wp-content\/uploads\/2022\/12\/Stereo91-20221213-7-150x150.jpg",150,150,true]},"magazine_blocks_author":{"display_name":"Redactor","author_link":"https:\/\/pornuestrolaredo.com\/?author=1"},"magazine_blocks_comment":0,"magazine_blocks_author_image":"https:\/\/pornuestrolaredo.com\/wp-content\/litespeed\/avatar\/dca1d7ec750c399f025f23b0b314f4cf.jpg?ver=1777612120","magazine_blocks_category":"<a href=\"#\" class=\"category-link category-link-4\">Los dos Laredos<\/a>","jetpack_publicize_connections":[],"featured_image_urls":{"full":["https:\/\/pornuestrolaredo.com\/wp-content\/uploads\/2022\/12\/Stereo91-20221213-7.jpg",1280,720,false],"thumbnail":["https:\/\/pornuestrolaredo.com\/wp-content\/uploads\/2022\/12\/Stereo91-20221213-7-150x150.jpg",150,150,true],"medium":["https:\/\/pornuestrolaredo.com\/wp-content\/uploads\/2022\/12\/Stereo91-20221213-7-300x169.jpg",300,169,true],"medium_large":["https:\/\/pornuestrolaredo.com\/wp-content\/uploads\/2022\/12\/Stereo91-20221213-7-768x432.jpg",640,360,true],"large":["https:\/\/pornuestrolaredo.com\/wp-content\/uploads\/2022\/12\/Stereo91-20221213-7-1024x576.jpg",640,360,true],"1536x1536":["https:\/\/pornuestrolaredo.com\/wp-content\/uploads\/2022\/12\/Stereo91-20221213-7.jpg",1280,720,false],"2048x2048":["https:\/\/pornuestrolaredo.com\/wp-content\/uploads\/2022\/12\/Stereo91-20221213-7.jpg",1280,720,false],"morenews-large":["https:\/\/pornuestrolaredo.com\/wp-content\/uploads\/2022\/12\/Stereo91-20221213-7.jpg",825,464,false],"morenews-medium":["https:\/\/pornuestrolaredo.com\/wp-content\/uploads\/2022\/12\/Stereo91-20221213-7.jpg",590,332,false]},"author_info":{"info":["Redactor"]},"category_info":"<a href=\"https:\/\/pornuestrolaredo.com\/?cat=4\" rel=\"category\">Los dos Laredos<\/a>","tag_info":"Los dos Laredos","comment_count":"0","jetpack_featured_media_url":"https:\/\/pornuestrolaredo.com\/wp-content\/uploads\/2022\/12\/Stereo91-20221213-7.jpg","jetpack_sharing_enabled":true,"_links":{"self":[{"href":"https:\/\/pornuestrolaredo.com\/index.php?rest_route=\/wp\/v2\/posts\/1392","targetHints":{"allow":["GET"]}}],"collection":[{"href":"https:\/\/pornuestrolaredo.com\/index.php?rest_route=\/wp\/v2\/posts"}],"about":[{"href":"https:\/\/pornuestrolaredo.com\/index.php?rest_route=\/wp\/v2\/types\/post"}],"author":[{"embeddable":true,"href":"https:\/\/pornuestrolaredo.com\/index.php?rest_route=\/wp\/v2\/users\/1"}],"replies":[{"embeddable":true,"href":"https:\/\/pornuestrolaredo.com\/index.php?rest_route=%2Fwp%2Fv2%2Fcomments&post=1392"}],"version-history":[{"count":1,"href":"https:\/\/pornuestrolaredo.com\/index.php?rest_route=\/wp\/v2\/posts\/1392\/revisions"}],"predecessor-version":[{"id":1394,"href":"https:\/\/pornuestrolaredo.com\/index.php?rest_route=\/wp\/v2\/posts\/1392\/revisions\/1394"}],"wp:featuredmedia":[{"embeddable":true,"href":"https:\/\/pornuestrolaredo.com\/index.php?rest_route=\/wp\/v2\/media\/1393"}],"wp:attachment":[{"href":"https:\/\/pornuestrolaredo.com\/index.php?rest_route=%2Fwp%2Fv2%2Fmedia&parent=1392"}],"wp:term":[{"taxonomy":"category","embeddable":true,"href":"https:\/\/pornuestrolaredo.com\/index.php?rest_route=%2Fwp%2Fv2%2Fcategories&post=1392"},{"taxonomy":"post_tag","embeddable":true,"href":"https:\/\/pornuestrolaredo.com\/index.php?rest_route=%2Fwp%2Fv2%2Ftags&post=1392"}],"curies":[{"name":"wp","href":"https:\/\/api.w.org\/{rel}","templated":true}]}}