{"id":1410,"date":"2022-12-20T06:46:57","date_gmt":"2022-12-20T06:46:57","guid":{"rendered":"https:\/\/pornuestrolaredo.com\/?p=1410"},"modified":"2022-12-20T06:46:57","modified_gmt":"2022-12-20T06:46:57","slug":"entregan-anteojos-graduados-a-mas-de-200-ciudadanos","status":"publish","type":"post","link":"https:\/\/pornuestrolaredo.com\/?p=1410","title":{"rendered":"Entregan anteojos graduados a m\u00e1s de 200 ciudadanos"},"content":{"rendered":"<p><strong>NUEVO LAREDO.- <\/strong>En apoyo a los ciudadanos m\u00e1s vulnerables, el Gobierno Municipal hizo entrega de 290 lentes mediante la Campa\u00f1a Permanente de Anteojos Graduados que tiene como objetivo mejorar la calidad de vida de quienes padecen problemas de vista.<\/p>\n<p>La alcaldesa Carmen Lilia Canturosas Villarreal destac\u00f3 la gesti\u00f3n de los regidores y s\u00edndicos, quienes realizaron los tr\u00e1mites necesarios para canalizar los anteojos para quienes los necesitaban y brindarles bienestar en su d\u00eda a d\u00eda.<\/p>\n<blockquote><p>Este es un gobierno humanista que ya absorbi\u00f3 los gastos que implican los anteojos graduados, esta administraci\u00f3n siempre piensa en mejorar la calidad de vida de todos los ciudadanos y por ello impulsamos este tipo de acciones para que se beneficien los ciudadanos\u201d, se\u00f1al\u00f3.<\/p><\/blockquote>\n<p>Gracias a esta campa\u00f1a, al momento del examen de vista, se ha logrado detectar a tiempo problemas visuales de los solicitantes y darles atenci\u00f3n integral inmediata.<\/p>\n<p>Para ser beneficiario de la Campa\u00f1a Permanente de Anteojos Graduados, es necesario acudir con el regidor del sector o acercarse a las oficinas ubicadas dentro de la Presidencia Municipal para solicitar informaci\u00f3n.<\/p>\n<p>Otros apoyos que se dan para mejorar la vista, es la campa\u00f1a de cirug\u00eda de cataratas que tiene el Sistema para el Desarrollo Integral de la Familia (DIF), en la cual m\u00e1s de 500 ciudadanos han recuperado la capacidad de ver.<\/p>\n","protected":false},"excerpt":{"rendered":"<p>Busca la alcald\u00eda beneficiar a los ciudadanos m\u00e1s vulnerables que padecen problemas de la vista<\/p>\n","protected":false},"author":1,"featured_media":1412,"comment_status":"closed","ping_status":"closed","sticky":false,"template":"","format":"standard","meta":{"_crdt_document":"","_jetpack_memberships_contains_paid_content":false,"footnotes":"","jetpack_publicize_message":"","jetpack_publicize_feature_enabled":true,"jetpack_social_post_already_shared":true,"jetpack_social_options":{"image_generator_settings":{"template":"highway","default_image_id":0,"font":"","enabled":false},"version":2},"_wpas_customize_per_network":false},"categories":[4],"tags":[],"class_list":["post-1410","post","type-post","status-publish","format-standard","has-post-thumbnail","hentry","category-los-dos-laredos"],"magazineBlocksPostFeaturedMedia":{"thumbnail":"https:\/\/pornuestrolaredo.com\/wp-content\/uploads\/2022\/12\/PNL-20221220-9-150x150.jpg","medium":"https:\/\/pornuestrolaredo.com\/wp-content\/uploads\/2022\/12\/PNL-20221220-9-300x200.jpg","medium_large":"https:\/\/pornuestrolaredo.com\/wp-content\/uploads\/2022\/12\/PNL-20221220-9-768x512.jpg","large":"https:\/\/pornuestrolaredo.com\/wp-content\/uploads\/2022\/12\/PNL-20221220-9.jpg","1536x1536":"https:\/\/pornuestrolaredo.com\/wp-content\/uploads\/2022\/12\/PNL-20221220-9.jpg","2048x2048":"https:\/\/pornuestrolaredo.com\/wp-content\/uploads\/2022\/12\/PNL-20221220-9.jpg","morenews-large":"https:\/\/pornuestrolaredo.com\/wp-content\/uploads\/2022\/12\/PNL-20221220-9.jpg","morenews-medium":"https:\/\/pornuestrolaredo.com\/wp-content\/uploads\/2022\/12\/PNL-20221220-9.jpg"},"magazineBlocksPostAuthor":{"name":"Redactor","avatar":"https:\/\/pornuestrolaredo.com\/wp-content\/litespeed\/avatar\/dca1d7ec750c399f025f23b0b314f4cf.jpg?ver=1777612120"},"magazineBlocksPostCommentsNumber":false,"magazineBlocksPostExcerpt":"Busca la alcald\u00eda beneficiar a los ciudadanos m\u00e1s vulnerables que padecen problemas de la vista","magazineBlocksPostCategories":["Los dos Laredos"],"magazineBlocksPostViewCount":147,"magazineBlocksPostReadTime":2,"magazine_blocks_featured_image_url":{"full":["https:\/\/pornuestrolaredo.com\/wp-content\/uploads\/2022\/12\/PNL-20221220-9.jpg",992,661,false],"medium":["https:\/\/pornuestrolaredo.com\/wp-content\/uploads\/2022\/12\/PNL-20221220-9-300x200.jpg",300,200,true],"thumbnail":["https:\/\/pornuestrolaredo.com\/wp-content\/uploads\/2022\/12\/PNL-20221220-9-150x150.jpg",150,150,true]},"magazine_blocks_author":{"display_name":"Redactor","author_link":"https:\/\/pornuestrolaredo.com\/?author=1"},"magazine_blocks_comment":0,"magazine_blocks_author_image":"https:\/\/pornuestrolaredo.com\/wp-content\/litespeed\/avatar\/dca1d7ec750c399f025f23b0b314f4cf.jpg?ver=1777612120","magazine_blocks_category":"<a href=\"#\" class=\"category-link category-link-4\">Los dos Laredos<\/a>","jetpack_publicize_connections":[],"featured_image_urls":{"full":["https:\/\/pornuestrolaredo.com\/wp-content\/uploads\/2022\/12\/PNL-20221220-9.jpg",992,661,false],"thumbnail":["https:\/\/pornuestrolaredo.com\/wp-content\/uploads\/2022\/12\/PNL-20221220-9-150x150.jpg",150,150,true],"medium":["https:\/\/pornuestrolaredo.com\/wp-content\/uploads\/2022\/12\/PNL-20221220-9-300x200.jpg",300,200,true],"medium_large":["https:\/\/pornuestrolaredo.com\/wp-content\/uploads\/2022\/12\/PNL-20221220-9-768x512.jpg",640,427,true],"large":["https:\/\/pornuestrolaredo.com\/wp-content\/uploads\/2022\/12\/PNL-20221220-9.jpg",640,426,false],"1536x1536":["https:\/\/pornuestrolaredo.com\/wp-content\/uploads\/2022\/12\/PNL-20221220-9.jpg",992,661,false],"2048x2048":["https:\/\/pornuestrolaredo.com\/wp-content\/uploads\/2022\/12\/PNL-20221220-9.jpg",992,661,false],"morenews-large":["https:\/\/pornuestrolaredo.com\/wp-content\/uploads\/2022\/12\/PNL-20221220-9.jpg",825,550,false],"morenews-medium":["https:\/\/pornuestrolaredo.com\/wp-content\/uploads\/2022\/12\/PNL-20221220-9.jpg",590,393,false]},"author_info":{"info":["Redactor"]},"category_info":"<a href=\"https:\/\/pornuestrolaredo.com\/?cat=4\" rel=\"category\">Los dos Laredos<\/a>","tag_info":"Los dos Laredos","comment_count":"0","jetpack_featured_media_url":"https:\/\/pornuestrolaredo.com\/wp-content\/uploads\/2022\/12\/PNL-20221220-9.jpg","jetpack_sharing_enabled":true,"_links":{"self":[{"href":"https:\/\/pornuestrolaredo.com\/index.php?rest_route=\/wp\/v2\/posts\/1410","targetHints":{"allow":["GET"]}}],"collection":[{"href":"https:\/\/pornuestrolaredo.com\/index.php?rest_route=\/wp\/v2\/posts"}],"about":[{"href":"https:\/\/pornuestrolaredo.com\/index.php?rest_route=\/wp\/v2\/types\/post"}],"author":[{"embeddable":true,"href":"https:\/\/pornuestrolaredo.com\/index.php?rest_route=\/wp\/v2\/users\/1"}],"replies":[{"embeddable":true,"href":"https:\/\/pornuestrolaredo.com\/index.php?rest_route=%2Fwp%2Fv2%2Fcomments&post=1410"}],"version-history":[{"count":2,"href":"https:\/\/pornuestrolaredo.com\/index.php?rest_route=\/wp\/v2\/posts\/1410\/revisions"}],"predecessor-version":[{"id":1413,"href":"https:\/\/pornuestrolaredo.com\/index.php?rest_route=\/wp\/v2\/posts\/1410\/revisions\/1413"}],"wp:featuredmedia":[{"embeddable":true,"href":"https:\/\/pornuestrolaredo.com\/index.php?rest_route=\/wp\/v2\/media\/1412"}],"wp:attachment":[{"href":"https:\/\/pornuestrolaredo.com\/index.php?rest_route=%2Fwp%2Fv2%2Fmedia&parent=1410"}],"wp:term":[{"taxonomy":"category","embeddable":true,"href":"https:\/\/pornuestrolaredo.com\/index.php?rest_route=%2Fwp%2Fv2%2Fcategories&post=1410"},{"taxonomy":"post_tag","embeddable":true,"href":"https:\/\/pornuestrolaredo.com\/index.php?rest_route=%2Fwp%2Fv2%2Ftags&post=1410"}],"curies":[{"name":"wp","href":"https:\/\/api.w.org\/{rel}","templated":true}]}}