{"id":1437,"date":"2022-12-21T07:41:13","date_gmt":"2022-12-21T07:41:13","guid":{"rendered":"https:\/\/pornuestrolaredo.com\/?p=1437"},"modified":"2022-12-21T07:41:13","modified_gmt":"2022-12-21T07:41:13","slug":"echa-peru-al-embajador-mexicano","status":"publish","type":"post","link":"https:\/\/pornuestrolaredo.com\/?p=1437","title":{"rendered":"Echa Per\u00fa al embajador mexicano"},"content":{"rendered":"<p><strong>LIMA.-<\/strong> El gobierno del Per\u00fa declar\u00f3 persona no grata al embajador de M\u00e9xico en ese pa\u00eds y le dio 72 horas para que abandone el territorio peruano luego de que el Gobierno mexicano diera asilo pol\u00edtico a la familia del destituido presidente peruano Pedro Castillo.<\/p>\n<p>La ministra de Relaciones Exteriores peruana, Ana Gervasi, asegur\u00f3 la decisi\u00f3n de pedir al embajador mexicano Pablo Monroy Conesa que se retire del territorio peruano se tom\u00f3 \u201cpor las reiteradas expresiones de las m\u00e1s altas autoridades de ese pa\u00eds\u201d sobre la situaci\u00f3n pol\u00edtica del Per\u00fa que constituyen \u2018injerencia\u2019 en nuestros asuntos internos. Son, seg\u00fan la ministra, \u201cviolatorias del principio de no intervenci\u00f3n\u201d.<\/p>\n<p>Gervasi adujo que esta medida se sustenta en la Convenci\u00f3n de Viena sobre Relaciones Diplom\u00e1ticas.<\/p>\n<p>La respuesta de M\u00e9xico lleg\u00f3 a trav\u00e9s de la Secretar\u00eda de Relaciones Exteriores que emiti\u00f3 un comunicado en el que anunciaba que el Gobierno hab\u00eda instruido a su embajador a regresar al pa\u00eds para \u201cresguardar su seguridad e integridad f\u00edsica\u201d. Su legaci\u00f3n diplom\u00e1tica quedar\u00e1 a cargo de la primera secretaria Karla Ornelas Loera.<\/p>\n<blockquote><p>Encuentro esa decisi\u00f3n infundada y reprobable\u201d, afirm\u00f3 el canciller mexicano Marcelo Ebrard, al rechazar la medida, y dijo, en un mensaje de su cuenta de Twitter, que la conducta del diplom\u00e1tico \u201cha estado apegada a derecho y al principio de no intervenci\u00f3n\u201d. Ebrard descart\u00f3 cambios en la posici\u00f3n de M\u00e9xico ante la crisis de Per\u00fa.<\/p><\/blockquote>\n<p>La ministra peruana confirm\u00f3 que se dio el salvoconducto a la esposa de Castillo, Lilia Paredes, y a sus dos hijos menores, para cumplir con las obligaciones sobre asilo pol\u00edtico de la Convenci\u00f3n de Caracas, despu\u00e9s de que M\u00e9xico otorgara esa protecci\u00f3n diplom\u00e1tica a Pedro Castillo tras la p\u00e9rdida del cargo del exmandatario.<\/p>\n<p>Comunic\u00f3 a M\u00e9xico que Paredes es investigada por la Fiscal\u00eda de Per\u00fa por presuntos delitos de corrupci\u00f3n y que pedir\u00e1 su extradici\u00f3n si las autoridades judiciales lo requieren.<\/p>\n<p>Seg\u00fan la Fiscal\u00eda, Paredes integr\u00f3 una organizaci\u00f3n criminal con Castillo y otros familiares para aprovecharse de recursos del Estado peruano.<\/p>\n<p>La decisi\u00f3n sobre el destino del embajador Monroy Conesa se da un d\u00eda despu\u00e9s de que el presidente mexicano, Andr\u00e9s Manuel L\u00f3pez Obrador, se manifestara a favor de que se realicen prontas elecciones en Per\u00fa para que se logre una salida a la crisis que enfrenta el pa\u00eds andino.<\/p>\n<p>Las relaciones entre M\u00e9xico y Per\u00fa se han tensado en los \u00faltimos d\u00edas tras las declaraciones que ha realizado L\u00f3pez Obrador en apoyo al presidente destituido y detenido a inicios de diciembre. A Castillo se le investiga en Per\u00fa por los delitos de rebeli\u00f3n, conspiraci\u00f3n, abuso de autoridad y grave perturbaci\u00f3n de la tranquilidad p\u00fablica.<\/p>\n<p>La Canciller\u00eda peruana anunci\u00f3 el 15 de diciembre que llam\u00f3 a consultas a sus embajadores en Argentina, Bolivia, Colombia y M\u00e9xico en protesta por lo que consider\u00f3 como \u201cintromisi\u00f3n en los asuntos internos\u201d de ese pa\u00eds.<\/p>\n<p>La decisi\u00f3n se dio luego que los gobiernos de M\u00e9xico, Argentina, Colombia y Bolivia expresaron en un comunicado conjunto que Castillo hab\u00eda sido v\u00edctima de \u201chostigamiento\u201d pol\u00edtico desde que asumi\u00f3 el poder el a\u00f1o pasado. Exhortaron al pa\u00eds andino a \u201cabstenerse de revertir la voluntad popular expresada\u201d en las urnas. La Canciller\u00eda peruana tambi\u00e9n convoc\u00f3 el 9 de diciembre al embajador Monroy Conesa para manifestarle el rechazo del gobierno de Boluarte por las expresiones de las autoridades mexicanas.<\/p>\n","protected":false},"excerpt":{"rendered":"<p>El gobierno lo declara persona no grata y le da 72 horas para que salga del pa\u00eds<\/p>\n","protected":false},"author":1,"featured_media":1438,"comment_status":"closed","ping_status":"closed","sticky":false,"template":"","format":"standard","meta":{"_crdt_document":"","_jetpack_memberships_contains_paid_content":false,"footnotes":"","jetpack_publicize_message":"","jetpack_publicize_feature_enabled":true,"jetpack_social_post_already_shared":true,"jetpack_social_options":{"image_generator_settings":{"template":"highway","default_image_id":0,"font":"","enabled":false},"version":2},"_wpas_customize_per_network":false},"categories":[9],"tags":[],"class_list":["post-1437","post","type-post","status-publish","format-standard","has-post-thumbnail","hentry","category-el-mundo"],"magazineBlocksPostFeaturedMedia":{"thumbnail":"https:\/\/pornuestrolaredo.com\/wp-content\/uploads\/2022\/12\/Stereo91-20221221-2-150x150.jpg","medium":"https:\/\/pornuestrolaredo.com\/wp-content\/uploads\/2022\/12\/Stereo91-20221221-2-300x169.jpg","medium_large":"https:\/\/pornuestrolaredo.com\/wp-content\/uploads\/2022\/12\/Stereo91-20221221-2-768x432.jpg","large":"https:\/\/pornuestrolaredo.com\/wp-content\/uploads\/2022\/12\/Stereo91-20221221-2-1024x576.jpg","1536x1536":"https:\/\/pornuestrolaredo.com\/wp-content\/uploads\/2022\/12\/Stereo91-20221221-2-1536x864.jpg","2048x2048":"https:\/\/pornuestrolaredo.com\/wp-content\/uploads\/2022\/12\/Stereo91-20221221-2.jpg","morenews-large":"https:\/\/pornuestrolaredo.com\/wp-content\/uploads\/2022\/12\/Stereo91-20221221-2.jpg","morenews-medium":"https:\/\/pornuestrolaredo.com\/wp-content\/uploads\/2022\/12\/Stereo91-20221221-2.jpg"},"magazineBlocksPostAuthor":{"name":"Redactor","avatar":"https:\/\/pornuestrolaredo.com\/wp-content\/litespeed\/avatar\/dca1d7ec750c399f025f23b0b314f4cf.jpg?ver=1777612120"},"magazineBlocksPostCommentsNumber":false,"magazineBlocksPostExcerpt":"El gobierno lo declara persona no grata y le da 72 horas para que salga del pa\u00eds","magazineBlocksPostCategories":["El Mundo"],"magazineBlocksPostViewCount":140,"magazineBlocksPostReadTime":4,"magazine_blocks_featured_image_url":{"full":["https:\/\/pornuestrolaredo.com\/wp-content\/uploads\/2022\/12\/Stereo91-20221221-2.jpg",1676,943,false],"medium":["https:\/\/pornuestrolaredo.com\/wp-content\/uploads\/2022\/12\/Stereo91-20221221-2-300x169.jpg",300,169,true],"thumbnail":["https:\/\/pornuestrolaredo.com\/wp-content\/uploads\/2022\/12\/Stereo91-20221221-2-150x150.jpg",150,150,true]},"magazine_blocks_author":{"display_name":"Redactor","author_link":"https:\/\/pornuestrolaredo.com\/?author=1"},"magazine_blocks_comment":0,"magazine_blocks_author_image":"https:\/\/pornuestrolaredo.com\/wp-content\/litespeed\/avatar\/dca1d7ec750c399f025f23b0b314f4cf.jpg?ver=1777612120","magazine_blocks_category":"<a href=\"#\" class=\"category-link category-link-9\">El Mundo<\/a>","jetpack_publicize_connections":[],"featured_image_urls":{"full":["https:\/\/pornuestrolaredo.com\/wp-content\/uploads\/2022\/12\/Stereo91-20221221-2.jpg",1676,943,false],"thumbnail":["https:\/\/pornuestrolaredo.com\/wp-content\/uploads\/2022\/12\/Stereo91-20221221-2-150x150.jpg",150,150,true],"medium":["https:\/\/pornuestrolaredo.com\/wp-content\/uploads\/2022\/12\/Stereo91-20221221-2-300x169.jpg",300,169,true],"medium_large":["https:\/\/pornuestrolaredo.com\/wp-content\/uploads\/2022\/12\/Stereo91-20221221-2-768x432.jpg",640,360,true],"large":["https:\/\/pornuestrolaredo.com\/wp-content\/uploads\/2022\/12\/Stereo91-20221221-2-1024x576.jpg",640,360,true],"1536x1536":["https:\/\/pornuestrolaredo.com\/wp-content\/uploads\/2022\/12\/Stereo91-20221221-2-1536x864.jpg",1536,864,true],"2048x2048":["https:\/\/pornuestrolaredo.com\/wp-content\/uploads\/2022\/12\/Stereo91-20221221-2.jpg",1676,943,false],"morenews-large":["https:\/\/pornuestrolaredo.com\/wp-content\/uploads\/2022\/12\/Stereo91-20221221-2.jpg",825,464,false],"morenews-medium":["https:\/\/pornuestrolaredo.com\/wp-content\/uploads\/2022\/12\/Stereo91-20221221-2.jpg",590,332,false]},"author_info":{"info":["Redactor"]},"category_info":"<a href=\"https:\/\/pornuestrolaredo.com\/?cat=9\" rel=\"category\">El Mundo<\/a>","tag_info":"El Mundo","comment_count":"0","jetpack_featured_media_url":"https:\/\/pornuestrolaredo.com\/wp-content\/uploads\/2022\/12\/Stereo91-20221221-2.jpg","jetpack_sharing_enabled":true,"_links":{"self":[{"href":"https:\/\/pornuestrolaredo.com\/index.php?rest_route=\/wp\/v2\/posts\/1437","targetHints":{"allow":["GET"]}}],"collection":[{"href":"https:\/\/pornuestrolaredo.com\/index.php?rest_route=\/wp\/v2\/posts"}],"about":[{"href":"https:\/\/pornuestrolaredo.com\/index.php?rest_route=\/wp\/v2\/types\/post"}],"author":[{"embeddable":true,"href":"https:\/\/pornuestrolaredo.com\/index.php?rest_route=\/wp\/v2\/users\/1"}],"replies":[{"embeddable":true,"href":"https:\/\/pornuestrolaredo.com\/index.php?rest_route=%2Fwp%2Fv2%2Fcomments&post=1437"}],"version-history":[{"count":1,"href":"https:\/\/pornuestrolaredo.com\/index.php?rest_route=\/wp\/v2\/posts\/1437\/revisions"}],"predecessor-version":[{"id":1439,"href":"https:\/\/pornuestrolaredo.com\/index.php?rest_route=\/wp\/v2\/posts\/1437\/revisions\/1439"}],"wp:featuredmedia":[{"embeddable":true,"href":"https:\/\/pornuestrolaredo.com\/index.php?rest_route=\/wp\/v2\/media\/1438"}],"wp:attachment":[{"href":"https:\/\/pornuestrolaredo.com\/index.php?rest_route=%2Fwp%2Fv2%2Fmedia&parent=1437"}],"wp:term":[{"taxonomy":"category","embeddable":true,"href":"https:\/\/pornuestrolaredo.com\/index.php?rest_route=%2Fwp%2Fv2%2Fcategories&post=1437"},{"taxonomy":"post_tag","embeddable":true,"href":"https:\/\/pornuestrolaredo.com\/index.php?rest_route=%2Fwp%2Fv2%2Ftags&post=1437"}],"curies":[{"name":"wp","href":"https:\/\/api.w.org\/{rel}","templated":true}]}}