{"id":1445,"date":"2022-12-21T08:24:51","date_gmt":"2022-12-21T08:24:51","guid":{"rendered":"https:\/\/pornuestrolaredo.com\/?p=1445"},"modified":"2022-12-21T08:24:51","modified_gmt":"2022-12-21T08:24:51","slug":"black-adam-ya-no-es-prioridad-de-dc","status":"publish","type":"post","link":"https:\/\/pornuestrolaredo.com\/?p=1445","title":{"rendered":"Black Adam ya no es prioridad de DC"},"content":{"rendered":"<p><strong>LOS \u00c1NGELES.- <\/strong>El estreno de la pel\u00edcula Black Adam, proyecto que Dwayne Johnson impuls\u00f3 por 15 a\u00f1os, fue anunciado relampagueantemente: la jerarqu\u00eda de poder de DC estaba a punto de cambiar, repet\u00eda &#8220;La Roca&#8221;.<\/p>\n<p>Sin embargo, la pel\u00edcula, que seg\u00fan expertos tuvo un presupuesto de producci\u00f3n de unos 200 millones de d\u00f3lares, no convenci\u00f3 a la cr\u00edtica y tampoco result\u00f3 tan buen negocio, pues acumula apenas 390 millones.<\/p>\n<p>A menos de tres meses del estreno de Black Adam, y con la reestructura de las historias en pantalla de los personajes de DC a cargo del director James Gunn y el productor Peter Safran, Johnson comparti\u00f3 que su antih\u00e9roe dej\u00f3 de ser prioridad para la compa\u00f1\u00eda.<\/p>\n<blockquote><p>Black Adam no estar\u00e1 en el primer cap\u00edtulo de la nueva narrativa&#8221;, public\u00f3 en Twitter el histri\u00f3n, uno de los m\u00e1s populares de Hollywood.<\/p><\/blockquote>\n<p>El anuncio se da apenas d\u00edas despu\u00e9s de que el int\u00e9rprete de Superman, Henry Cavill, quien incluso tuvo un cameo en Black Adam, informara que su versi\u00f3n del h\u00e9roe ya no era contemplada en los planes de Gunn y Safran.<\/p>\n<p>Durante la promoci\u00f3n de Black Adam, &#8220;La Roca&#8221; asegur\u00f3 que \u00e9l impuls\u00f3 con los mandamases de Warner Bros. la vuelta de Cavill.<\/p>\n<p>En su comunicado de este martes, Johnson asegur\u00f3 que se explorar\u00eda la manera en que Black Adam pudiera reaparecer en futuras historias de DC.<\/p>\n<blockquote><p>Las decisiones hechas por James y el liderazgo de DC representan su visi\u00f3n del universo DC a trav\u00e9s de su \u00f3ptica creativa. Tras 15 a\u00f1os de implacable trabajo duro, hicimos finalmente Black Adam. &#8220;Me siento orgulloso por la pel\u00edcula que le entregamos a los fans de todo el mundo. Siempre recordar\u00e9 la reacci\u00f3n de los fans hacia Black Adam con tremenda gratitud humildad y amor&#8221;.<\/p><\/blockquote>\n","protected":false},"excerpt":{"rendered":"<p>La pel\u00edcula, que cost\u00f3 200 millones de d\u00f3lares, result\u00f3 que no es un buen negocio<\/p>\n","protected":false},"author":1,"featured_media":1447,"comment_status":"closed","ping_status":"closed","sticky":false,"template":"","format":"standard","meta":{"_crdt_document":"","_jetpack_memberships_contains_paid_content":false,"footnotes":"","jetpack_publicize_message":"","jetpack_publicize_feature_enabled":true,"jetpack_social_post_already_shared":true,"jetpack_social_options":{"image_generator_settings":{"template":"highway","default_image_id":0,"font":"","enabled":false},"version":2},"_wpas_customize_per_network":false},"categories":[34],"tags":[],"class_list":["post-1445","post","type-post","status-publish","format-standard","has-post-thumbnail","hentry","category-farandula"],"magazineBlocksPostFeaturedMedia":{"thumbnail":"https:\/\/pornuestrolaredo.com\/wp-content\/uploads\/2022\/12\/107FM-20221221-6-150x150.jpeg","medium":"https:\/\/pornuestrolaredo.com\/wp-content\/uploads\/2022\/12\/107FM-20221221-6-300x200.jpeg","medium_large":"https:\/\/pornuestrolaredo.com\/wp-content\/uploads\/2022\/12\/107FM-20221221-6-768x512.jpeg","large":"https:\/\/pornuestrolaredo.com\/wp-content\/uploads\/2022\/12\/107FM-20221221-6.jpeg","1536x1536":"https:\/\/pornuestrolaredo.com\/wp-content\/uploads\/2022\/12\/107FM-20221221-6.jpeg","2048x2048":"https:\/\/pornuestrolaredo.com\/wp-content\/uploads\/2022\/12\/107FM-20221221-6.jpeg","morenews-large":"https:\/\/pornuestrolaredo.com\/wp-content\/uploads\/2022\/12\/107FM-20221221-6.jpeg","morenews-medium":"https:\/\/pornuestrolaredo.com\/wp-content\/uploads\/2022\/12\/107FM-20221221-6.jpeg"},"magazineBlocksPostAuthor":{"name":"Redactor","avatar":"https:\/\/pornuestrolaredo.com\/wp-content\/litespeed\/avatar\/dca1d7ec750c399f025f23b0b314f4cf.jpg?ver=1777612120"},"magazineBlocksPostCommentsNumber":false,"magazineBlocksPostExcerpt":"La pel\u00edcula, que cost\u00f3 200 millones de d\u00f3lares, result\u00f3 que no es un buen negocio","magazineBlocksPostCategories":["Far\u00e1ndula"],"magazineBlocksPostViewCount":144,"magazineBlocksPostReadTime":2,"magazine_blocks_featured_image_url":{"full":["https:\/\/pornuestrolaredo.com\/wp-content\/uploads\/2022\/12\/107FM-20221221-6.jpeg",960,640,false],"medium":["https:\/\/pornuestrolaredo.com\/wp-content\/uploads\/2022\/12\/107FM-20221221-6-300x200.jpeg",300,200,true],"thumbnail":["https:\/\/pornuestrolaredo.com\/wp-content\/uploads\/2022\/12\/107FM-20221221-6-150x150.jpeg",150,150,true]},"magazine_blocks_author":{"display_name":"Redactor","author_link":"https:\/\/pornuestrolaredo.com\/?author=1"},"magazine_blocks_comment":0,"magazine_blocks_author_image":"https:\/\/pornuestrolaredo.com\/wp-content\/litespeed\/avatar\/dca1d7ec750c399f025f23b0b314f4cf.jpg?ver=1777612120","magazine_blocks_category":"<a href=\"#\" class=\"category-link category-link-34\">Far\u00e1ndula<\/a>","jetpack_publicize_connections":[],"featured_image_urls":{"full":["https:\/\/pornuestrolaredo.com\/wp-content\/uploads\/2022\/12\/107FM-20221221-6.jpeg",960,640,false],"thumbnail":["https:\/\/pornuestrolaredo.com\/wp-content\/uploads\/2022\/12\/107FM-20221221-6-150x150.jpeg",150,150,true],"medium":["https:\/\/pornuestrolaredo.com\/wp-content\/uploads\/2022\/12\/107FM-20221221-6-300x200.jpeg",300,200,true],"medium_large":["https:\/\/pornuestrolaredo.com\/wp-content\/uploads\/2022\/12\/107FM-20221221-6-768x512.jpeg",640,427,true],"large":["https:\/\/pornuestrolaredo.com\/wp-content\/uploads\/2022\/12\/107FM-20221221-6.jpeg",640,427,false],"1536x1536":["https:\/\/pornuestrolaredo.com\/wp-content\/uploads\/2022\/12\/107FM-20221221-6.jpeg",960,640,false],"2048x2048":["https:\/\/pornuestrolaredo.com\/wp-content\/uploads\/2022\/12\/107FM-20221221-6.jpeg",960,640,false],"morenews-large":["https:\/\/pornuestrolaredo.com\/wp-content\/uploads\/2022\/12\/107FM-20221221-6.jpeg",825,550,false],"morenews-medium":["https:\/\/pornuestrolaredo.com\/wp-content\/uploads\/2022\/12\/107FM-20221221-6.jpeg",590,393,false]},"author_info":{"info":["Redactor"]},"category_info":"<a href=\"https:\/\/pornuestrolaredo.com\/?cat=34\" rel=\"category\">Far\u00e1ndula<\/a>","tag_info":"Far\u00e1ndula","comment_count":"0","jetpack_featured_media_url":"https:\/\/pornuestrolaredo.com\/wp-content\/uploads\/2022\/12\/107FM-20221221-6.jpeg","jetpack_sharing_enabled":true,"_links":{"self":[{"href":"https:\/\/pornuestrolaredo.com\/index.php?rest_route=\/wp\/v2\/posts\/1445","targetHints":{"allow":["GET"]}}],"collection":[{"href":"https:\/\/pornuestrolaredo.com\/index.php?rest_route=\/wp\/v2\/posts"}],"about":[{"href":"https:\/\/pornuestrolaredo.com\/index.php?rest_route=\/wp\/v2\/types\/post"}],"author":[{"embeddable":true,"href":"https:\/\/pornuestrolaredo.com\/index.php?rest_route=\/wp\/v2\/users\/1"}],"replies":[{"embeddable":true,"href":"https:\/\/pornuestrolaredo.com\/index.php?rest_route=%2Fwp%2Fv2%2Fcomments&post=1445"}],"version-history":[{"count":2,"href":"https:\/\/pornuestrolaredo.com\/index.php?rest_route=\/wp\/v2\/posts\/1445\/revisions"}],"predecessor-version":[{"id":1448,"href":"https:\/\/pornuestrolaredo.com\/index.php?rest_route=\/wp\/v2\/posts\/1445\/revisions\/1448"}],"wp:featuredmedia":[{"embeddable":true,"href":"https:\/\/pornuestrolaredo.com\/index.php?rest_route=\/wp\/v2\/media\/1447"}],"wp:attachment":[{"href":"https:\/\/pornuestrolaredo.com\/index.php?rest_route=%2Fwp%2Fv2%2Fmedia&parent=1445"}],"wp:term":[{"taxonomy":"category","embeddable":true,"href":"https:\/\/pornuestrolaredo.com\/index.php?rest_route=%2Fwp%2Fv2%2Fcategories&post=1445"},{"taxonomy":"post_tag","embeddable":true,"href":"https:\/\/pornuestrolaredo.com\/index.php?rest_route=%2Fwp%2Fv2%2Ftags&post=1445"}],"curies":[{"name":"wp","href":"https:\/\/api.w.org\/{rel}","templated":true}]}}