{"id":1449,"date":"2022-12-21T08:33:37","date_gmt":"2022-12-21T08:33:37","guid":{"rendered":"https:\/\/pornuestrolaredo.com\/?p=1449"},"modified":"2022-12-21T08:33:37","modified_gmt":"2022-12-21T08:33:37","slug":"niegan-inclusion-forzada-en-la-sirenita","status":"publish","type":"post","link":"https:\/\/pornuestrolaredo.com\/?p=1449","title":{"rendered":"Niegan inclusi\u00f3n forzada en La Sirenita"},"content":{"rendered":"<p><strong>LOS \u00c1NGELES.-<\/strong> La elecci\u00f3n de Halle Bailey como Ariel en la versi\u00f3n de acci\u00f3n real de La Sirenita ha provocado un intenso debate en las redes sociales y acusaciones de inclusi\u00f3n forzada.<\/p>\n<p>El director Rob Marshall rechaz\u00f3 tajantemente la idea de que fue debido a una agenda pol\u00edtica que la producci\u00f3n decidi\u00f3 contratar a una actriz afroamericana para dar vida al personaje.<\/p>\n<blockquote><p>S\u00f3lo busc\u00e1bamos a la mejor actriz para el papel, punto final. Vimos a todas (las actrices posibles) y de todas las etnias&#8221;, dijo el cineasta a Entertainment Weekly.<\/p><\/blockquote>\n<p>La meta, agreg\u00f3, era hallar a alguien capaz de mostrarse &#8220;incre\u00edblemente fuerte, apasionada, hermosa, lista, astuta, con una gran cantidad de fuego y alegr\u00eda&#8221;.<\/p>\n<p>Adem\u00e1s de Bailey, la latina Rachel Zegler tambi\u00e9n ha sido objeto de ataques debido a que ella ser\u00e1 la protagonista de la adaptaci\u00f3n de acci\u00f3n real de Blancanieves, que llegar\u00e1 en 2024.<\/p>\n<p>Oriunda de Atlanta y actualmente de 22 a\u00f1os, Bailey se vio beneficiada para formar parte de la cinta por su capacidad musical.<\/p>\n<p>La int\u00e9rprete es compositora y voz del dueto Chloe x Halle, amadrinado por Beyonc\u00e9, y que cuenta con tres nominaciones al Grammy.<\/p>\n<blockquote><p>Su voz es su sello, es et\u00e9rea y hermosa y debe capturar el coraz\u00f3n del Pr\u00edncipe Eric (el amor de Ariel, encarnado por Jonah Hauer-King)&#8221;, explic\u00f3.<\/p><\/blockquote>\n<p>La Sirenita, en cuyo elenco tambi\u00e9n participan Javier Bardem (Rey Trit\u00f3n) y Melissa McCarthy (\u00darsula), estrenar\u00e1 en cines en 2023. Marshall (Chicago) consider\u00f3 el cuento de hadas como una narraci\u00f3n que bien encaja con los par\u00e1metros de las mujeres modernas, quienes no ven la vida como los dem\u00e1s desean que la observen.<\/p>\n","protected":false},"excerpt":{"rendered":"<p>El director Rob Marshall asegura que se escogi\u00f3 a Halle Bailey por ser la mejor para el papel<\/p>\n","protected":false},"author":1,"featured_media":1450,"comment_status":"closed","ping_status":"closed","sticky":false,"template":"","format":"standard","meta":{"_crdt_document":"","_jetpack_memberships_contains_paid_content":false,"footnotes":"","jetpack_publicize_message":"","jetpack_publicize_feature_enabled":true,"jetpack_social_post_already_shared":true,"jetpack_social_options":{"image_generator_settings":{"template":"highway","default_image_id":0,"font":"","enabled":false},"version":2},"_wpas_customize_per_network":false},"categories":[34],"tags":[],"class_list":["post-1449","post","type-post","status-publish","format-standard","has-post-thumbnail","hentry","category-farandula"],"magazineBlocksPostFeaturedMedia":{"thumbnail":"https:\/\/pornuestrolaredo.com\/wp-content\/uploads\/2022\/12\/107FM-20221221-7-150x150.jpeg","medium":"https:\/\/pornuestrolaredo.com\/wp-content\/uploads\/2022\/12\/107FM-20221221-7-300x200.jpeg","medium_large":"https:\/\/pornuestrolaredo.com\/wp-content\/uploads\/2022\/12\/107FM-20221221-7-768x512.jpeg","large":"https:\/\/pornuestrolaredo.com\/wp-content\/uploads\/2022\/12\/107FM-20221221-7.jpeg","1536x1536":"https:\/\/pornuestrolaredo.com\/wp-content\/uploads\/2022\/12\/107FM-20221221-7.jpeg","2048x2048":"https:\/\/pornuestrolaredo.com\/wp-content\/uploads\/2022\/12\/107FM-20221221-7.jpeg","morenews-large":"https:\/\/pornuestrolaredo.com\/wp-content\/uploads\/2022\/12\/107FM-20221221-7.jpeg","morenews-medium":"https:\/\/pornuestrolaredo.com\/wp-content\/uploads\/2022\/12\/107FM-20221221-7.jpeg"},"magazineBlocksPostAuthor":{"name":"Redactor","avatar":"https:\/\/pornuestrolaredo.com\/wp-content\/litespeed\/avatar\/dca1d7ec750c399f025f23b0b314f4cf.jpg?ver=1777612120"},"magazineBlocksPostCommentsNumber":false,"magazineBlocksPostExcerpt":"El director Rob Marshall asegura que se escogi\u00f3 a Halle Bailey por ser la mejor para el papel","magazineBlocksPostCategories":["Far\u00e1ndula"],"magazineBlocksPostViewCount":142,"magazineBlocksPostReadTime":2,"magazine_blocks_featured_image_url":{"full":["https:\/\/pornuestrolaredo.com\/wp-content\/uploads\/2022\/12\/107FM-20221221-7.jpeg",960,640,false],"medium":["https:\/\/pornuestrolaredo.com\/wp-content\/uploads\/2022\/12\/107FM-20221221-7-300x200.jpeg",300,200,true],"thumbnail":["https:\/\/pornuestrolaredo.com\/wp-content\/uploads\/2022\/12\/107FM-20221221-7-150x150.jpeg",150,150,true]},"magazine_blocks_author":{"display_name":"Redactor","author_link":"https:\/\/pornuestrolaredo.com\/?author=1"},"magazine_blocks_comment":0,"magazine_blocks_author_image":"https:\/\/pornuestrolaredo.com\/wp-content\/litespeed\/avatar\/dca1d7ec750c399f025f23b0b314f4cf.jpg?ver=1777612120","magazine_blocks_category":"<a href=\"#\" class=\"category-link category-link-34\">Far\u00e1ndula<\/a>","jetpack_publicize_connections":[],"featured_image_urls":{"full":["https:\/\/pornuestrolaredo.com\/wp-content\/uploads\/2022\/12\/107FM-20221221-7.jpeg",960,640,false],"thumbnail":["https:\/\/pornuestrolaredo.com\/wp-content\/uploads\/2022\/12\/107FM-20221221-7-150x150.jpeg",150,150,true],"medium":["https:\/\/pornuestrolaredo.com\/wp-content\/uploads\/2022\/12\/107FM-20221221-7-300x200.jpeg",300,200,true],"medium_large":["https:\/\/pornuestrolaredo.com\/wp-content\/uploads\/2022\/12\/107FM-20221221-7-768x512.jpeg",640,427,true],"large":["https:\/\/pornuestrolaredo.com\/wp-content\/uploads\/2022\/12\/107FM-20221221-7.jpeg",640,427,false],"1536x1536":["https:\/\/pornuestrolaredo.com\/wp-content\/uploads\/2022\/12\/107FM-20221221-7.jpeg",960,640,false],"2048x2048":["https:\/\/pornuestrolaredo.com\/wp-content\/uploads\/2022\/12\/107FM-20221221-7.jpeg",960,640,false],"morenews-large":["https:\/\/pornuestrolaredo.com\/wp-content\/uploads\/2022\/12\/107FM-20221221-7.jpeg",825,550,false],"morenews-medium":["https:\/\/pornuestrolaredo.com\/wp-content\/uploads\/2022\/12\/107FM-20221221-7.jpeg",590,393,false]},"author_info":{"info":["Redactor"]},"category_info":"<a href=\"https:\/\/pornuestrolaredo.com\/?cat=34\" rel=\"category\">Far\u00e1ndula<\/a>","tag_info":"Far\u00e1ndula","comment_count":"0","jetpack_featured_media_url":"https:\/\/pornuestrolaredo.com\/wp-content\/uploads\/2022\/12\/107FM-20221221-7.jpeg","jetpack_sharing_enabled":true,"_links":{"self":[{"href":"https:\/\/pornuestrolaredo.com\/index.php?rest_route=\/wp\/v2\/posts\/1449","targetHints":{"allow":["GET"]}}],"collection":[{"href":"https:\/\/pornuestrolaredo.com\/index.php?rest_route=\/wp\/v2\/posts"}],"about":[{"href":"https:\/\/pornuestrolaredo.com\/index.php?rest_route=\/wp\/v2\/types\/post"}],"author":[{"embeddable":true,"href":"https:\/\/pornuestrolaredo.com\/index.php?rest_route=\/wp\/v2\/users\/1"}],"replies":[{"embeddable":true,"href":"https:\/\/pornuestrolaredo.com\/index.php?rest_route=%2Fwp%2Fv2%2Fcomments&post=1449"}],"version-history":[{"count":1,"href":"https:\/\/pornuestrolaredo.com\/index.php?rest_route=\/wp\/v2\/posts\/1449\/revisions"}],"predecessor-version":[{"id":1451,"href":"https:\/\/pornuestrolaredo.com\/index.php?rest_route=\/wp\/v2\/posts\/1449\/revisions\/1451"}],"wp:featuredmedia":[{"embeddable":true,"href":"https:\/\/pornuestrolaredo.com\/index.php?rest_route=\/wp\/v2\/media\/1450"}],"wp:attachment":[{"href":"https:\/\/pornuestrolaredo.com\/index.php?rest_route=%2Fwp%2Fv2%2Fmedia&parent=1449"}],"wp:term":[{"taxonomy":"category","embeddable":true,"href":"https:\/\/pornuestrolaredo.com\/index.php?rest_route=%2Fwp%2Fv2%2Fcategories&post=1449"},{"taxonomy":"post_tag","embeddable":true,"href":"https:\/\/pornuestrolaredo.com\/index.php?rest_route=%2Fwp%2Fv2%2Ftags&post=1449"}],"curies":[{"name":"wp","href":"https:\/\/api.w.org\/{rel}","templated":true}]}}