{"id":1462,"date":"2022-12-25T00:31:57","date_gmt":"2022-12-25T00:31:57","guid":{"rendered":"https:\/\/pornuestrolaredo.com\/?p=1462"},"modified":"2022-12-25T00:31:57","modified_gmt":"2022-12-25T00:31:57","slug":"echa-el-rey-carlos-iii-al-principe-andres-de-palacio","status":"publish","type":"post","link":"https:\/\/pornuestrolaredo.com\/?p=1462","title":{"rendered":"Echa el Rey Carlos III al Pr\u00edncipe Andr\u00e9s de Palacio"},"content":{"rendered":"<p><strong>LONDRES.-<\/strong> El Rey Carlos III desterr\u00f3 a su hermano, el Pr\u00edncipe Andr\u00e9s, del Palacio de Buckingham, seg\u00fan fuentes cercanas a The Sun.<\/p>\n<p>Andr\u00e9s, de 62 a\u00f1os, ya no podr\u00e1 usar su oficina en la residencia, ni tampoco se le permitir\u00e1 usarla como direcci\u00f3n correspondiente.<\/p>\n<blockquote><p>Cualquier presencia en el Palacio ha terminado oficialmente. El Rey lo ha dejado claro. No es un miembro de la realeza que trabaja. Est\u00e1 por su cuenta&#8221;, dijo la fuente.<\/p><\/blockquote>\n<p>De acuerdo a los informes, el personal que hab\u00eda sido retenido desde que Andr\u00e9s dej\u00f3 el servicio p\u00fablico ahora se enfrenta a quedarse sin trabajo.<\/p>\n<p>El cargo de Andr\u00e9s como coronel de la Guardia de Granaderos se pasar\u00e1 a la Reina Consorte, Camilla. El Pr\u00edncipe Andr\u00e9s fue acusado por abusar sexualmente de Virginia Giuffre cuando ten\u00eda 17 a\u00f1os, tras dicho esc\u00e1ndalo fue despojado de sus t\u00edtulos y marginado por la familia real.<\/p>\n","protected":false},"excerpt":{"rendered":"<p>Andr\u00e9s, de 62 a\u00f1os, ya no podr\u00e1 usar su oficina en la residencia; perdi\u00f3 todos sus t\u00edtulos y fue marginado de la familia real<\/p>\n","protected":false},"author":1,"featured_media":1463,"comment_status":"closed","ping_status":"closed","sticky":false,"template":"","format":"standard","meta":{"_crdt_document":"","_jetpack_memberships_contains_paid_content":false,"footnotes":"","jetpack_publicize_message":"","jetpack_publicize_feature_enabled":true,"jetpack_social_post_already_shared":true,"jetpack_social_options":{"image_generator_settings":{"template":"highway","default_image_id":0,"font":"","enabled":false},"version":2},"_wpas_customize_per_network":false},"categories":[9],"tags":[],"class_list":["post-1462","post","type-post","status-publish","format-standard","has-post-thumbnail","hentry","category-el-mundo"],"magazineBlocksPostFeaturedMedia":{"thumbnail":"https:\/\/pornuestrolaredo.com\/wp-content\/uploads\/2022\/12\/Stereo91-20221224-6-150x150.jpeg","medium":"https:\/\/pornuestrolaredo.com\/wp-content\/uploads\/2022\/12\/Stereo91-20221224-6-300x200.jpeg","medium_large":"https:\/\/pornuestrolaredo.com\/wp-content\/uploads\/2022\/12\/Stereo91-20221224-6-768x512.jpeg","large":"https:\/\/pornuestrolaredo.com\/wp-content\/uploads\/2022\/12\/Stereo91-20221224-6.jpeg","1536x1536":"https:\/\/pornuestrolaredo.com\/wp-content\/uploads\/2022\/12\/Stereo91-20221224-6.jpeg","2048x2048":"https:\/\/pornuestrolaredo.com\/wp-content\/uploads\/2022\/12\/Stereo91-20221224-6.jpeg","morenews-large":"https:\/\/pornuestrolaredo.com\/wp-content\/uploads\/2022\/12\/Stereo91-20221224-6.jpeg","morenews-medium":"https:\/\/pornuestrolaredo.com\/wp-content\/uploads\/2022\/12\/Stereo91-20221224-6.jpeg"},"magazineBlocksPostAuthor":{"name":"Redactor","avatar":"https:\/\/pornuestrolaredo.com\/wp-content\/litespeed\/avatar\/dca1d7ec750c399f025f23b0b314f4cf.jpg?ver=1777612120"},"magazineBlocksPostCommentsNumber":false,"magazineBlocksPostExcerpt":"Andr\u00e9s, de 62 a\u00f1os, ya no podr\u00e1 usar su oficina en la residencia; perdi\u00f3 todos sus t\u00edtulos y fue marginado de la familia real","magazineBlocksPostCategories":["El Mundo"],"magazineBlocksPostViewCount":142,"magazineBlocksPostReadTime":1,"magazine_blocks_featured_image_url":{"full":["https:\/\/pornuestrolaredo.com\/wp-content\/uploads\/2022\/12\/Stereo91-20221224-6.jpeg",960,640,false],"medium":["https:\/\/pornuestrolaredo.com\/wp-content\/uploads\/2022\/12\/Stereo91-20221224-6-300x200.jpeg",300,200,true],"thumbnail":["https:\/\/pornuestrolaredo.com\/wp-content\/uploads\/2022\/12\/Stereo91-20221224-6-150x150.jpeg",150,150,true]},"magazine_blocks_author":{"display_name":"Redactor","author_link":"https:\/\/pornuestrolaredo.com\/?author=1"},"magazine_blocks_comment":0,"magazine_blocks_author_image":"https:\/\/pornuestrolaredo.com\/wp-content\/litespeed\/avatar\/dca1d7ec750c399f025f23b0b314f4cf.jpg?ver=1777612120","magazine_blocks_category":"<a href=\"#\" class=\"category-link category-link-9\">El Mundo<\/a>","jetpack_publicize_connections":[],"featured_image_urls":{"full":["https:\/\/pornuestrolaredo.com\/wp-content\/uploads\/2022\/12\/Stereo91-20221224-6.jpeg",960,640,false],"thumbnail":["https:\/\/pornuestrolaredo.com\/wp-content\/uploads\/2022\/12\/Stereo91-20221224-6-150x150.jpeg",150,150,true],"medium":["https:\/\/pornuestrolaredo.com\/wp-content\/uploads\/2022\/12\/Stereo91-20221224-6-300x200.jpeg",300,200,true],"medium_large":["https:\/\/pornuestrolaredo.com\/wp-content\/uploads\/2022\/12\/Stereo91-20221224-6-768x512.jpeg",640,427,true],"large":["https:\/\/pornuestrolaredo.com\/wp-content\/uploads\/2022\/12\/Stereo91-20221224-6.jpeg",640,427,false],"1536x1536":["https:\/\/pornuestrolaredo.com\/wp-content\/uploads\/2022\/12\/Stereo91-20221224-6.jpeg",960,640,false],"2048x2048":["https:\/\/pornuestrolaredo.com\/wp-content\/uploads\/2022\/12\/Stereo91-20221224-6.jpeg",960,640,false],"morenews-large":["https:\/\/pornuestrolaredo.com\/wp-content\/uploads\/2022\/12\/Stereo91-20221224-6.jpeg",825,550,false],"morenews-medium":["https:\/\/pornuestrolaredo.com\/wp-content\/uploads\/2022\/12\/Stereo91-20221224-6.jpeg",590,393,false]},"author_info":{"info":["Redactor"]},"category_info":"<a href=\"https:\/\/pornuestrolaredo.com\/?cat=9\" rel=\"category\">El Mundo<\/a>","tag_info":"El Mundo","comment_count":"0","jetpack_featured_media_url":"https:\/\/pornuestrolaredo.com\/wp-content\/uploads\/2022\/12\/Stereo91-20221224-6.jpeg","jetpack_sharing_enabled":true,"_links":{"self":[{"href":"https:\/\/pornuestrolaredo.com\/index.php?rest_route=\/wp\/v2\/posts\/1462","targetHints":{"allow":["GET"]}}],"collection":[{"href":"https:\/\/pornuestrolaredo.com\/index.php?rest_route=\/wp\/v2\/posts"}],"about":[{"href":"https:\/\/pornuestrolaredo.com\/index.php?rest_route=\/wp\/v2\/types\/post"}],"author":[{"embeddable":true,"href":"https:\/\/pornuestrolaredo.com\/index.php?rest_route=\/wp\/v2\/users\/1"}],"replies":[{"embeddable":true,"href":"https:\/\/pornuestrolaredo.com\/index.php?rest_route=%2Fwp%2Fv2%2Fcomments&post=1462"}],"version-history":[{"count":1,"href":"https:\/\/pornuestrolaredo.com\/index.php?rest_route=\/wp\/v2\/posts\/1462\/revisions"}],"predecessor-version":[{"id":1464,"href":"https:\/\/pornuestrolaredo.com\/index.php?rest_route=\/wp\/v2\/posts\/1462\/revisions\/1464"}],"wp:featuredmedia":[{"embeddable":true,"href":"https:\/\/pornuestrolaredo.com\/index.php?rest_route=\/wp\/v2\/media\/1463"}],"wp:attachment":[{"href":"https:\/\/pornuestrolaredo.com\/index.php?rest_route=%2Fwp%2Fv2%2Fmedia&parent=1462"}],"wp:term":[{"taxonomy":"category","embeddable":true,"href":"https:\/\/pornuestrolaredo.com\/index.php?rest_route=%2Fwp%2Fv2%2Fcategories&post=1462"},{"taxonomy":"post_tag","embeddable":true,"href":"https:\/\/pornuestrolaredo.com\/index.php?rest_route=%2Fwp%2Fv2%2Ftags&post=1462"}],"curies":[{"name":"wp","href":"https:\/\/api.w.org\/{rel}","templated":true}]}}