{"id":1465,"date":"2022-12-26T00:34:43","date_gmt":"2022-12-26T00:34:43","guid":{"rendered":"https:\/\/pornuestrolaredo.com\/?p=1465"},"modified":"2022-12-26T00:34:43","modified_gmt":"2022-12-26T00:34:43","slug":"acompanan-hijos-a-pele-en-el-hospital","status":"publish","type":"post","link":"https:\/\/pornuestrolaredo.com\/?p=1465","title":{"rendered":"Acompa\u00f1an hijos a Pel\u00e9 en el hospital"},"content":{"rendered":"<p><strong>R\u00cdO DE JANEIRO.-<\/strong> Familiares de Pel\u00e9 se re\u00fanen esta Navidad en el hospital de Sao Paulo donde el legendario exfutbolista permanece internado con su salud deteriorada a causa del c\u00e1ncer que padece, seg\u00fan publicaciones de sus hijos en redes sociales.<\/p>\n<p>Este domingo, Joshua Arantes, hijo de Pel\u00e9, lleg\u00f3 al Hospital Albert Einstein y se uni\u00f3 a sus hermanos y otros familiares para acompa\u00f1ar al exjugador, de 82 a\u00f1os, seg\u00fan una foto posteada en Instagram por Kely Nascimento, tambi\u00e9n hija de &#8216;O Rei&#8217;.<\/p>\n<blockquote><p>Lleg\u00f3 uno m\u00e1s&#8221;, escribi\u00f3 junto a la imagen besando a Joshua, que aparece sonriendo.<\/p><\/blockquote>\n<p>En la puerta del centro m\u00e9dico, donde el \u00eddolo hist\u00f3rico de Brasil est\u00e1 internado desde el 29 de noviembre, el clima era tranquilo y hab\u00eda apenas algunos periodistas.<\/p>\n<p>El hospital no ha informado sobre la salud de Pel\u00e9 desde el mi\u00e9rcoles.<\/p>\n<p>El \u00faltimo parte se\u00f1al\u00f3 que presentaba una &#8220;progresi\u00f3n&#8221; del c\u00e1ncer de colon que sufre y recib\u00eda cuidados para &#8220;disfunciones renal y card\u00edaca&#8221;, en un cuarto com\u00fan.<\/p>\n<p>En la madrugada del domingo Kely difundi\u00f3 una foto junto a sus hermanos Flavia, Edinho y Celeste, y la actual esposa del exfutbolista, M\u00e1rcia Aoki, adem\u00e1s de Sophia y Stephany, nietas de Pel\u00e9, entre otros.<\/p>\n<blockquote><p>Casi todos. (&#8230;) Gratitud, amor, uni\u00f3n, familia. La esencia de navidad. Les agradecemos a todos por todo el amor y la luz que mandan\u201d, escribi\u00f3 en la publicaci\u00f3n, en la que Pel\u00e9 no aparece.<\/p><\/blockquote>\n<p>Edinho arrib\u00f3 el s\u00e1bado a la capital paulista: &#8220;Padre&#8230; mi fuerza es la tuya&#8221;, se\u00f1al\u00f3 debajo de una foto en Instagram, tomando la mano del astro.<\/p>\n<p>El exgolero, recientemente nombrado t\u00e9cnico del club Londrina (Paran\u00e1, sur), viaj\u00f3 a Sao Paulo pese a que se hab\u00eda excusado de hacerlo antes: &#8220;Estoy comprometido en mi misi\u00f3n aqu\u00ed (en el club). No soy m\u00e9dico, no podr\u00eda ayudar mucho realmente&#8221;, dijo a Estadao.<\/p>\n<p>La noche del viernes, Kely hab\u00eda compartido una imagen abrazando a Pel\u00e9 en la cama del hospital: &#8220;Seguimos aqu\u00ed, en la lucha y en la fe. Una noche m\u00e1s juntos&#8221;.<\/p>\n<p>D\u00edas antes las hijas informaron que Pel\u00e9 no volver\u00eda a casa para Navidad: &#8220;Nuestra Navidad en casa fue suspendida (&#8230;) Ser\u00e1 mejor que nos quedemos por aqu\u00ed, con todo el cuidado que esta nueva familia (del hospital) nos da&#8221;, indic\u00f3 Kely en Instagram. Pel\u00e9 fue internado inicialmente para una reevaluaci\u00f3n de su tratamiento de quimioterapia contra el c\u00e1ncer de colon, detectado en septiembre del a\u00f1o pasado, y para tratar una infecci\u00f3n respiratoria derivada de un contagio reciente de covid, seg\u00fan se inform\u00f3.<\/p>\n","protected":false},"excerpt":{"rendered":"<p>R\u00cdO DE JANEIRO.- Familiares de Pel\u00e9 se re\u00fanen esta Navidad en el hospital de Sao Paulo donde el<\/p>\n","protected":false},"author":1,"featured_media":1466,"comment_status":"closed","ping_status":"closed","sticky":false,"template":"","format":"standard","meta":{"_crdt_document":"","_jetpack_memberships_contains_paid_content":false,"footnotes":"","jetpack_publicize_message":"","jetpack_publicize_feature_enabled":true,"jetpack_social_post_already_shared":true,"jetpack_social_options":{"image_generator_settings":{"template":"highway","default_image_id":0,"font":"","enabled":false},"version":2},"_wpas_customize_per_network":false},"categories":[9],"tags":[],"class_list":["post-1465","post","type-post","status-publish","format-standard","has-post-thumbnail","hentry","category-el-mundo"],"magazineBlocksPostFeaturedMedia":{"thumbnail":"https:\/\/pornuestrolaredo.com\/wp-content\/uploads\/2022\/12\/Stereo91-20221225-1-150x150.jpg","medium":"https:\/\/pornuestrolaredo.com\/wp-content\/uploads\/2022\/12\/Stereo91-20221225-1-300x147.jpg","medium_large":"https:\/\/pornuestrolaredo.com\/wp-content\/uploads\/2022\/12\/Stereo91-20221225-1-768x377.jpg","large":"https:\/\/pornuestrolaredo.com\/wp-content\/uploads\/2022\/12\/Stereo91-20221225-1.jpg","1536x1536":"https:\/\/pornuestrolaredo.com\/wp-content\/uploads\/2022\/12\/Stereo91-20221225-1.jpg","2048x2048":"https:\/\/pornuestrolaredo.com\/wp-content\/uploads\/2022\/12\/Stereo91-20221225-1.jpg","morenews-large":"https:\/\/pornuestrolaredo.com\/wp-content\/uploads\/2022\/12\/Stereo91-20221225-1.jpg","morenews-medium":"https:\/\/pornuestrolaredo.com\/wp-content\/uploads\/2022\/12\/Stereo91-20221225-1.jpg"},"magazineBlocksPostAuthor":{"name":"Redactor","avatar":"https:\/\/pornuestrolaredo.com\/wp-content\/litespeed\/avatar\/dca1d7ec750c399f025f23b0b314f4cf.jpg?ver=1777612120"},"magazineBlocksPostCommentsNumber":false,"magazineBlocksPostExcerpt":"R\u00cdO DE JANEIRO.- Familiares de Pel\u00e9 se re\u00fanen esta Navidad en el hospital de Sao Paulo donde el","magazineBlocksPostCategories":["El Mundo"],"magazineBlocksPostViewCount":123,"magazineBlocksPostReadTime":3,"magazine_blocks_featured_image_url":{"full":["https:\/\/pornuestrolaredo.com\/wp-content\/uploads\/2022\/12\/Stereo91-20221225-1.jpg",907,445,false],"medium":["https:\/\/pornuestrolaredo.com\/wp-content\/uploads\/2022\/12\/Stereo91-20221225-1-300x147.jpg",300,147,true],"thumbnail":["https:\/\/pornuestrolaredo.com\/wp-content\/uploads\/2022\/12\/Stereo91-20221225-1-150x150.jpg",150,150,true]},"magazine_blocks_author":{"display_name":"Redactor","author_link":"https:\/\/pornuestrolaredo.com\/?author=1"},"magazine_blocks_comment":0,"magazine_blocks_author_image":"https:\/\/pornuestrolaredo.com\/wp-content\/litespeed\/avatar\/dca1d7ec750c399f025f23b0b314f4cf.jpg?ver=1777612120","magazine_blocks_category":"<a href=\"#\" class=\"category-link category-link-9\">El Mundo<\/a>","jetpack_publicize_connections":[],"featured_image_urls":{"full":["https:\/\/pornuestrolaredo.com\/wp-content\/uploads\/2022\/12\/Stereo91-20221225-1.jpg",907,445,false],"thumbnail":["https:\/\/pornuestrolaredo.com\/wp-content\/uploads\/2022\/12\/Stereo91-20221225-1-150x150.jpg",150,150,true],"medium":["https:\/\/pornuestrolaredo.com\/wp-content\/uploads\/2022\/12\/Stereo91-20221225-1-300x147.jpg",300,147,true],"medium_large":["https:\/\/pornuestrolaredo.com\/wp-content\/uploads\/2022\/12\/Stereo91-20221225-1-768x377.jpg",640,314,true],"large":["https:\/\/pornuestrolaredo.com\/wp-content\/uploads\/2022\/12\/Stereo91-20221225-1.jpg",640,314,false],"1536x1536":["https:\/\/pornuestrolaredo.com\/wp-content\/uploads\/2022\/12\/Stereo91-20221225-1.jpg",907,445,false],"2048x2048":["https:\/\/pornuestrolaredo.com\/wp-content\/uploads\/2022\/12\/Stereo91-20221225-1.jpg",907,445,false],"morenews-large":["https:\/\/pornuestrolaredo.com\/wp-content\/uploads\/2022\/12\/Stereo91-20221225-1.jpg",825,405,false],"morenews-medium":["https:\/\/pornuestrolaredo.com\/wp-content\/uploads\/2022\/12\/Stereo91-20221225-1.jpg",590,289,false]},"author_info":{"info":["Redactor"]},"category_info":"<a href=\"https:\/\/pornuestrolaredo.com\/?cat=9\" rel=\"category\">El Mundo<\/a>","tag_info":"El Mundo","comment_count":"0","jetpack_featured_media_url":"https:\/\/pornuestrolaredo.com\/wp-content\/uploads\/2022\/12\/Stereo91-20221225-1.jpg","jetpack_sharing_enabled":true,"_links":{"self":[{"href":"https:\/\/pornuestrolaredo.com\/index.php?rest_route=\/wp\/v2\/posts\/1465","targetHints":{"allow":["GET"]}}],"collection":[{"href":"https:\/\/pornuestrolaredo.com\/index.php?rest_route=\/wp\/v2\/posts"}],"about":[{"href":"https:\/\/pornuestrolaredo.com\/index.php?rest_route=\/wp\/v2\/types\/post"}],"author":[{"embeddable":true,"href":"https:\/\/pornuestrolaredo.com\/index.php?rest_route=\/wp\/v2\/users\/1"}],"replies":[{"embeddable":true,"href":"https:\/\/pornuestrolaredo.com\/index.php?rest_route=%2Fwp%2Fv2%2Fcomments&post=1465"}],"version-history":[{"count":1,"href":"https:\/\/pornuestrolaredo.com\/index.php?rest_route=\/wp\/v2\/posts\/1465\/revisions"}],"predecessor-version":[{"id":1467,"href":"https:\/\/pornuestrolaredo.com\/index.php?rest_route=\/wp\/v2\/posts\/1465\/revisions\/1467"}],"wp:featuredmedia":[{"embeddable":true,"href":"https:\/\/pornuestrolaredo.com\/index.php?rest_route=\/wp\/v2\/media\/1466"}],"wp:attachment":[{"href":"https:\/\/pornuestrolaredo.com\/index.php?rest_route=%2Fwp%2Fv2%2Fmedia&parent=1465"}],"wp:term":[{"taxonomy":"category","embeddable":true,"href":"https:\/\/pornuestrolaredo.com\/index.php?rest_route=%2Fwp%2Fv2%2Fcategories&post=1465"},{"taxonomy":"post_tag","embeddable":true,"href":"https:\/\/pornuestrolaredo.com\/index.php?rest_route=%2Fwp%2Fv2%2Ftags&post=1465"}],"curies":[{"name":"wp","href":"https:\/\/api.w.org\/{rel}","templated":true}]}}