{"id":1488,"date":"2022-12-28T06:07:53","date_gmt":"2022-12-28T06:07:53","guid":{"rendered":"https:\/\/pornuestrolaredo.com\/?p=1488"},"modified":"2022-12-28T06:07:53","modified_gmt":"2022-12-28T06:07:53","slug":"corta-cameron-escenas-de-violencia-en-avatar","status":"publish","type":"post","link":"https:\/\/pornuestrolaredo.com\/?p=1488","title":{"rendered":"Corta Cameron escenas de violencia en Avatar"},"content":{"rendered":"<p><strong>LOS \u00c1NGELES.- <\/strong>Siguen surgiendo revelaciones sobre el filme Avatar: El Camino del Agua, cuyo director James Cameron confes\u00f3 que cort\u00f3 10 minutos de la violencia armada en Pandora para evitar un posible fetichismo de las armas.<\/p>\n<p>En una reciente entrevista en Esquire Middle East, el realizador dio a conocer que la secuela de Avatar iba a durar 10 minutos m\u00e1s, pero se retract\u00f3 de mostrar demasiada acci\u00f3n con armas.<\/p>\n<blockquote><p>Cort\u00e9 unos 10 minutos de la pel\u00edcula enfoc\u00e1ndome en la acci\u00f3n de disparos. Quer\u00eda deshacerme de algo de la fealdad, encontrar un equilibrio entre la luz y la oscuridad.<\/p><\/blockquote>\n<blockquote><p>Debes tener conflicto, por supuesto. Violencia y acci\u00f3n son lo mismo, seg\u00fan se mire. Este es el dilema de todo cineasta de acci\u00f3n, y yo soy conocido como cineasta de acci\u00f3n&#8221;, dijo James Cameron a la publicaci\u00f3n.<\/p><\/blockquote>\n<p>Adem\u00e1s de argumentar que las escenas de acci\u00f3n fueron removidas, el cineasta rememor\u00f3 las ocasiones en que abus\u00f3 de la acci\u00f3n con armas en cintas como Terminator.<\/p>\n<blockquote><p>Recuerdo algunas pel\u00edculas que he hecho y no s\u00e9 si me gustar\u00eda hacerlas ahora. No s\u00e9 si me gustar\u00eda fetichizar el arma en nuestro mundo actual, como lo hice en un par de pel\u00edculas de Terminator hace m\u00e1s de 30 a\u00f1os.<\/p><\/blockquote>\n<blockquote><p>Lo que est\u00e1 pasando con las armas en nuestra sociedad me revuelve el est\u00f3mago&#8221;, a\u00f1adi\u00f3 Cameron.<\/p><\/blockquote>\n<p>Luego de manifestar su rechazo al &#8220;fetichismo de armas&#8221;, el director mencion\u00f3 estar feliz por vivir en un lugar libre de armas. &#8220;Estoy feliz de vivir en Nueva Zelanda, donde prohibieron todos los rifles de asalto dos semanas despu\u00e9s del horrible tiroteo en la mezquita hace un par de a\u00f1os&#8221;, dijo el cineasta.<\/p>\n","protected":false},"excerpt":{"rendered":"<p>LOS \u00c1NGELES.- Siguen surgiendo revelaciones sobre el filme Avatar: El Camino del Agua, cuyo director James Cameron confes\u00f3<\/p>\n","protected":false},"author":1,"featured_media":1490,"comment_status":"closed","ping_status":"closed","sticky":false,"template":"","format":"standard","meta":{"_crdt_document":"","_jetpack_memberships_contains_paid_content":false,"footnotes":"","jetpack_publicize_message":"","jetpack_publicize_feature_enabled":true,"jetpack_social_post_already_shared":true,"jetpack_social_options":{"image_generator_settings":{"template":"highway","default_image_id":0,"font":"","enabled":false},"version":2},"_wpas_customize_per_network":false},"categories":[34],"tags":[],"class_list":["post-1488","post","type-post","status-publish","format-standard","has-post-thumbnail","hentry","category-farandula"],"magazineBlocksPostFeaturedMedia":{"thumbnail":"https:\/\/pornuestrolaredo.com\/wp-content\/uploads\/2022\/12\/107FM-20221227-7-150x150.jpeg","medium":"https:\/\/pornuestrolaredo.com\/wp-content\/uploads\/2022\/12\/107FM-20221227-7-300x158.jpeg","medium_large":"https:\/\/pornuestrolaredo.com\/wp-content\/uploads\/2022\/12\/107FM-20221227-7-768x405.jpeg","large":"https:\/\/pornuestrolaredo.com\/wp-content\/uploads\/2022\/12\/107FM-20221227-7.jpeg","1536x1536":"https:\/\/pornuestrolaredo.com\/wp-content\/uploads\/2022\/12\/107FM-20221227-7.jpeg","2048x2048":"https:\/\/pornuestrolaredo.com\/wp-content\/uploads\/2022\/12\/107FM-20221227-7.jpeg","morenews-large":"https:\/\/pornuestrolaredo.com\/wp-content\/uploads\/2022\/12\/107FM-20221227-7.jpeg","morenews-medium":"https:\/\/pornuestrolaredo.com\/wp-content\/uploads\/2022\/12\/107FM-20221227-7.jpeg"},"magazineBlocksPostAuthor":{"name":"Redactor","avatar":"https:\/\/pornuestrolaredo.com\/wp-content\/litespeed\/avatar\/dca1d7ec750c399f025f23b0b314f4cf.jpg?ver=1777612120"},"magazineBlocksPostCommentsNumber":false,"magazineBlocksPostExcerpt":"LOS \u00c1NGELES.- Siguen surgiendo revelaciones sobre el filme Avatar: El Camino del Agua, cuyo director James Cameron confes\u00f3","magazineBlocksPostCategories":["Far\u00e1ndula"],"magazineBlocksPostViewCount":152,"magazineBlocksPostReadTime":2,"magazine_blocks_featured_image_url":{"full":["https:\/\/pornuestrolaredo.com\/wp-content\/uploads\/2022\/12\/107FM-20221227-7.jpeg",959,506,false],"medium":["https:\/\/pornuestrolaredo.com\/wp-content\/uploads\/2022\/12\/107FM-20221227-7-300x158.jpeg",300,158,true],"thumbnail":["https:\/\/pornuestrolaredo.com\/wp-content\/uploads\/2022\/12\/107FM-20221227-7-150x150.jpeg",150,150,true]},"magazine_blocks_author":{"display_name":"Redactor","author_link":"https:\/\/pornuestrolaredo.com\/?author=1"},"magazine_blocks_comment":0,"magazine_blocks_author_image":"https:\/\/pornuestrolaredo.com\/wp-content\/litespeed\/avatar\/dca1d7ec750c399f025f23b0b314f4cf.jpg?ver=1777612120","magazine_blocks_category":"<a href=\"#\" class=\"category-link category-link-34\">Far\u00e1ndula<\/a>","jetpack_publicize_connections":[],"featured_image_urls":{"full":["https:\/\/pornuestrolaredo.com\/wp-content\/uploads\/2022\/12\/107FM-20221227-7.jpeg",959,506,false],"thumbnail":["https:\/\/pornuestrolaredo.com\/wp-content\/uploads\/2022\/12\/107FM-20221227-7-150x150.jpeg",150,150,true],"medium":["https:\/\/pornuestrolaredo.com\/wp-content\/uploads\/2022\/12\/107FM-20221227-7-300x158.jpeg",300,158,true],"medium_large":["https:\/\/pornuestrolaredo.com\/wp-content\/uploads\/2022\/12\/107FM-20221227-7-768x405.jpeg",640,338,true],"large":["https:\/\/pornuestrolaredo.com\/wp-content\/uploads\/2022\/12\/107FM-20221227-7.jpeg",640,338,false],"1536x1536":["https:\/\/pornuestrolaredo.com\/wp-content\/uploads\/2022\/12\/107FM-20221227-7.jpeg",959,506,false],"2048x2048":["https:\/\/pornuestrolaredo.com\/wp-content\/uploads\/2022\/12\/107FM-20221227-7.jpeg",959,506,false],"morenews-large":["https:\/\/pornuestrolaredo.com\/wp-content\/uploads\/2022\/12\/107FM-20221227-7.jpeg",825,435,false],"morenews-medium":["https:\/\/pornuestrolaredo.com\/wp-content\/uploads\/2022\/12\/107FM-20221227-7.jpeg",590,311,false]},"author_info":{"info":["Redactor"]},"category_info":"<a href=\"https:\/\/pornuestrolaredo.com\/?cat=34\" rel=\"category\">Far\u00e1ndula<\/a>","tag_info":"Far\u00e1ndula","comment_count":"0","jetpack_featured_media_url":"https:\/\/pornuestrolaredo.com\/wp-content\/uploads\/2022\/12\/107FM-20221227-7.jpeg","jetpack_sharing_enabled":true,"_links":{"self":[{"href":"https:\/\/pornuestrolaredo.com\/index.php?rest_route=\/wp\/v2\/posts\/1488","targetHints":{"allow":["GET"]}}],"collection":[{"href":"https:\/\/pornuestrolaredo.com\/index.php?rest_route=\/wp\/v2\/posts"}],"about":[{"href":"https:\/\/pornuestrolaredo.com\/index.php?rest_route=\/wp\/v2\/types\/post"}],"author":[{"embeddable":true,"href":"https:\/\/pornuestrolaredo.com\/index.php?rest_route=\/wp\/v2\/users\/1"}],"replies":[{"embeddable":true,"href":"https:\/\/pornuestrolaredo.com\/index.php?rest_route=%2Fwp%2Fv2%2Fcomments&post=1488"}],"version-history":[{"count":1,"href":"https:\/\/pornuestrolaredo.com\/index.php?rest_route=\/wp\/v2\/posts\/1488\/revisions"}],"predecessor-version":[{"id":1489,"href":"https:\/\/pornuestrolaredo.com\/index.php?rest_route=\/wp\/v2\/posts\/1488\/revisions\/1489"}],"wp:featuredmedia":[{"embeddable":true,"href":"https:\/\/pornuestrolaredo.com\/index.php?rest_route=\/wp\/v2\/media\/1490"}],"wp:attachment":[{"href":"https:\/\/pornuestrolaredo.com\/index.php?rest_route=%2Fwp%2Fv2%2Fmedia&parent=1488"}],"wp:term":[{"taxonomy":"category","embeddable":true,"href":"https:\/\/pornuestrolaredo.com\/index.php?rest_route=%2Fwp%2Fv2%2Fcategories&post=1488"},{"taxonomy":"post_tag","embeddable":true,"href":"https:\/\/pornuestrolaredo.com\/index.php?rest_route=%2Fwp%2Fv2%2Ftags&post=1488"}],"curies":[{"name":"wp","href":"https:\/\/api.w.org\/{rel}","templated":true}]}}