{"id":1491,"date":"2022-12-28T06:16:21","date_gmt":"2022-12-28T06:16:21","guid":{"rendered":"https:\/\/pornuestrolaredo.com\/?p=1491"},"modified":"2022-12-28T06:16:21","modified_gmt":"2022-12-28T06:16:21","slug":"se-aleja-ricky-martin-de-su-familia","status":"publish","type":"post","link":"https:\/\/pornuestrolaredo.com\/?p=1491","title":{"rendered":"Se aleja Ricky Martin de su familia"},"content":{"rendered":"<p><strong>LOS \u00c1NGELES.-<\/strong> Ricky Martin se alej\u00f3 de su familia para evitar m\u00e1s malentendidos tras el pleito legal que enfrenta en Puerto Rico con su sobrino Dennis Yadiel S\u00e1nchez Martin.<\/p>\n<p>Un reporte del portal Radar Online dio a conocer que durante esta temporada de fiestas, el cantante boricua opt\u00f3 por alejarse de sus familiares para evitar m\u00e1s problemas.<\/p>\n<p>De acuerdo con la informaci\u00f3n, fuentes cercanas al int\u00e9rprete de &#8220;Livin&#8217; La Vida Loca&#8221; revelaron que ya no se quiere acercar a la familia por las acusaciones que realiz\u00f3 el hijo de su hermana.<\/p>\n<blockquote><p>Nadie habla de lo que le pasa a la familia de un famoso, y menos cuando se trata de una persona que es multimillonaria y tiene un gran poder.<\/p><\/blockquote>\n<blockquote><p>Ricky siempre fue muy generoso con su familia. \u00c9l era la fuente de ingresos y se asegur\u00f3 de que todos se beneficiaran de su \u00e9xito. Sin embargo, despu\u00e9s de las acusaciones hechas por el hijo de su hermana, Ricky ha levantado muros&#8221;, revel\u00f3 la fuente a Radar Online.<\/p><\/blockquote>\n<p>Aunque no se mencionan m\u00e1s motivos sobre la presunta separaci\u00f3n, la fuente que revel\u00f3 la informaci\u00f3n sobre Ricky Martin dijo que el cantante ya no conf\u00eda en nadie.<\/p>\n<p>Asimismo, la fuente cercana a Ricky Martin asegur\u00f3 que en la familia del boricua no consideran verdaderas las acusaciones de Dennis Yadiel.<\/p>\n<blockquote><p>Ricky Martin, por supuesto, nunca ha estado, y nunca estar\u00e1, involucrado en ning\u00fan tipo de relaci\u00f3n sexual o rom\u00e1ntica con su sobrino. &#8220;La idea no solo es falsa, es repugnante. Todos esperamos que este hombre reciba la ayuda que necesita con tanta urgencia. Pero, sobre todo, esperamos que este terrible caso sea desestimado tan pronto como un juez examine los hechos&#8221;, concluy\u00f3.<\/p><\/blockquote>\n","protected":false},"excerpt":{"rendered":"<p>LOS \u00c1NGELES.- Ricky Martin se alej\u00f3 de su familia para evitar m\u00e1s malentendidos tras el pleito legal que<\/p>\n","protected":false},"author":1,"featured_media":1492,"comment_status":"open","ping_status":"open","sticky":false,"template":"","format":"standard","meta":{"_crdt_document":"","_jetpack_memberships_contains_paid_content":false,"footnotes":"","jetpack_publicize_message":"","jetpack_publicize_feature_enabled":true,"jetpack_social_post_already_shared":true,"jetpack_social_options":{"image_generator_settings":{"template":"highway","default_image_id":0,"font":"","enabled":false},"version":2},"_wpas_customize_per_network":false},"categories":[34],"tags":[],"class_list":["post-1491","post","type-post","status-publish","format-standard","has-post-thumbnail","hentry","category-farandula"],"magazineBlocksPostFeaturedMedia":{"thumbnail":"https:\/\/pornuestrolaredo.com\/wp-content\/uploads\/2022\/12\/107FM-20221227-8-150x150.jpeg","medium":"https:\/\/pornuestrolaredo.com\/wp-content\/uploads\/2022\/12\/107FM-20221227-8-300x164.jpeg","medium_large":"https:\/\/pornuestrolaredo.com\/wp-content\/uploads\/2022\/12\/107FM-20221227-8-768x420.jpeg","large":"https:\/\/pornuestrolaredo.com\/wp-content\/uploads\/2022\/12\/107FM-20221227-8.jpeg","1536x1536":"https:\/\/pornuestrolaredo.com\/wp-content\/uploads\/2022\/12\/107FM-20221227-8.jpeg","2048x2048":"https:\/\/pornuestrolaredo.com\/wp-content\/uploads\/2022\/12\/107FM-20221227-8.jpeg","morenews-large":"https:\/\/pornuestrolaredo.com\/wp-content\/uploads\/2022\/12\/107FM-20221227-8.jpeg","morenews-medium":"https:\/\/pornuestrolaredo.com\/wp-content\/uploads\/2022\/12\/107FM-20221227-8.jpeg"},"magazineBlocksPostAuthor":{"name":"Redactor","avatar":"https:\/\/pornuestrolaredo.com\/wp-content\/litespeed\/avatar\/dca1d7ec750c399f025f23b0b314f4cf.jpg?ver=1777612120"},"magazineBlocksPostCommentsNumber":false,"magazineBlocksPostExcerpt":"LOS \u00c1NGELES.- Ricky Martin se alej\u00f3 de su familia para evitar m\u00e1s malentendidos tras el pleito legal que","magazineBlocksPostCategories":["Far\u00e1ndula"],"magazineBlocksPostViewCount":144,"magazineBlocksPostReadTime":2,"magazine_blocks_featured_image_url":{"full":["https:\/\/pornuestrolaredo.com\/wp-content\/uploads\/2022\/12\/107FM-20221227-8.jpeg",960,525,false],"medium":["https:\/\/pornuestrolaredo.com\/wp-content\/uploads\/2022\/12\/107FM-20221227-8-300x164.jpeg",300,164,true],"thumbnail":["https:\/\/pornuestrolaredo.com\/wp-content\/uploads\/2022\/12\/107FM-20221227-8-150x150.jpeg",150,150,true]},"magazine_blocks_author":{"display_name":"Redactor","author_link":"https:\/\/pornuestrolaredo.com\/?author=1"},"magazine_blocks_comment":0,"magazine_blocks_author_image":"https:\/\/pornuestrolaredo.com\/wp-content\/litespeed\/avatar\/dca1d7ec750c399f025f23b0b314f4cf.jpg?ver=1777612120","magazine_blocks_category":"<a href=\"#\" class=\"category-link category-link-34\">Far\u00e1ndula<\/a>","jetpack_publicize_connections":[],"featured_image_urls":{"full":["https:\/\/pornuestrolaredo.com\/wp-content\/uploads\/2022\/12\/107FM-20221227-8.jpeg",960,525,false],"thumbnail":["https:\/\/pornuestrolaredo.com\/wp-content\/uploads\/2022\/12\/107FM-20221227-8-150x150.jpeg",150,150,true],"medium":["https:\/\/pornuestrolaredo.com\/wp-content\/uploads\/2022\/12\/107FM-20221227-8-300x164.jpeg",300,164,true],"medium_large":["https:\/\/pornuestrolaredo.com\/wp-content\/uploads\/2022\/12\/107FM-20221227-8-768x420.jpeg",640,350,true],"large":["https:\/\/pornuestrolaredo.com\/wp-content\/uploads\/2022\/12\/107FM-20221227-8.jpeg",640,350,false],"1536x1536":["https:\/\/pornuestrolaredo.com\/wp-content\/uploads\/2022\/12\/107FM-20221227-8.jpeg",960,525,false],"2048x2048":["https:\/\/pornuestrolaredo.com\/wp-content\/uploads\/2022\/12\/107FM-20221227-8.jpeg",960,525,false],"morenews-large":["https:\/\/pornuestrolaredo.com\/wp-content\/uploads\/2022\/12\/107FM-20221227-8.jpeg",825,451,false],"morenews-medium":["https:\/\/pornuestrolaredo.com\/wp-content\/uploads\/2022\/12\/107FM-20221227-8.jpeg",590,323,false]},"author_info":{"info":["Redactor"]},"category_info":"<a href=\"https:\/\/pornuestrolaredo.com\/?cat=34\" rel=\"category\">Far\u00e1ndula<\/a>","tag_info":"Far\u00e1ndula","comment_count":"0","jetpack_featured_media_url":"https:\/\/pornuestrolaredo.com\/wp-content\/uploads\/2022\/12\/107FM-20221227-8.jpeg","jetpack_sharing_enabled":true,"_links":{"self":[{"href":"https:\/\/pornuestrolaredo.com\/index.php?rest_route=\/wp\/v2\/posts\/1491","targetHints":{"allow":["GET"]}}],"collection":[{"href":"https:\/\/pornuestrolaredo.com\/index.php?rest_route=\/wp\/v2\/posts"}],"about":[{"href":"https:\/\/pornuestrolaredo.com\/index.php?rest_route=\/wp\/v2\/types\/post"}],"author":[{"embeddable":true,"href":"https:\/\/pornuestrolaredo.com\/index.php?rest_route=\/wp\/v2\/users\/1"}],"replies":[{"embeddable":true,"href":"https:\/\/pornuestrolaredo.com\/index.php?rest_route=%2Fwp%2Fv2%2Fcomments&post=1491"}],"version-history":[{"count":1,"href":"https:\/\/pornuestrolaredo.com\/index.php?rest_route=\/wp\/v2\/posts\/1491\/revisions"}],"predecessor-version":[{"id":1493,"href":"https:\/\/pornuestrolaredo.com\/index.php?rest_route=\/wp\/v2\/posts\/1491\/revisions\/1493"}],"wp:featuredmedia":[{"embeddable":true,"href":"https:\/\/pornuestrolaredo.com\/index.php?rest_route=\/wp\/v2\/media\/1492"}],"wp:attachment":[{"href":"https:\/\/pornuestrolaredo.com\/index.php?rest_route=%2Fwp%2Fv2%2Fmedia&parent=1491"}],"wp:term":[{"taxonomy":"category","embeddable":true,"href":"https:\/\/pornuestrolaredo.com\/index.php?rest_route=%2Fwp%2Fv2%2Fcategories&post=1491"},{"taxonomy":"post_tag","embeddable":true,"href":"https:\/\/pornuestrolaredo.com\/index.php?rest_route=%2Fwp%2Fv2%2Ftags&post=1491"}],"curies":[{"name":"wp","href":"https:\/\/api.w.org\/{rel}","templated":true}]}}