{"id":1495,"date":"2022-12-28T18:12:34","date_gmt":"2022-12-28T18:12:34","guid":{"rendered":"https:\/\/pornuestrolaredo.com\/?p=1495"},"modified":"2022-12-28T18:12:34","modified_gmt":"2022-12-28T18:12:34","slug":"mal-de-salud-el-papa-emerito-benedicto-xvi","status":"publish","type":"post","link":"https:\/\/pornuestrolaredo.com\/?p=1495","title":{"rendered":"Mal de salud, el Papa em\u00e9rito Benedicto XVI"},"content":{"rendered":"<p><strong>CIUDAD DEL VATICANO.-<\/strong> La salud de Benedicto XVI ha empeorado debido a su edad, y los m\u00e9dicos vigilan constantemente el estado de salud del papa em\u00e9rito, de 95 a\u00f1os, inform\u00f3 el mi\u00e9rcoles el Vaticano.<\/p>\n<p>El portavoz del Vaticano, Matteo Bruni, dijo que el papa Francisco, quien el mi\u00e9rcoles pidi\u00f3 a los fieles rezar por su antecesor, fue a visitarlo en el monasterio en Roma donde el pont\u00edfice em\u00e9rito vive desde que se retir\u00f3 en febrero de 2013.<\/p>\n<blockquote><p>Respecto a la salud del papa em\u00e9rito, por quien el papa Francisco pidi\u00f3 oraciones al final de su audiencia general de esta ma\u00f1ana, puedo confirmar que en las \u00faltimas horas se ha producido un empeoramiento debido a la avanzada edad\u2033, dijo Bruni en un comunicado.<\/p><\/blockquote>\n<blockquote><p>La situaci\u00f3n en estos momentos permanece bajo control, vigilada constantemente por los m\u00e9dicos\u201d, de acuerdo con el comunicado.<\/p><\/blockquote>\n<p>Al t\u00e9rmino de su habitual audiencia de los mi\u00e9rcoles con el p\u00fablico en un auditorio del Vaticano, Francisco hizo una pausa en sus comentarios previamente preparados para decir que Benedicto XVI estaba \u201cmuy enfermo\u201d y pidi\u00f3 a los fieles rezar por \u00e9l. No entr\u00f3 en m\u00e1s detalles sobre su salud.<\/p>\n<blockquote><p>Quisiera pedirles a todos una oraci\u00f3n especial, por el papa em\u00e9rito Benedicto XVI, que en silencio est\u00e1 sosteniendo a la iglesia\u201d, dijo Francisco al t\u00e9rmino de una audiencia de una hora. \u201cRecordarlo, est\u00e1 muy enfermo\u201d, se\u00f1al\u00f3 Francisco. Pidan \u201cal Se\u00f1or que lo consuele, y lo sostenga en este testimonio de amor a la iglesia, hasta el final\u201d.<\/p><\/blockquote>\n<p>Despu\u00e9s de la audiencia, \u201cel papa Francisco fue al monasterio Mater Ecclesiae para visitar a Benedicto XVI. \u201cUn\u00e1monos todos a \u00e9l en la oraci\u00f3n por el papa em\u00e9rito\u201d, dijo Bruni.<\/p>\n<p>Benedicto XVI \u2014el primer papa en renunciar en 600 a\u00f1os\u2014 se ha vuelto cada vez m\u00e1s fr\u00e1gil en los \u00faltimos a\u00f1os, tras dedicar su vida post-papal a la oraci\u00f3n y la meditaci\u00f3n.<\/p>\n<p>Cuando cumpli\u00f3 95 a\u00f1os en abril, su secretario de toda la vida, el arzobispo Georg Gaenswein, dijo que el pont\u00edfice em\u00e9rito estaba de buen humor, a\u00f1adiendo que \u201cnaturalmente est\u00e1 f\u00edsicamente relativamente d\u00e9bil y fr\u00e1gil, pero bastante l\u00facido.\u201d<\/p>\n<p>El papa lo visit\u00f3 en el monasterio hace cuatro meses. En esa ocasi\u00f3n, Francisco hab\u00eda creado nuevos cardenales y estos le acompa\u00f1aron en el breve saludo.<\/p>\n<p>El Vaticano difundi\u00f3 entonces una foto en la que se ve\u00eda a un Benedicto XVI muy delgado estrechando la mano de Francisco, ambos sonriendo. En sus primeros a\u00f1os de retiro, Benedicto XVI asisti\u00f3 a un par de ceremonias para crear cardenales en la Bas\u00edlica de San Pedro. Pero en los \u00faltimos a\u00f1os, no se encontraba lo suficientemente fuerte como para estar presente en la prolongada ceremonia.<\/p>\n","protected":false},"excerpt":{"rendered":"<p>Llama el Papa Francisco a elevar oraciones por su antecesor<\/p>\n","protected":false},"author":1,"featured_media":1496,"comment_status":"closed","ping_status":"closed","sticky":false,"template":"","format":"standard","meta":{"_crdt_document":"","_jetpack_memberships_contains_paid_content":false,"footnotes":"","jetpack_publicize_message":"","jetpack_publicize_feature_enabled":true,"jetpack_social_post_already_shared":true,"jetpack_social_options":{"image_generator_settings":{"template":"highway","default_image_id":0,"font":"","enabled":false},"version":2},"_wpas_customize_per_network":false},"categories":[9],"tags":[],"class_list":["post-1495","post","type-post","status-publish","format-standard","has-post-thumbnail","hentry","category-el-mundo"],"magazineBlocksPostFeaturedMedia":{"thumbnail":"https:\/\/pornuestrolaredo.com\/wp-content\/uploads\/2022\/12\/Stereo91-20221228-1-150x150.jpg","medium":"https:\/\/pornuestrolaredo.com\/wp-content\/uploads\/2022\/12\/Stereo91-20221228-1-300x169.jpg","medium_large":"https:\/\/pornuestrolaredo.com\/wp-content\/uploads\/2022\/12\/Stereo91-20221228-1-768x432.jpg","large":"https:\/\/pornuestrolaredo.com\/wp-content\/uploads\/2022\/12\/Stereo91-20221228-1.jpg","1536x1536":"https:\/\/pornuestrolaredo.com\/wp-content\/uploads\/2022\/12\/Stereo91-20221228-1.jpg","2048x2048":"https:\/\/pornuestrolaredo.com\/wp-content\/uploads\/2022\/12\/Stereo91-20221228-1.jpg","morenews-large":"https:\/\/pornuestrolaredo.com\/wp-content\/uploads\/2022\/12\/Stereo91-20221228-1.jpg","morenews-medium":"https:\/\/pornuestrolaredo.com\/wp-content\/uploads\/2022\/12\/Stereo91-20221228-1.jpg"},"magazineBlocksPostAuthor":{"name":"Redactor","avatar":"https:\/\/pornuestrolaredo.com\/wp-content\/litespeed\/avatar\/dca1d7ec750c399f025f23b0b314f4cf.jpg?ver=1777612120"},"magazineBlocksPostCommentsNumber":false,"magazineBlocksPostExcerpt":"Llama el Papa Francisco a elevar oraciones por su antecesor","magazineBlocksPostCategories":["El Mundo"],"magazineBlocksPostViewCount":139,"magazineBlocksPostReadTime":3,"magazine_blocks_featured_image_url":{"full":["https:\/\/pornuestrolaredo.com\/wp-content\/uploads\/2022\/12\/Stereo91-20221228-1.jpg",1000,563,false],"medium":["https:\/\/pornuestrolaredo.com\/wp-content\/uploads\/2022\/12\/Stereo91-20221228-1-300x169.jpg",300,169,true],"thumbnail":["https:\/\/pornuestrolaredo.com\/wp-content\/uploads\/2022\/12\/Stereo91-20221228-1-150x150.jpg",150,150,true]},"magazine_blocks_author":{"display_name":"Redactor","author_link":"https:\/\/pornuestrolaredo.com\/?author=1"},"magazine_blocks_comment":0,"magazine_blocks_author_image":"https:\/\/pornuestrolaredo.com\/wp-content\/litespeed\/avatar\/dca1d7ec750c399f025f23b0b314f4cf.jpg?ver=1777612120","magazine_blocks_category":"<a href=\"#\" class=\"category-link category-link-9\">El Mundo<\/a>","jetpack_publicize_connections":[],"featured_image_urls":{"full":["https:\/\/pornuestrolaredo.com\/wp-content\/uploads\/2022\/12\/Stereo91-20221228-1.jpg",1000,563,false],"thumbnail":["https:\/\/pornuestrolaredo.com\/wp-content\/uploads\/2022\/12\/Stereo91-20221228-1-150x150.jpg",150,150,true],"medium":["https:\/\/pornuestrolaredo.com\/wp-content\/uploads\/2022\/12\/Stereo91-20221228-1-300x169.jpg",300,169,true],"medium_large":["https:\/\/pornuestrolaredo.com\/wp-content\/uploads\/2022\/12\/Stereo91-20221228-1-768x432.jpg",640,360,true],"large":["https:\/\/pornuestrolaredo.com\/wp-content\/uploads\/2022\/12\/Stereo91-20221228-1.jpg",640,360,false],"1536x1536":["https:\/\/pornuestrolaredo.com\/wp-content\/uploads\/2022\/12\/Stereo91-20221228-1.jpg",1000,563,false],"2048x2048":["https:\/\/pornuestrolaredo.com\/wp-content\/uploads\/2022\/12\/Stereo91-20221228-1.jpg",1000,563,false],"morenews-large":["https:\/\/pornuestrolaredo.com\/wp-content\/uploads\/2022\/12\/Stereo91-20221228-1.jpg",825,464,false],"morenews-medium":["https:\/\/pornuestrolaredo.com\/wp-content\/uploads\/2022\/12\/Stereo91-20221228-1.jpg",590,332,false]},"author_info":{"info":["Redactor"]},"category_info":"<a href=\"https:\/\/pornuestrolaredo.com\/?cat=9\" rel=\"category\">El Mundo<\/a>","tag_info":"El Mundo","comment_count":"0","jetpack_featured_media_url":"https:\/\/pornuestrolaredo.com\/wp-content\/uploads\/2022\/12\/Stereo91-20221228-1.jpg","jetpack_sharing_enabled":true,"_links":{"self":[{"href":"https:\/\/pornuestrolaredo.com\/index.php?rest_route=\/wp\/v2\/posts\/1495","targetHints":{"allow":["GET"]}}],"collection":[{"href":"https:\/\/pornuestrolaredo.com\/index.php?rest_route=\/wp\/v2\/posts"}],"about":[{"href":"https:\/\/pornuestrolaredo.com\/index.php?rest_route=\/wp\/v2\/types\/post"}],"author":[{"embeddable":true,"href":"https:\/\/pornuestrolaredo.com\/index.php?rest_route=\/wp\/v2\/users\/1"}],"replies":[{"embeddable":true,"href":"https:\/\/pornuestrolaredo.com\/index.php?rest_route=%2Fwp%2Fv2%2Fcomments&post=1495"}],"version-history":[{"count":1,"href":"https:\/\/pornuestrolaredo.com\/index.php?rest_route=\/wp\/v2\/posts\/1495\/revisions"}],"predecessor-version":[{"id":1497,"href":"https:\/\/pornuestrolaredo.com\/index.php?rest_route=\/wp\/v2\/posts\/1495\/revisions\/1497"}],"wp:featuredmedia":[{"embeddable":true,"href":"https:\/\/pornuestrolaredo.com\/index.php?rest_route=\/wp\/v2\/media\/1496"}],"wp:attachment":[{"href":"https:\/\/pornuestrolaredo.com\/index.php?rest_route=%2Fwp%2Fv2%2Fmedia&parent=1495"}],"wp:term":[{"taxonomy":"category","embeddable":true,"href":"https:\/\/pornuestrolaredo.com\/index.php?rest_route=%2Fwp%2Fv2%2Fcategories&post=1495"},{"taxonomy":"post_tag","embeddable":true,"href":"https:\/\/pornuestrolaredo.com\/index.php?rest_route=%2Fwp%2Fv2%2Ftags&post=1495"}],"curies":[{"name":"wp","href":"https:\/\/api.w.org\/{rel}","templated":true}]}}