{"id":1501,"date":"2022-12-28T19:08:13","date_gmt":"2022-12-28T19:08:13","guid":{"rendered":"https:\/\/pornuestrolaredo.com\/?p=1501"},"modified":"2022-12-28T19:08:13","modified_gmt":"2022-12-28T19:08:13","slug":"en-enero-suben-los-pasaportes","status":"publish","type":"post","link":"https:\/\/pornuestrolaredo.com\/?p=1501","title":{"rendered":"En enero, suben los pasaportes"},"content":{"rendered":"<p><strong>NUEVO LAREDO.-<\/strong> La Secretar\u00eda de Relaciones Exteriores inform\u00f3 que a partir del domingo 1 de enero de 2023 entrar\u00e1 en vigor la actualizaci\u00f3n de costos del pasaporte, documento principal que se utiliza para realizar viajes al extranjero.<\/p>\n<p>De acuerdo a la Ley Federal de Derechos 2022 la cual fue aprobada por el Congreso de la Uni\u00f3n estos son los nuevos costos:<\/p>\n<p>Vigencia 1 a\u00f1o: $815 pesos<br \/>\nVigencia 3 a\u00f1os: $1,585 pesos<br \/>\nVigencia 6 a\u00f1os: $2,155 pesos<br \/>\nVigencia 10 a\u00f1os: $3,780 pesos<\/p>\n<p>Es importante destacar que el documento con vigencia de un a\u00f1o es solamente para menores de 3 a\u00f1os.<\/p>\n<p>Tambi\u00e9n se brinda un descuento del 50 por ciento para adultos mayores de 60 a\u00f1os, personas con discapacidad y a los trabajadores agr\u00edcolas con sede en Canad\u00e1. Por lo que esos precios quedar\u00edan de esta manera:<\/p>\n<p>Vigencia 1 a\u00f1o: $405 pesos<br \/>\nVigencia 3 a\u00f1os: $795 pesos<br \/>\nVigencia 6 a\u00f1os: $1,075 pesos<br \/>\nVigencia 10 a\u00f1os: $1,890 pesos. <\/p>\n<p>El director de la Oficina Municipal de Enlace con la Secretar\u00eda de Exteriores, Fernando Torres Villarreal exhort\u00f3 a la ciudadan\u00eda interesada en realizar una cita en la Oficina de Pasaportes a marcar al siguiente n\u00famero de tel\u00e9fono 55 893 248 27.<\/p>\n","protected":false},"excerpt":{"rendered":"<p>Ofrecen descuento del 50 por ciento para adultos mayores de 60 a\u00f1os o m\u00e1s, personas con discapacidad y a los trabajadores agr\u00edcolas con sede en Canad\u00e1<\/p>\n","protected":false},"author":1,"featured_media":1502,"comment_status":"closed","ping_status":"closed","sticky":false,"template":"","format":"standard","meta":{"_crdt_document":"","_jetpack_memberships_contains_paid_content":false,"footnotes":"","jetpack_publicize_message":"","jetpack_publicize_feature_enabled":true,"jetpack_social_post_already_shared":true,"jetpack_social_options":{"image_generator_settings":{"template":"highway","default_image_id":0,"font":"","enabled":false},"version":2},"_wpas_customize_per_network":false},"categories":[4],"tags":[],"class_list":["post-1501","post","type-post","status-publish","format-standard","has-post-thumbnail","hentry","category-los-dos-laredos"],"magazineBlocksPostFeaturedMedia":{"thumbnail":"https:\/\/pornuestrolaredo.com\/wp-content\/uploads\/2022\/12\/Stereo91-20221228-4-150x150.jpg","medium":"https:\/\/pornuestrolaredo.com\/wp-content\/uploads\/2022\/12\/Stereo91-20221228-4-300x165.jpg","medium_large":"https:\/\/pornuestrolaredo.com\/wp-content\/uploads\/2022\/12\/Stereo91-20221228-4-768x422.jpg","large":"https:\/\/pornuestrolaredo.com\/wp-content\/uploads\/2022\/12\/Stereo91-20221228-4-1024x562.jpg","1536x1536":"https:\/\/pornuestrolaredo.com\/wp-content\/uploads\/2022\/12\/Stereo91-20221228-4.jpg","2048x2048":"https:\/\/pornuestrolaredo.com\/wp-content\/uploads\/2022\/12\/Stereo91-20221228-4.jpg","morenews-large":"https:\/\/pornuestrolaredo.com\/wp-content\/uploads\/2022\/12\/Stereo91-20221228-4.jpg","morenews-medium":"https:\/\/pornuestrolaredo.com\/wp-content\/uploads\/2022\/12\/Stereo91-20221228-4.jpg"},"magazineBlocksPostAuthor":{"name":"Redactor","avatar":"https:\/\/pornuestrolaredo.com\/wp-content\/litespeed\/avatar\/dca1d7ec750c399f025f23b0b314f4cf.jpg?ver=1777612120"},"magazineBlocksPostCommentsNumber":false,"magazineBlocksPostExcerpt":"Ofrecen descuento del 50 por ciento para adultos mayores de 60 a\u00f1os o m\u00e1s, personas con discapacidad y a los trabajadores agr\u00edcolas con sede en Canad\u00e1","magazineBlocksPostCategories":["Los dos Laredos"],"magazineBlocksPostViewCount":133,"magazineBlocksPostReadTime":1,"magazine_blocks_featured_image_url":{"full":["https:\/\/pornuestrolaredo.com\/wp-content\/uploads\/2022\/12\/Stereo91-20221228-4.jpg",1280,703,false],"medium":["https:\/\/pornuestrolaredo.com\/wp-content\/uploads\/2022\/12\/Stereo91-20221228-4-300x165.jpg",300,165,true],"thumbnail":["https:\/\/pornuestrolaredo.com\/wp-content\/uploads\/2022\/12\/Stereo91-20221228-4-150x150.jpg",150,150,true]},"magazine_blocks_author":{"display_name":"Redactor","author_link":"https:\/\/pornuestrolaredo.com\/?author=1"},"magazine_blocks_comment":0,"magazine_blocks_author_image":"https:\/\/pornuestrolaredo.com\/wp-content\/litespeed\/avatar\/dca1d7ec750c399f025f23b0b314f4cf.jpg?ver=1777612120","magazine_blocks_category":"<a href=\"#\" class=\"category-link category-link-4\">Los dos Laredos<\/a>","jetpack_publicize_connections":[],"featured_image_urls":{"full":["https:\/\/pornuestrolaredo.com\/wp-content\/uploads\/2022\/12\/Stereo91-20221228-4.jpg",1280,703,false],"thumbnail":["https:\/\/pornuestrolaredo.com\/wp-content\/uploads\/2022\/12\/Stereo91-20221228-4-150x150.jpg",150,150,true],"medium":["https:\/\/pornuestrolaredo.com\/wp-content\/uploads\/2022\/12\/Stereo91-20221228-4-300x165.jpg",300,165,true],"medium_large":["https:\/\/pornuestrolaredo.com\/wp-content\/uploads\/2022\/12\/Stereo91-20221228-4-768x422.jpg",640,352,true],"large":["https:\/\/pornuestrolaredo.com\/wp-content\/uploads\/2022\/12\/Stereo91-20221228-4-1024x562.jpg",640,351,true],"1536x1536":["https:\/\/pornuestrolaredo.com\/wp-content\/uploads\/2022\/12\/Stereo91-20221228-4.jpg",1280,703,false],"2048x2048":["https:\/\/pornuestrolaredo.com\/wp-content\/uploads\/2022\/12\/Stereo91-20221228-4.jpg",1280,703,false],"morenews-large":["https:\/\/pornuestrolaredo.com\/wp-content\/uploads\/2022\/12\/Stereo91-20221228-4.jpg",825,453,false],"morenews-medium":["https:\/\/pornuestrolaredo.com\/wp-content\/uploads\/2022\/12\/Stereo91-20221228-4.jpg",590,324,false]},"author_info":{"info":["Redactor"]},"category_info":"<a href=\"https:\/\/pornuestrolaredo.com\/?cat=4\" rel=\"category\">Los dos Laredos<\/a>","tag_info":"Los dos Laredos","comment_count":"0","jetpack_featured_media_url":"https:\/\/pornuestrolaredo.com\/wp-content\/uploads\/2022\/12\/Stereo91-20221228-4.jpg","jetpack_sharing_enabled":true,"_links":{"self":[{"href":"https:\/\/pornuestrolaredo.com\/index.php?rest_route=\/wp\/v2\/posts\/1501","targetHints":{"allow":["GET"]}}],"collection":[{"href":"https:\/\/pornuestrolaredo.com\/index.php?rest_route=\/wp\/v2\/posts"}],"about":[{"href":"https:\/\/pornuestrolaredo.com\/index.php?rest_route=\/wp\/v2\/types\/post"}],"author":[{"embeddable":true,"href":"https:\/\/pornuestrolaredo.com\/index.php?rest_route=\/wp\/v2\/users\/1"}],"replies":[{"embeddable":true,"href":"https:\/\/pornuestrolaredo.com\/index.php?rest_route=%2Fwp%2Fv2%2Fcomments&post=1501"}],"version-history":[{"count":1,"href":"https:\/\/pornuestrolaredo.com\/index.php?rest_route=\/wp\/v2\/posts\/1501\/revisions"}],"predecessor-version":[{"id":1503,"href":"https:\/\/pornuestrolaredo.com\/index.php?rest_route=\/wp\/v2\/posts\/1501\/revisions\/1503"}],"wp:featuredmedia":[{"embeddable":true,"href":"https:\/\/pornuestrolaredo.com\/index.php?rest_route=\/wp\/v2\/media\/1502"}],"wp:attachment":[{"href":"https:\/\/pornuestrolaredo.com\/index.php?rest_route=%2Fwp%2Fv2%2Fmedia&parent=1501"}],"wp:term":[{"taxonomy":"category","embeddable":true,"href":"https:\/\/pornuestrolaredo.com\/index.php?rest_route=%2Fwp%2Fv2%2Fcategories&post=1501"},{"taxonomy":"post_tag","embeddable":true,"href":"https:\/\/pornuestrolaredo.com\/index.php?rest_route=%2Fwp%2Fv2%2Ftags&post=1501"}],"curies":[{"name":"wp","href":"https:\/\/api.w.org\/{rel}","templated":true}]}}