{"id":1513,"date":"2022-12-31T19:48:35","date_gmt":"2022-12-31T19:48:35","guid":{"rendered":"https:\/\/pornuestrolaredo.com\/?p=1513"},"modified":"2022-12-31T19:48:35","modified_gmt":"2022-12-31T19:48:35","slug":"fallece-el-papa-emerito-benedicto-xvi","status":"publish","type":"post","link":"https:\/\/pornuestrolaredo.com\/?p=1513","title":{"rendered":"Fallece el papa em\u00e9rito Benedicto XVI"},"content":{"rendered":"<p><strong>CIUDAD DEL VATICANO.- <\/strong>El papa em\u00e9rito Benedicto XVI, el t\u00edmido te\u00f3logo alem\u00e1n que intent\u00f3 reanimar el cristianismo en una Europa secularizada y que ser\u00e1 recordado como el primer pont\u00edfice que renunci\u00f3 al cargo en 600 a\u00f1os, falleci\u00f3 el s\u00e1bado. Ten\u00eda 95 a\u00f1os.<\/p>\n<p>Benedicto XVI sorprendi\u00f3 al mundo el 11 de febrero de 2013 cuando anunci\u00f3, en su t\u00edpico lat\u00edn de tono suave, que ya no ten\u00eda la fortaleza para seguir al frente de la Iglesia cat\u00f3lica de 1.200 millones de fieles que hab\u00eda comandado durante ocho a\u00f1os en medio de esc\u00e1ndalos e indiferencia.<\/p>\n<p>Su dram\u00e1tica decisi\u00f3n abri\u00f3 paso al c\u00f3nclave que eligi\u00f3 al papa Francisco como su sucesor. Desde entonces los dos pont\u00edfices convivieron en los jardines del Vaticano, en un acuerdo sin precedentes que sent\u00f3 las bases para que futuros \u201cpapas em\u00e9ritos\u201d puedan hacer lo mismo.<\/p>\n<p>Y ello prepar\u00f3 el terreno para que un pont\u00edfice en funciones presida la misa f\u00fanebre de uno retirado. El Vaticano anunci\u00f3 que el papa Francisco presidir\u00e1 el funeral el jueves en la Plaza de San Pedro.<\/p>\n<p>Francisco elogi\u00f3 a Benedicto XVI en comentarios el s\u00e1bado durante una ceremonia en la Bas\u00edlica de San Pedro.<\/p>\n<blockquote><p>S\u00f3lo Dios sabe el valor y la fuerza de su intercesi\u00f3n, de sus sacrificios ofrecidos por el bien de la Iglesia\u201d, declar\u00f3.<\/p><\/blockquote>\n<p>En un comunicado el s\u00e1bado por la ma\u00f1ana, el vocero del Vaticano, Matteo Bruni, se\u00f1al\u00f3: \u201cCon pesar doy a conocer que el papa em\u00e9rito Benedicto XVI ha fallecido hoy a las 9:34 horas en el Monasterio Mater Ecclesiae del Vaticano\u201d.<\/p>\n<p>El excardenal Joseph Ratzinger nunca quiso ser papa, y a sus 78 a\u00f1os planeaba pasar sus \u00faltimos a\u00f1os escribiendo en la \u201cpaz y tranquilidad\u201d de su Baviera natal.<\/p>\n<p>En su lugar, se vio obligado a ocupar el puesto del querido San Juan Pablo II en 2005 y a dirigir la Iglesia en medio del esc\u00e1ndalo de abusos sexuales cometidos por cl\u00e9rigos, al que sigui\u00f3 otro cuando su propio mayordomo rob\u00f3 sus documentos personales y se los entreg\u00f3 a un periodista.<\/p>\n<p>Al ser elegido papa, se\u00f1al\u00f3 en una ocasi\u00f3n, sinti\u00f3 como si le hubieran pasado por la \u201cguillotina\u201d.<\/p>\n<p>Pese a eso, asumi\u00f3 el puesto con la firme intenci\u00f3n de reavivar la fe en un mundo que, seg\u00fan lamentaba con frecuencia, parec\u00eda creer que podr\u00eda prescindir de Dios.<\/p>\n<blockquote><p>En grandes zonas del mundo hay hoy en d\u00eda un extra\u00f1o olvido de Dios\u201d, dijo ante el mill\u00f3n de j\u00f3venes que se congregaron en un amplio campo en su primer viaje al extranjero como papa, a la Jornada Mundial de la Juventud en Colonia, Alemania, en 2005. \u201cParece como si todo ser\u00eda lo mismo incluso sin \u00e9l\u201d.<\/p><\/blockquote>\n<p>Con algunas decisiones clave, a menudo pol\u00e9micas, trat\u00f3 de recordarle a Europa su herencia cristiana. Y llev\u00f3 a la Iglesia por una senda conservadora y tradicional que con frecuencia molest\u00f3 a los progresistas. Relaj\u00f3 las restricciones a la celebraci\u00f3n de la antigua misa en lat\u00edn y tom\u00f3 medidas en\u00e9rgicas contra las monjas estadounidenses, insistiendo en que la Iglesia se mantuviese fiel a su doctrina y tradiciones ante un mundo cambiante. Fue un camino que en muchos aspectos revirti\u00f3 su sucesor Francisco, cuyas prioridades de misericordia sobre la moral alejaron a los tradicionalistas, con los que Benedicto XVI hab\u00eda sido indulgente.<\/p>\n<p>Pero el legado de Benedicto XVI qued\u00f3 marcado de forma irreversible por el estallido a nivel mundial del esc\u00e1ndalo de abusos sexuales en 2010, a pesar de que cuando fue cardenal fue el responsable de que el Vaticano cambiase su enfoque sobre el asunto.<\/p>\n<p>Seg\u00fan los documentos, a pesar de conocer muy bien el problema, la Santa Sede hizo caso omiso durante d\u00e9cadas, llegando a desautorizar a obispos que intentaban hacer lo correcto.<\/p>\n<p>Benedicto XVI conoc\u00eda de primera mano la magnitud del problema, ya que en su antiguo puesto en la Congregaci\u00f3n para la Doctrina de la Fe, que dirig\u00eda desde 1982, era el responsable de hacer frente a los casos de abusos.<\/p>\n<p>De hecho, fue \u00e9l quien en 2001 tom\u00f3 la decisi\u00f3n, entonces revolucionaria, de asumir la responsabilidad de procesar esos casos tras percatarse de que obispos de todo el mundo no castigaban a los agresores, sino que se limitaban a cambiarlos de parroquia, donde podr\u00edan volver a violar.<\/p>\n<p>Y una vez que asumi\u00f3 el papado, en esencia actu\u00f3 en forma muy distinta a Juan Pablo II, al tomar medidas contra el sacerdote pederasta m\u00e1s famoso del siglo XX, el mexicano Marcial Maciel. Benedicto XVI asumi\u00f3 el control los Legionarios de Cristo, la orden religiosa conservadora de Maciel que su predecesor hab\u00eda considerado un modelo de ortodoxia, despu\u00e9s de que se revel\u00f3 que el fundador hab\u00eda abusado sexualmente de seminaristas y engendrado al menos tres hijos.<\/p>\n<p>Ya retirado, el papa em\u00e9rito fue se\u00f1alado en un informe independiente por su trato a cuatro sacerdotes cuando era obispo de M\u00fanich. Neg\u00f3 haber cometido delito alguno a nivel personal, pero pidi\u00f3 disculpas por cualquier \u201cfalta grave\u201d.<br \/>\nNacido el 16 de abril de 1927 en Marktl Am Inn, en Baviera, Benedicto XVI escribi\u00f3 en sus memorias que fue alistado en las juventudes nazis en contra de su voluntad en 1941, cuando ten\u00eda 14 a\u00f1os y la afiliaci\u00f3n era obligatoria. Desert\u00f3 del ej\u00e9rcito alem\u00e1n en abril de 1945, en los \u00faltimos d\u00edas de la Segunda Guerra Mundial.<\/p>\n<p>Se orden\u00f3 sacerdote junto a su hermano Georg en 1951. Tras pasar varios a\u00f1os ense\u00f1ando teolog\u00eda en Alemania, fue nombrado obispo de M\u00fanich en 1977, y el papa Pablo VI lo nombr\u00f3 cardenal tres meses despu\u00e9s.<\/p>\n","protected":false},"excerpt":{"rendered":"<p>Fue el primer primer pont\u00edfice que renunci\u00f3 al cargo en 600 a\u00f1os<\/p>\n","protected":false},"author":1,"featured_media":1514,"comment_status":"closed","ping_status":"closed","sticky":false,"template":"","format":"standard","meta":{"_crdt_document":"","_jetpack_memberships_contains_paid_content":false,"footnotes":"","jetpack_publicize_message":"","jetpack_publicize_feature_enabled":true,"jetpack_social_post_already_shared":true,"jetpack_social_options":{"image_generator_settings":{"template":"highway","default_image_id":0,"font":"","enabled":false},"version":2},"_wpas_customize_per_network":false},"categories":[9],"tags":[],"class_list":["post-1513","post","type-post","status-publish","format-standard","has-post-thumbnail","hentry","category-el-mundo"],"magazineBlocksPostFeaturedMedia":{"thumbnail":"https:\/\/pornuestrolaredo.com\/wp-content\/uploads\/2022\/12\/Stereo91-20221231-1-150x150.jpg","medium":"https:\/\/pornuestrolaredo.com\/wp-content\/uploads\/2022\/12\/Stereo91-20221231-1-300x200.jpg","medium_large":"https:\/\/pornuestrolaredo.com\/wp-content\/uploads\/2022\/12\/Stereo91-20221231-1-768x512.jpg","large":"https:\/\/pornuestrolaredo.com\/wp-content\/uploads\/2022\/12\/Stereo91-20221231-1.jpg","1536x1536":"https:\/\/pornuestrolaredo.com\/wp-content\/uploads\/2022\/12\/Stereo91-20221231-1.jpg","2048x2048":"https:\/\/pornuestrolaredo.com\/wp-content\/uploads\/2022\/12\/Stereo91-20221231-1.jpg","morenews-large":"https:\/\/pornuestrolaredo.com\/wp-content\/uploads\/2022\/12\/Stereo91-20221231-1.jpg","morenews-medium":"https:\/\/pornuestrolaredo.com\/wp-content\/uploads\/2022\/12\/Stereo91-20221231-1.jpg"},"magazineBlocksPostAuthor":{"name":"Redactor","avatar":"https:\/\/pornuestrolaredo.com\/wp-content\/litespeed\/avatar\/dca1d7ec750c399f025f23b0b314f4cf.jpg?ver=1777612120"},"magazineBlocksPostCommentsNumber":false,"magazineBlocksPostExcerpt":"Fue el primer primer pont\u00edfice que renunci\u00f3 al cargo en 600 a\u00f1os","magazineBlocksPostCategories":["El Mundo"],"magazineBlocksPostViewCount":135,"magazineBlocksPostReadTime":5,"magazine_blocks_featured_image_url":{"full":["https:\/\/pornuestrolaredo.com\/wp-content\/uploads\/2022\/12\/Stereo91-20221231-1.jpg",1000,667,false],"medium":["https:\/\/pornuestrolaredo.com\/wp-content\/uploads\/2022\/12\/Stereo91-20221231-1-300x200.jpg",300,200,true],"thumbnail":["https:\/\/pornuestrolaredo.com\/wp-content\/uploads\/2022\/12\/Stereo91-20221231-1-150x150.jpg",150,150,true]},"magazine_blocks_author":{"display_name":"Redactor","author_link":"https:\/\/pornuestrolaredo.com\/?author=1"},"magazine_blocks_comment":0,"magazine_blocks_author_image":"https:\/\/pornuestrolaredo.com\/wp-content\/litespeed\/avatar\/dca1d7ec750c399f025f23b0b314f4cf.jpg?ver=1777612120","magazine_blocks_category":"<a href=\"#\" class=\"category-link category-link-9\">El Mundo<\/a>","jetpack_publicize_connections":[],"featured_image_urls":{"full":["https:\/\/pornuestrolaredo.com\/wp-content\/uploads\/2022\/12\/Stereo91-20221231-1.jpg",1000,667,false],"thumbnail":["https:\/\/pornuestrolaredo.com\/wp-content\/uploads\/2022\/12\/Stereo91-20221231-1-150x150.jpg",150,150,true],"medium":["https:\/\/pornuestrolaredo.com\/wp-content\/uploads\/2022\/12\/Stereo91-20221231-1-300x200.jpg",300,200,true],"medium_large":["https:\/\/pornuestrolaredo.com\/wp-content\/uploads\/2022\/12\/Stereo91-20221231-1-768x512.jpg",640,427,true],"large":["https:\/\/pornuestrolaredo.com\/wp-content\/uploads\/2022\/12\/Stereo91-20221231-1.jpg",640,427,false],"1536x1536":["https:\/\/pornuestrolaredo.com\/wp-content\/uploads\/2022\/12\/Stereo91-20221231-1.jpg",1000,667,false],"2048x2048":["https:\/\/pornuestrolaredo.com\/wp-content\/uploads\/2022\/12\/Stereo91-20221231-1.jpg",1000,667,false],"morenews-large":["https:\/\/pornuestrolaredo.com\/wp-content\/uploads\/2022\/12\/Stereo91-20221231-1.jpg",825,550,false],"morenews-medium":["https:\/\/pornuestrolaredo.com\/wp-content\/uploads\/2022\/12\/Stereo91-20221231-1.jpg",590,394,false]},"author_info":{"info":["Redactor"]},"category_info":"<a href=\"https:\/\/pornuestrolaredo.com\/?cat=9\" rel=\"category\">El Mundo<\/a>","tag_info":"El Mundo","comment_count":"0","jetpack_featured_media_url":"https:\/\/pornuestrolaredo.com\/wp-content\/uploads\/2022\/12\/Stereo91-20221231-1.jpg","jetpack_sharing_enabled":true,"_links":{"self":[{"href":"https:\/\/pornuestrolaredo.com\/index.php?rest_route=\/wp\/v2\/posts\/1513","targetHints":{"allow":["GET"]}}],"collection":[{"href":"https:\/\/pornuestrolaredo.com\/index.php?rest_route=\/wp\/v2\/posts"}],"about":[{"href":"https:\/\/pornuestrolaredo.com\/index.php?rest_route=\/wp\/v2\/types\/post"}],"author":[{"embeddable":true,"href":"https:\/\/pornuestrolaredo.com\/index.php?rest_route=\/wp\/v2\/users\/1"}],"replies":[{"embeddable":true,"href":"https:\/\/pornuestrolaredo.com\/index.php?rest_route=%2Fwp%2Fv2%2Fcomments&post=1513"}],"version-history":[{"count":1,"href":"https:\/\/pornuestrolaredo.com\/index.php?rest_route=\/wp\/v2\/posts\/1513\/revisions"}],"predecessor-version":[{"id":1515,"href":"https:\/\/pornuestrolaredo.com\/index.php?rest_route=\/wp\/v2\/posts\/1513\/revisions\/1515"}],"wp:featuredmedia":[{"embeddable":true,"href":"https:\/\/pornuestrolaredo.com\/index.php?rest_route=\/wp\/v2\/media\/1514"}],"wp:attachment":[{"href":"https:\/\/pornuestrolaredo.com\/index.php?rest_route=%2Fwp%2Fv2%2Fmedia&parent=1513"}],"wp:term":[{"taxonomy":"category","embeddable":true,"href":"https:\/\/pornuestrolaredo.com\/index.php?rest_route=%2Fwp%2Fv2%2Fcategories&post=1513"},{"taxonomy":"post_tag","embeddable":true,"href":"https:\/\/pornuestrolaredo.com\/index.php?rest_route=%2Fwp%2Fv2%2Ftags&post=1513"}],"curies":[{"name":"wp","href":"https:\/\/api.w.org\/{rel}","templated":true}]}}