{"id":1523,"date":"2023-01-02T18:06:06","date_gmt":"2023-01-02T18:06:06","guid":{"rendered":"https:\/\/pornuestrolaredo.com\/?p=1523"},"modified":"2023-01-02T18:06:06","modified_gmt":"2023-01-02T18:06:06","slug":"despiden-aficionados-a-pele","status":"publish","type":"post","link":"https:\/\/pornuestrolaredo.com\/?p=1523","title":{"rendered":"Despiden aficionados a Pel\u00e9"},"content":{"rendered":"<p><strong>SANTOS, Brasil.-<\/strong> Una multitud de dolientes brasile\u00f1os comenz\u00f3 a rendir homenaje a Pel\u00e9 el lunes, en una procesi\u00f3n solemne ante su f\u00e9retro en el Estadio Vila Belmiro, en la ciudad de Santos.<\/p>\n<p>El astro brasile\u00f1o del f\u00fatbol falleci\u00f3 el jueves, tras una batalla contra el c\u00e1ncer. Ten\u00eda 82 a\u00f1os.<\/p>\n<p>El ata\u00fad de Pel\u00e9 fue colocado sobre la cancha donde el deportista marc\u00f3 algunos de los mejores goles en su carrera. Los asistentes al funeral caminaron ante el cad\u00e1ver en el estadio con aforo para 16 mil espectadores a las afueras de Sao Paulo.<\/p>\n<p>Est\u00e1 previsto que el sepelio se realice el martes, en un cementerio que se ubica apenas a unos 600 metros del estadio.<\/p>\n<p>Los aficionados llegaron desde las primeras horas del lunes para honrar a Pel\u00e9, cuyo nombre real era Edson Arantes do Nascimento.<\/p>\n<p>Uno de ellos fue Gilmar Mendes, juez de la Corte Suprema.<\/p>\n<blockquote><p>Es un momento muy triste, pero estamos viendo ahora el significado real de este jugador legendario para nuestro pa\u00eds\u201d, dijo Mendes a la prensa \u201cMi oficina tiene camisetas firmadas por Pel\u00e9, as\u00ed como una foto autografiada de \u00e9l, cuando jug\u00f3 de arquero. Hay DVDs, fotos y una gran colecci\u00f3n de art\u00edculos relacionados con \u00e9l\u201d.<\/p><\/blockquote>\n<p>Mendes a\u00f1adi\u00f3 que Pel\u00e9 fue un hombre sencillo pese a su fama mundial. Consider\u00f3 que el futbolista fallecido se merece todos los homenajes.<\/p>\n<p>El f\u00e9retro de Pel\u00e9 ser\u00e1 llevado por las calles de Santos antes del sepelio. Se espera que asistan a los funerales el presidente Luiz In\u00e1cio Lula da Silva y otros dignatarios. Pel\u00e9 se hab\u00eda sometido a un tratamiento para el c\u00e1ncer de colon desde 2021. El centro m\u00e9dico donde permaneci\u00f3 hospitalizado inform\u00f3 que el deceso se deriv\u00f3 de una insuficiencia org\u00e1nica m\u00faltiple como resultado del c\u00e1ncer.<\/p>\n","protected":false},"excerpt":{"rendered":"<p>Colocan el f\u00e9retro del astro del futbol en el Estadio Vila Belmiro, en la ciudad de Santos<\/p>\n","protected":false},"author":1,"featured_media":1524,"comment_status":"closed","ping_status":"closed","sticky":false,"template":"","format":"standard","meta":{"_crdt_document":"","_jetpack_memberships_contains_paid_content":false,"footnotes":"","jetpack_publicize_message":"","jetpack_publicize_feature_enabled":true,"jetpack_social_post_already_shared":true,"jetpack_social_options":{"image_generator_settings":{"template":"highway","default_image_id":0,"font":"","enabled":false},"version":2},"_wpas_customize_per_network":false},"categories":[10],"tags":[],"class_list":["post-1523","post","type-post","status-publish","format-standard","has-post-thumbnail","hentry","category-deportes"],"magazineBlocksPostFeaturedMedia":{"thumbnail":"https:\/\/pornuestrolaredo.com\/wp-content\/uploads\/2023\/01\/Stereo91-20230102-2-150x150.jpg","medium":"https:\/\/pornuestrolaredo.com\/wp-content\/uploads\/2023\/01\/Stereo91-20230102-2-300x200.jpg","medium_large":"https:\/\/pornuestrolaredo.com\/wp-content\/uploads\/2023\/01\/Stereo91-20230102-2-768x512.jpg","large":"https:\/\/pornuestrolaredo.com\/wp-content\/uploads\/2023\/01\/Stereo91-20230102-2.jpg","1536x1536":"https:\/\/pornuestrolaredo.com\/wp-content\/uploads\/2023\/01\/Stereo91-20230102-2.jpg","2048x2048":"https:\/\/pornuestrolaredo.com\/wp-content\/uploads\/2023\/01\/Stereo91-20230102-2.jpg","morenews-large":"https:\/\/pornuestrolaredo.com\/wp-content\/uploads\/2023\/01\/Stereo91-20230102-2.jpg","morenews-medium":"https:\/\/pornuestrolaredo.com\/wp-content\/uploads\/2023\/01\/Stereo91-20230102-2.jpg"},"magazineBlocksPostAuthor":{"name":"Redactor","avatar":"https:\/\/pornuestrolaredo.com\/wp-content\/litespeed\/avatar\/dca1d7ec750c399f025f23b0b314f4cf.jpg?ver=1777612120"},"magazineBlocksPostCommentsNumber":false,"magazineBlocksPostExcerpt":"Colocan el f\u00e9retro del astro del futbol en el Estadio Vila Belmiro, en la ciudad de Santos","magazineBlocksPostCategories":["Deportes"],"magazineBlocksPostViewCount":140,"magazineBlocksPostReadTime":2,"magazine_blocks_featured_image_url":{"full":["https:\/\/pornuestrolaredo.com\/wp-content\/uploads\/2023\/01\/Stereo91-20230102-2.jpg",1000,667,false],"medium":["https:\/\/pornuestrolaredo.com\/wp-content\/uploads\/2023\/01\/Stereo91-20230102-2-300x200.jpg",300,200,true],"thumbnail":["https:\/\/pornuestrolaredo.com\/wp-content\/uploads\/2023\/01\/Stereo91-20230102-2-150x150.jpg",150,150,true]},"magazine_blocks_author":{"display_name":"Redactor","author_link":"https:\/\/pornuestrolaredo.com\/?author=1"},"magazine_blocks_comment":0,"magazine_blocks_author_image":"https:\/\/pornuestrolaredo.com\/wp-content\/litespeed\/avatar\/dca1d7ec750c399f025f23b0b314f4cf.jpg?ver=1777612120","magazine_blocks_category":"<a href=\"#\" class=\"category-link category-link-10\">Deportes<\/a>","jetpack_publicize_connections":[],"featured_image_urls":{"full":["https:\/\/pornuestrolaredo.com\/wp-content\/uploads\/2023\/01\/Stereo91-20230102-2.jpg",1000,667,false],"thumbnail":["https:\/\/pornuestrolaredo.com\/wp-content\/uploads\/2023\/01\/Stereo91-20230102-2-150x150.jpg",150,150,true],"medium":["https:\/\/pornuestrolaredo.com\/wp-content\/uploads\/2023\/01\/Stereo91-20230102-2-300x200.jpg",300,200,true],"medium_large":["https:\/\/pornuestrolaredo.com\/wp-content\/uploads\/2023\/01\/Stereo91-20230102-2-768x512.jpg",640,427,true],"large":["https:\/\/pornuestrolaredo.com\/wp-content\/uploads\/2023\/01\/Stereo91-20230102-2.jpg",640,427,false],"1536x1536":["https:\/\/pornuestrolaredo.com\/wp-content\/uploads\/2023\/01\/Stereo91-20230102-2.jpg",1000,667,false],"2048x2048":["https:\/\/pornuestrolaredo.com\/wp-content\/uploads\/2023\/01\/Stereo91-20230102-2.jpg",1000,667,false],"morenews-large":["https:\/\/pornuestrolaredo.com\/wp-content\/uploads\/2023\/01\/Stereo91-20230102-2.jpg",825,550,false],"morenews-medium":["https:\/\/pornuestrolaredo.com\/wp-content\/uploads\/2023\/01\/Stereo91-20230102-2.jpg",590,394,false]},"author_info":{"info":["Redactor"]},"category_info":"<a href=\"https:\/\/pornuestrolaredo.com\/?cat=10\" rel=\"category\">Deportes<\/a>","tag_info":"Deportes","comment_count":"0","jetpack_featured_media_url":"https:\/\/pornuestrolaredo.com\/wp-content\/uploads\/2023\/01\/Stereo91-20230102-2.jpg","jetpack_sharing_enabled":true,"_links":{"self":[{"href":"https:\/\/pornuestrolaredo.com\/index.php?rest_route=\/wp\/v2\/posts\/1523","targetHints":{"allow":["GET"]}}],"collection":[{"href":"https:\/\/pornuestrolaredo.com\/index.php?rest_route=\/wp\/v2\/posts"}],"about":[{"href":"https:\/\/pornuestrolaredo.com\/index.php?rest_route=\/wp\/v2\/types\/post"}],"author":[{"embeddable":true,"href":"https:\/\/pornuestrolaredo.com\/index.php?rest_route=\/wp\/v2\/users\/1"}],"replies":[{"embeddable":true,"href":"https:\/\/pornuestrolaredo.com\/index.php?rest_route=%2Fwp%2Fv2%2Fcomments&post=1523"}],"version-history":[{"count":1,"href":"https:\/\/pornuestrolaredo.com\/index.php?rest_route=\/wp\/v2\/posts\/1523\/revisions"}],"predecessor-version":[{"id":1525,"href":"https:\/\/pornuestrolaredo.com\/index.php?rest_route=\/wp\/v2\/posts\/1523\/revisions\/1525"}],"wp:featuredmedia":[{"embeddable":true,"href":"https:\/\/pornuestrolaredo.com\/index.php?rest_route=\/wp\/v2\/media\/1524"}],"wp:attachment":[{"href":"https:\/\/pornuestrolaredo.com\/index.php?rest_route=%2Fwp%2Fv2%2Fmedia&parent=1523"}],"wp:term":[{"taxonomy":"category","embeddable":true,"href":"https:\/\/pornuestrolaredo.com\/index.php?rest_route=%2Fwp%2Fv2%2Fcategories&post=1523"},{"taxonomy":"post_tag","embeddable":true,"href":"https:\/\/pornuestrolaredo.com\/index.php?rest_route=%2Fwp%2Fv2%2Ftags&post=1523"}],"curies":[{"name":"wp","href":"https:\/\/api.w.org\/{rel}","templated":true}]}}