{"id":1529,"date":"2023-01-02T18:33:45","date_gmt":"2023-01-02T18:33:45","guid":{"rendered":"https:\/\/pornuestrolaredo.com\/?p=1529"},"modified":"2023-01-02T18:33:45","modified_gmt":"2023-01-02T18:33:45","slug":"miles-de-fieles-van-a-despedir-a-benedicto-xvi","status":"publish","type":"post","link":"https:\/\/pornuestrolaredo.com\/?p=1529","title":{"rendered":"Miles de fieles van a despedir a Benedicto XVI"},"content":{"rendered":"<p><strong>CIUDAD DEL VATICANO.-<\/strong> Miles de fieles madrugaron este lunes para desfilar ante el cuerpo de Benedicto XVI, en la capilla ardiente instalada en la Bas\u00edlica de San Pedro, en el Vaticano, para despedir al Pont\u00edfice em\u00e9rito, fallecido el s\u00e1bado a los 95 a\u00f1os.<\/p>\n<p>La larga fila llegaba hasta la inmensa Plaza de San Pedro y rodeaba las c\u00e9lebres columnas de la explanada, vigiladas por un importante dispositivo de seguridad y tambi\u00e9n por cientos de periodistas de todo el mundo llegados para cubrir el entierro del Papa.<\/p>\n<blockquote><p>Fue un gran Papa, profundo y \u00fanico&#8221;, asegur\u00f3 la italiana Francesca Gabrielli, quien viaj\u00f3 desde Toscana, para despedir al Pont\u00edfice em\u00e9rito.<\/p><\/blockquote>\n<p>El cuerpo de Joseph Ratzinger yace en un catafalco cubierto por una tela dorada, rodeado por dos guardias suizos vestidos de gala, frente al altar mayor de la Bas\u00edlica.<\/p>\n<p>Varios cardenales y miembros de la Curia romana velan al muerto, mientras el secretario privado por a\u00f1os del Papa Em\u00e9rito, el Obispo Georg G\u00e4nswein, recibe el p\u00e9same de las autoridades.<\/p>\n<p>&#8220;Se\u00f1or, te amo&#8221;, fueron las \u00faltimas palabras pronunciadas en italiano por Benedicto XVI poco antes de fallecer el s\u00e1bado en presencia de una enfermera, seg\u00fan inform\u00f3 el Obispo G\u00e4nswein.<\/p>\n<p>Los fieles entran en silencio por el pasillo central del templo cat\u00f3lico m\u00e1s grande del mundo, la mayor\u00eda fotografiando con sus celulares el cuerpo del ex Papa, quien fue vestido de blanco con una casulla roja, el color del luto papal, con una mitra blanca adornada con un borde dorado y un rosario entrelazado en sus manos. Su rostro resulta casi irreconocible.<\/p>\n<p>Algunos rezan o se hacen la se\u00f1al de la cruz al pasar ante sus restos. Un cirio alto adem\u00e1s de muchas velas iluminan parte del recinto, mientras el olor de incienso perfuma el ambiente. Entre los primeros que llegaron para dar el \u00faltimo adi\u00f3s a Benedicto XVI fueron la Primera Ministra italiana, Giorgia Meloni, y el Presidente de la Rep\u00fablica, Sergio Mattarella.<\/p>\n<p>La gendarmer\u00eda del Vaticano calcula que cerca 40 mil personas han desfilado este lunes ante los despojos del ex Papa.<\/p>\n<p>Los restos del primer Pont\u00edfice alem\u00e1n de la era moderna fueron trasladados en la madrugada desde la peque\u00f1a capilla privada del Monasterio Mater Ecclesiae, donde residi\u00f3 desde su renuncia en 2013, en los jardines del Vaticano, a la Bas\u00edlica en el curso de una ceremonia privada.<\/p>\n<p>Las puertas de la inmensa Bas\u00edlica permanecer\u00e1n abiertas hasta las 19:00 horas, tiempo local, de este lunes.<\/p>\n<p>Ma\u00f1ana y el mi\u00e9rcoles se podr\u00e1 acceder de las 06:00 a las 18:00 horas de manera que los fieles puedan velar a Joseph Ratzinger, el brillante te\u00f3logo y ferviente guardi\u00e1n del dogma, conocido por sus posiciones conservadores, quien renunci\u00f3 a su cargo en 2013 tras ocho a\u00f1os de Pontificado, aduciendo el declive de sus fuerzas.<\/p>\n","protected":false},"excerpt":{"rendered":"<p>El cuerpo de Joseph Ratzinger yace en un catafalco cubierto por una tela dorada, rodeado por dos guardias suizos vestidos de gala<\/p>\n","protected":false},"author":1,"featured_media":1530,"comment_status":"closed","ping_status":"closed","sticky":false,"template":"","format":"standard","meta":{"_crdt_document":"","_jetpack_memberships_contains_paid_content":false,"footnotes":"","jetpack_publicize_message":"","jetpack_publicize_feature_enabled":true,"jetpack_social_post_already_shared":true,"jetpack_social_options":{"image_generator_settings":{"template":"highway","default_image_id":0,"font":"","enabled":false},"version":2},"_wpas_customize_per_network":false},"categories":[9],"tags":[],"class_list":["post-1529","post","type-post","status-publish","format-standard","has-post-thumbnail","hentry","category-el-mundo"],"magazineBlocksPostFeaturedMedia":{"thumbnail":"https:\/\/pornuestrolaredo.com\/wp-content\/uploads\/2023\/01\/Stereo91-20230102-3-150x150.jpg","medium":"https:\/\/pornuestrolaredo.com\/wp-content\/uploads\/2023\/01\/Stereo91-20230102-3-300x200.jpg","medium_large":"https:\/\/pornuestrolaredo.com\/wp-content\/uploads\/2023\/01\/Stereo91-20230102-3-768x512.jpg","large":"https:\/\/pornuestrolaredo.com\/wp-content\/uploads\/2023\/01\/Stereo91-20230102-3.jpg","1536x1536":"https:\/\/pornuestrolaredo.com\/wp-content\/uploads\/2023\/01\/Stereo91-20230102-3.jpg","2048x2048":"https:\/\/pornuestrolaredo.com\/wp-content\/uploads\/2023\/01\/Stereo91-20230102-3.jpg","morenews-large":"https:\/\/pornuestrolaredo.com\/wp-content\/uploads\/2023\/01\/Stereo91-20230102-3.jpg","morenews-medium":"https:\/\/pornuestrolaredo.com\/wp-content\/uploads\/2023\/01\/Stereo91-20230102-3.jpg"},"magazineBlocksPostAuthor":{"name":"Redactor","avatar":"https:\/\/pornuestrolaredo.com\/wp-content\/litespeed\/avatar\/dca1d7ec750c399f025f23b0b314f4cf.jpg?ver=1777612120"},"magazineBlocksPostCommentsNumber":false,"magazineBlocksPostExcerpt":"El cuerpo de Joseph Ratzinger yace en un catafalco cubierto por una tela dorada, rodeado por dos guardias suizos vestidos de gala","magazineBlocksPostCategories":["El Mundo"],"magazineBlocksPostViewCount":134,"magazineBlocksPostReadTime":3,"magazine_blocks_featured_image_url":{"full":["https:\/\/pornuestrolaredo.com\/wp-content\/uploads\/2023\/01\/Stereo91-20230102-3.jpg",960,640,false],"medium":["https:\/\/pornuestrolaredo.com\/wp-content\/uploads\/2023\/01\/Stereo91-20230102-3-300x200.jpg",300,200,true],"thumbnail":["https:\/\/pornuestrolaredo.com\/wp-content\/uploads\/2023\/01\/Stereo91-20230102-3-150x150.jpg",150,150,true]},"magazine_blocks_author":{"display_name":"Redactor","author_link":"https:\/\/pornuestrolaredo.com\/?author=1"},"magazine_blocks_comment":0,"magazine_blocks_author_image":"https:\/\/pornuestrolaredo.com\/wp-content\/litespeed\/avatar\/dca1d7ec750c399f025f23b0b314f4cf.jpg?ver=1777612120","magazine_blocks_category":"<a href=\"#\" class=\"category-link category-link-9\">El Mundo<\/a>","jetpack_publicize_connections":[],"featured_image_urls":{"full":["https:\/\/pornuestrolaredo.com\/wp-content\/uploads\/2023\/01\/Stereo91-20230102-3.jpg",960,640,false],"thumbnail":["https:\/\/pornuestrolaredo.com\/wp-content\/uploads\/2023\/01\/Stereo91-20230102-3-150x150.jpg",150,150,true],"medium":["https:\/\/pornuestrolaredo.com\/wp-content\/uploads\/2023\/01\/Stereo91-20230102-3-300x200.jpg",300,200,true],"medium_large":["https:\/\/pornuestrolaredo.com\/wp-content\/uploads\/2023\/01\/Stereo91-20230102-3-768x512.jpg",640,427,true],"large":["https:\/\/pornuestrolaredo.com\/wp-content\/uploads\/2023\/01\/Stereo91-20230102-3.jpg",640,427,false],"1536x1536":["https:\/\/pornuestrolaredo.com\/wp-content\/uploads\/2023\/01\/Stereo91-20230102-3.jpg",960,640,false],"2048x2048":["https:\/\/pornuestrolaredo.com\/wp-content\/uploads\/2023\/01\/Stereo91-20230102-3.jpg",960,640,false],"morenews-large":["https:\/\/pornuestrolaredo.com\/wp-content\/uploads\/2023\/01\/Stereo91-20230102-3.jpg",825,550,false],"morenews-medium":["https:\/\/pornuestrolaredo.com\/wp-content\/uploads\/2023\/01\/Stereo91-20230102-3.jpg",590,393,false]},"author_info":{"info":["Redactor"]},"category_info":"<a href=\"https:\/\/pornuestrolaredo.com\/?cat=9\" rel=\"category\">El Mundo<\/a>","tag_info":"El Mundo","comment_count":"0","jetpack_featured_media_url":"https:\/\/pornuestrolaredo.com\/wp-content\/uploads\/2023\/01\/Stereo91-20230102-3.jpg","jetpack_sharing_enabled":true,"_links":{"self":[{"href":"https:\/\/pornuestrolaredo.com\/index.php?rest_route=\/wp\/v2\/posts\/1529","targetHints":{"allow":["GET"]}}],"collection":[{"href":"https:\/\/pornuestrolaredo.com\/index.php?rest_route=\/wp\/v2\/posts"}],"about":[{"href":"https:\/\/pornuestrolaredo.com\/index.php?rest_route=\/wp\/v2\/types\/post"}],"author":[{"embeddable":true,"href":"https:\/\/pornuestrolaredo.com\/index.php?rest_route=\/wp\/v2\/users\/1"}],"replies":[{"embeddable":true,"href":"https:\/\/pornuestrolaredo.com\/index.php?rest_route=%2Fwp%2Fv2%2Fcomments&post=1529"}],"version-history":[{"count":1,"href":"https:\/\/pornuestrolaredo.com\/index.php?rest_route=\/wp\/v2\/posts\/1529\/revisions"}],"predecessor-version":[{"id":1531,"href":"https:\/\/pornuestrolaredo.com\/index.php?rest_route=\/wp\/v2\/posts\/1529\/revisions\/1531"}],"wp:featuredmedia":[{"embeddable":true,"href":"https:\/\/pornuestrolaredo.com\/index.php?rest_route=\/wp\/v2\/media\/1530"}],"wp:attachment":[{"href":"https:\/\/pornuestrolaredo.com\/index.php?rest_route=%2Fwp%2Fv2%2Fmedia&parent=1529"}],"wp:term":[{"taxonomy":"category","embeddable":true,"href":"https:\/\/pornuestrolaredo.com\/index.php?rest_route=%2Fwp%2Fv2%2Fcategories&post=1529"},{"taxonomy":"post_tag","embeddable":true,"href":"https:\/\/pornuestrolaredo.com\/index.php?rest_route=%2Fwp%2Fv2%2Ftags&post=1529"}],"curies":[{"name":"wp","href":"https:\/\/api.w.org\/{rel}","templated":true}]}}