{"id":1539,"date":"2023-01-02T20:19:43","date_gmt":"2023-01-02T20:19:43","guid":{"rendered":"https:\/\/pornuestrolaredo.com\/?p=1539"},"modified":"2023-01-02T20:19:43","modified_gmt":"2023-01-02T20:19:43","slug":"arranca-el-miercoles-pago-a-los-abuelitos","status":"publish","type":"post","link":"https:\/\/pornuestrolaredo.com\/?p=1539","title":{"rendered":"Arranca el mi\u00e9rcoles pago a los abuelitos"},"content":{"rendered":"<p><strong>CIUDAD DE M\u00c9XICO.-<\/strong> La secretaria del Bienestar, Ariadna Montiel report\u00f3 que a partir del mi\u00e9rcoles 4 de enero de este a\u00f1o comenzar\u00e1n a dispersarse los fondos de las pensiones para las personas de la tercera edad.<\/p>\n<p>La entrega de los recursos se llevar\u00e1 a cabo por orden alfab\u00e9tico de acuerdo a la primera letra del primer apellido de los beneficiados con el prop\u00f3sito de que las sucursales bancarias privadas y del Bienestar no se saturen.<\/p>\n<p>Desde la ma\u00f1anera en palacio nacional, Montiel Reyes aclar\u00f3 que desde este mes de enero, 11 millones 56 mil 534 personas mayores de 65 a\u00f1os recibir\u00e1n el apoyo por lo que la inversi\u00f3n social que se dedicar\u00e1 a este sector de la poblaci\u00f3n ascender\u00e1 a 339 mil 341 mil millones de pesos de pesos en todos el 2023.<\/p>\n<p>Las personas de 65 a\u00f1os y m\u00e1s podr\u00e1n acudir desde este mi\u00e9rcoles 4 de enero a las sucursales bancarias en el pa\u00eds si su primer apellido comienza con las letras: a, b\u00a0 y\u00a0 c.\u00a0\u00a0\u00a0\u00a0<\/p>\n<p>Para el jueves 5 de enero la dispersi\u00f3n de los recursos corresponder\u00e1 a las letras: d, e, f, g y h.<\/p>\n<p>El d\u00eda viernes 6 de enero corresponder\u00e1 a las letras: i, j, k, l y m.<\/p>\n<p>En cuanto a las letras n, \u00f1, m, o, p, q\u00a0 podr\u00e1n presentarse a los bancos el d\u00eda 9 de enero. Para el martes 10 de enero\u00a0 ser\u00e1n atendidos los apellidos con letras s, t, u, v, w, x, y, z, indic\u00f3 la funcionaria.<\/p>\n","protected":false},"excerpt":{"rendered":"<p>Este 4 de enero se pagar\u00e1n las pensiones a los adultos mayores con apellidos que comiencen en a, b y c y el resto, en los siguientes d\u00edas<\/p>\n","protected":false},"author":1,"featured_media":1540,"comment_status":"closed","ping_status":"closed","sticky":false,"template":"","format":"standard","meta":{"_crdt_document":"","_jetpack_memberships_contains_paid_content":false,"footnotes":"","jetpack_publicize_message":"","jetpack_publicize_feature_enabled":true,"jetpack_social_post_already_shared":true,"jetpack_social_options":{"image_generator_settings":{"template":"highway","default_image_id":0,"font":"","enabled":false},"version":2},"_wpas_customize_per_network":false},"categories":[33],"tags":[],"class_list":["post-1539","post","type-post","status-publish","format-standard","has-post-thumbnail","hentry","category-mexico"],"magazineBlocksPostFeaturedMedia":{"thumbnail":"https:\/\/pornuestrolaredo.com\/wp-content\/uploads\/2023\/01\/Stereo91-20230102-5-150x150.jpg","medium":"https:\/\/pornuestrolaredo.com\/wp-content\/uploads\/2023\/01\/Stereo91-20230102-5-300x171.jpg","medium_large":"https:\/\/pornuestrolaredo.com\/wp-content\/uploads\/2023\/01\/Stereo91-20230102-5-768x437.jpg","large":"https:\/\/pornuestrolaredo.com\/wp-content\/uploads\/2023\/01\/Stereo91-20230102-5.jpg","1536x1536":"https:\/\/pornuestrolaredo.com\/wp-content\/uploads\/2023\/01\/Stereo91-20230102-5.jpg","2048x2048":"https:\/\/pornuestrolaredo.com\/wp-content\/uploads\/2023\/01\/Stereo91-20230102-5.jpg","morenews-large":"https:\/\/pornuestrolaredo.com\/wp-content\/uploads\/2023\/01\/Stereo91-20230102-5.jpg","morenews-medium":"https:\/\/pornuestrolaredo.com\/wp-content\/uploads\/2023\/01\/Stereo91-20230102-5.jpg"},"magazineBlocksPostAuthor":{"name":"Redactor","avatar":"https:\/\/pornuestrolaredo.com\/wp-content\/litespeed\/avatar\/dca1d7ec750c399f025f23b0b314f4cf.jpg?ver=1777612120"},"magazineBlocksPostCommentsNumber":false,"magazineBlocksPostExcerpt":"Este 4 de enero se pagar\u00e1n las pensiones a los adultos mayores con apellidos que comiencen en a, b y c y el resto, en los siguientes d\u00edas","magazineBlocksPostCategories":["Mexico"],"magazineBlocksPostViewCount":117,"magazineBlocksPostReadTime":2,"magazine_blocks_featured_image_url":{"full":["https:\/\/pornuestrolaredo.com\/wp-content\/uploads\/2023\/01\/Stereo91-20230102-5.jpg",800,455,false],"medium":["https:\/\/pornuestrolaredo.com\/wp-content\/uploads\/2023\/01\/Stereo91-20230102-5-300x171.jpg",300,171,true],"thumbnail":["https:\/\/pornuestrolaredo.com\/wp-content\/uploads\/2023\/01\/Stereo91-20230102-5-150x150.jpg",150,150,true]},"magazine_blocks_author":{"display_name":"Redactor","author_link":"https:\/\/pornuestrolaredo.com\/?author=1"},"magazine_blocks_comment":0,"magazine_blocks_author_image":"https:\/\/pornuestrolaredo.com\/wp-content\/litespeed\/avatar\/dca1d7ec750c399f025f23b0b314f4cf.jpg?ver=1777612120","magazine_blocks_category":"<a href=\"#\" class=\"category-link category-link-33\">Mexico<\/a>","jetpack_publicize_connections":[],"featured_image_urls":{"full":["https:\/\/pornuestrolaredo.com\/wp-content\/uploads\/2023\/01\/Stereo91-20230102-5.jpg",800,455,false],"thumbnail":["https:\/\/pornuestrolaredo.com\/wp-content\/uploads\/2023\/01\/Stereo91-20230102-5-150x150.jpg",150,150,true],"medium":["https:\/\/pornuestrolaredo.com\/wp-content\/uploads\/2023\/01\/Stereo91-20230102-5-300x171.jpg",300,171,true],"medium_large":["https:\/\/pornuestrolaredo.com\/wp-content\/uploads\/2023\/01\/Stereo91-20230102-5-768x437.jpg",640,364,true],"large":["https:\/\/pornuestrolaredo.com\/wp-content\/uploads\/2023\/01\/Stereo91-20230102-5.jpg",640,364,false],"1536x1536":["https:\/\/pornuestrolaredo.com\/wp-content\/uploads\/2023\/01\/Stereo91-20230102-5.jpg",800,455,false],"2048x2048":["https:\/\/pornuestrolaredo.com\/wp-content\/uploads\/2023\/01\/Stereo91-20230102-5.jpg",800,455,false],"morenews-large":["https:\/\/pornuestrolaredo.com\/wp-content\/uploads\/2023\/01\/Stereo91-20230102-5.jpg",800,455,false],"morenews-medium":["https:\/\/pornuestrolaredo.com\/wp-content\/uploads\/2023\/01\/Stereo91-20230102-5.jpg",590,336,false]},"author_info":{"info":["Redactor"]},"category_info":"<a href=\"https:\/\/pornuestrolaredo.com\/?cat=33\" rel=\"category\">Mexico<\/a>","tag_info":"Mexico","comment_count":"0","jetpack_featured_media_url":"https:\/\/pornuestrolaredo.com\/wp-content\/uploads\/2023\/01\/Stereo91-20230102-5.jpg","jetpack_sharing_enabled":true,"_links":{"self":[{"href":"https:\/\/pornuestrolaredo.com\/index.php?rest_route=\/wp\/v2\/posts\/1539","targetHints":{"allow":["GET"]}}],"collection":[{"href":"https:\/\/pornuestrolaredo.com\/index.php?rest_route=\/wp\/v2\/posts"}],"about":[{"href":"https:\/\/pornuestrolaredo.com\/index.php?rest_route=\/wp\/v2\/types\/post"}],"author":[{"embeddable":true,"href":"https:\/\/pornuestrolaredo.com\/index.php?rest_route=\/wp\/v2\/users\/1"}],"replies":[{"embeddable":true,"href":"https:\/\/pornuestrolaredo.com\/index.php?rest_route=%2Fwp%2Fv2%2Fcomments&post=1539"}],"version-history":[{"count":1,"href":"https:\/\/pornuestrolaredo.com\/index.php?rest_route=\/wp\/v2\/posts\/1539\/revisions"}],"predecessor-version":[{"id":1541,"href":"https:\/\/pornuestrolaredo.com\/index.php?rest_route=\/wp\/v2\/posts\/1539\/revisions\/1541"}],"wp:featuredmedia":[{"embeddable":true,"href":"https:\/\/pornuestrolaredo.com\/index.php?rest_route=\/wp\/v2\/media\/1540"}],"wp:attachment":[{"href":"https:\/\/pornuestrolaredo.com\/index.php?rest_route=%2Fwp%2Fv2%2Fmedia&parent=1539"}],"wp:term":[{"taxonomy":"category","embeddable":true,"href":"https:\/\/pornuestrolaredo.com\/index.php?rest_route=%2Fwp%2Fv2%2Fcategories&post=1539"},{"taxonomy":"post_tag","embeddable":true,"href":"https:\/\/pornuestrolaredo.com\/index.php?rest_route=%2Fwp%2Fv2%2Ftags&post=1539"}],"curies":[{"name":"wp","href":"https:\/\/api.w.org\/{rel}","templated":true}]}}