{"id":1553,"date":"2023-01-05T20:17:37","date_gmt":"2023-01-05T20:17:37","guid":{"rendered":"https:\/\/pornuestrolaredo.com\/?p=1553"},"modified":"2023-01-05T20:17:37","modified_gmt":"2023-01-05T20:17:37","slug":"biden-visitara-la-frontera-mexico-eu","status":"publish","type":"post","link":"https:\/\/pornuestrolaredo.com\/?p=1553","title":{"rendered":"Biden visitar\u00e1 la frontera M\u00e9xico-EU"},"content":{"rendered":"<p><strong>HEBRON, Kentucky.-<\/strong> El presidente estadounidense, Joe Biden, anunci\u00f3 la noche del mi\u00e9rcoles que planea visitar la frontera entre Estados Unidos y M\u00e9xico antes de la cumbre programada para la pr\u00f3xima semana en la capital mexicana con los mandatarios de M\u00e9xico y Canad\u00e1. Ser\u00eda su primera visita a la frontera desde que asumi\u00f3 el cargo.<\/p>\n<blockquote><p>Esa es mi intenci\u00f3n, ahora estamos trabajando en los detalles\u201d, manifest\u00f3 Biden a los periodistas durante un viaje a Kentucky.<\/p><\/blockquote>\n<p>A su regreso a la Casa Blanca, Biden dijo que esperaba ver \u201clo que est\u00e1 pasando\u201d en la frontera y que tambi\u00e9n ten\u00eda previsto hacer declaraciones sobre la seguridad fronteriza el jueves.<\/p>\n<p>La frontera sur de Estados Unidos ha registrado un aumento masivo de migrantes, incluso a pesar de que Estados Unidos mantuvo en vigor una ley de salud p\u00fablica que permite a las autoridades estadounidenses rechazar a muchas personas que buscan asilo en la naci\u00f3n. Los l\u00edderes republicanos han criticado al presidente por pol\u00edticas que, seg\u00fan dicen, son ineficaces en materia de seguridad fronteriza y han cuestionado por qu\u00e9 no ha viajado all\u00ed todav\u00eda.<\/p>\n<p>La mayor atenci\u00f3n de Biden a la frontera tambi\u00e9n se produce cuando el presidente se prepara para buscar la reelecci\u00f3n en 2024. Su \u00fanico rival potencial declarado, Donald Trump, lleg\u00f3 a lo m\u00e1s alto de las filas del Partido Republicano animando a la base de su partido con sus posturas de l\u00ednea dura sobre la inmigraci\u00f3n.<\/p>\n<p>Pero hubo algunos elogios el mi\u00e9rcoles tras conocerse la noticia.<\/p>\n<blockquote><p>Me alegro de que el presidente Biden visite por fin nuestra frontera sur, la cual ha sido completamente entregada a los c\u00e1rteles, contrabandistas y traficantes de personas\u201d, tuite\u00f3 el senador republicano Lindsey Graham, uno de los m\u00e1s cr\u00edticos en el tema.<\/p><\/blockquote>\n<p>Entre las quejas de los republicanos sobre la seguridad fronteriza est\u00e1 la cantidad de fentanilo que entra en Estados Unidos a trav\u00e9s de M\u00e9xico. Seg\u00fan un informe de 2022 de una comisi\u00f3n federal bipartidista, el fentanilo y otras drogas similares se fabrican principalmente en laboratorios de M\u00e9xico a partir de productos qu\u00edmicos procedentes sobre todo de China.<\/p>\n<p>El fentanilo y otros opi\u00e1ceos sint\u00e9ticos producidos en laboratorios est\u00e1n provocando una crisis de sobredosis m\u00e1s mort\u00edfera que cualquier otra que se haya vivido en Estados Unidos. Pero los expertos y defensores del control de drogas afirman que una pol\u00edtica antidrogas basada en una mayor seguridad fronteriza es peligrosa y probablemente in\u00fatil. Es demasiado f\u00e1cil moverla en cantidades peque\u00f1as y dif\u00edciles de detectar.<\/p>\n<p>El narcotr\u00e1fico y la inmigraci\u00f3n ser\u00e1n dos de los principales temas en la cumbre del lunes y martes, cuando Biden y el primer ministro canadiense Justin Trudeau sean recibidos por el presidente mexicano Andr\u00e9s Manuel L\u00f3pez Obrador.<\/p>\n<p>Al inicio de su presidencia, Biden puso a la vicepresidenta Kamala Harris a cargo de la estrategia de la Casa Blanca para enfrentar el desaf\u00edo migratorio en la frontera y de trabajar con las naciones centroamericanas para abordar las causas centrales del problema. <\/p>\n<p>La vicepresidenta visit\u00f3 El Paso, Texas, en junio de 2021 y fue criticada por elegir un lugar demasiado alejado del epicentro de los cruces fronterizos, que suponen una carga para los recursos federales. <\/p>\n<p>El n\u00famero de migrantes que cruzan la frontera ha seguido en aumento. La Corte Suprema de Estados Unidos ha dejado en vigor, al menos por ahora, las restricciones al asilo implementadas durante la presidencia de Donald Trump, conocidas como T\u00edtulo 42 en referencia a una ley de salud p\u00fablica de 1944. <\/p>\n<p>Luego de que Biden se aprest\u00f3 a ponerles fin, los republicanos entablaron una demanda para mantenerlas. El T\u00edtulo 42 fue implementado para evitar la propagaci\u00f3n del Covid-19, pero ha habido cr\u00edticas de que las restricciones fueron utilizadas como pretexto por el gobierno de Trump para impedir el paso de los migrantes.<\/p>\n","protected":false},"excerpt":{"rendered":"<p>Anuncia que lo har\u00e1 antes de la pr\u00f3xima semana, cuando se re\u00fana con L\u00f3pez Obrador y Trudeau en Ciudad de M\u00e9xico<\/p>\n","protected":false},"author":1,"featured_media":1555,"comment_status":"closed","ping_status":"closed","sticky":false,"template":"","format":"standard","meta":{"_crdt_document":"","_jetpack_memberships_contains_paid_content":false,"footnotes":"","jetpack_publicize_message":"","jetpack_publicize_feature_enabled":true,"jetpack_social_post_already_shared":true,"jetpack_social_options":{"image_generator_settings":{"template":"highway","default_image_id":0,"font":"","enabled":false},"version":2},"_wpas_customize_per_network":false},"categories":[9],"tags":[],"class_list":["post-1553","post","type-post","status-publish","format-standard","has-post-thumbnail","hentry","category-el-mundo"],"magazineBlocksPostFeaturedMedia":{"thumbnail":"https:\/\/pornuestrolaredo.com\/wp-content\/uploads\/2023\/01\/PNL-20230105-2-150x150.jpg","medium":"https:\/\/pornuestrolaredo.com\/wp-content\/uploads\/2023\/01\/PNL-20230105-2-300x168.jpg","medium_large":"https:\/\/pornuestrolaredo.com\/wp-content\/uploads\/2023\/01\/PNL-20230105-2-768x431.jpg","large":"https:\/\/pornuestrolaredo.com\/wp-content\/uploads\/2023\/01\/PNL-20230105-2.jpg","1536x1536":"https:\/\/pornuestrolaredo.com\/wp-content\/uploads\/2023\/01\/PNL-20230105-2.jpg","2048x2048":"https:\/\/pornuestrolaredo.com\/wp-content\/uploads\/2023\/01\/PNL-20230105-2.jpg","morenews-large":"https:\/\/pornuestrolaredo.com\/wp-content\/uploads\/2023\/01\/PNL-20230105-2.jpg","morenews-medium":"https:\/\/pornuestrolaredo.com\/wp-content\/uploads\/2023\/01\/PNL-20230105-2.jpg"},"magazineBlocksPostAuthor":{"name":"Redactor","avatar":"https:\/\/pornuestrolaredo.com\/wp-content\/litespeed\/avatar\/dca1d7ec750c399f025f23b0b314f4cf.jpg?ver=1777612120"},"magazineBlocksPostCommentsNumber":false,"magazineBlocksPostExcerpt":"Anuncia que lo har\u00e1 antes de la pr\u00f3xima semana, cuando se re\u00fana con L\u00f3pez Obrador y Trudeau en Ciudad de M\u00e9xico","magazineBlocksPostCategories":["El Mundo"],"magazineBlocksPostViewCount":128,"magazineBlocksPostReadTime":4,"magazine_blocks_featured_image_url":{"full":["https:\/\/pornuestrolaredo.com\/wp-content\/uploads\/2023\/01\/PNL-20230105-2.jpg",1000,561,false],"medium":["https:\/\/pornuestrolaredo.com\/wp-content\/uploads\/2023\/01\/PNL-20230105-2-300x168.jpg",300,168,true],"thumbnail":["https:\/\/pornuestrolaredo.com\/wp-content\/uploads\/2023\/01\/PNL-20230105-2-150x150.jpg",150,150,true]},"magazine_blocks_author":{"display_name":"Redactor","author_link":"https:\/\/pornuestrolaredo.com\/?author=1"},"magazine_blocks_comment":0,"magazine_blocks_author_image":"https:\/\/pornuestrolaredo.com\/wp-content\/litespeed\/avatar\/dca1d7ec750c399f025f23b0b314f4cf.jpg?ver=1777612120","magazine_blocks_category":"<a href=\"#\" class=\"category-link category-link-9\">El Mundo<\/a>","jetpack_publicize_connections":[],"featured_image_urls":{"full":["https:\/\/pornuestrolaredo.com\/wp-content\/uploads\/2023\/01\/PNL-20230105-2.jpg",1000,561,false],"thumbnail":["https:\/\/pornuestrolaredo.com\/wp-content\/uploads\/2023\/01\/PNL-20230105-2-150x150.jpg",150,150,true],"medium":["https:\/\/pornuestrolaredo.com\/wp-content\/uploads\/2023\/01\/PNL-20230105-2-300x168.jpg",300,168,true],"medium_large":["https:\/\/pornuestrolaredo.com\/wp-content\/uploads\/2023\/01\/PNL-20230105-2-768x431.jpg",640,359,true],"large":["https:\/\/pornuestrolaredo.com\/wp-content\/uploads\/2023\/01\/PNL-20230105-2.jpg",640,359,false],"1536x1536":["https:\/\/pornuestrolaredo.com\/wp-content\/uploads\/2023\/01\/PNL-20230105-2.jpg",1000,561,false],"2048x2048":["https:\/\/pornuestrolaredo.com\/wp-content\/uploads\/2023\/01\/PNL-20230105-2.jpg",1000,561,false],"morenews-large":["https:\/\/pornuestrolaredo.com\/wp-content\/uploads\/2023\/01\/PNL-20230105-2.jpg",825,463,false],"morenews-medium":["https:\/\/pornuestrolaredo.com\/wp-content\/uploads\/2023\/01\/PNL-20230105-2.jpg",590,331,false]},"author_info":{"info":["Redactor"]},"category_info":"<a href=\"https:\/\/pornuestrolaredo.com\/?cat=9\" rel=\"category\">El Mundo<\/a>","tag_info":"El Mundo","comment_count":"0","jetpack_featured_media_url":"https:\/\/pornuestrolaredo.com\/wp-content\/uploads\/2023\/01\/PNL-20230105-2.jpg","jetpack_sharing_enabled":true,"_links":{"self":[{"href":"https:\/\/pornuestrolaredo.com\/index.php?rest_route=\/wp\/v2\/posts\/1553","targetHints":{"allow":["GET"]}}],"collection":[{"href":"https:\/\/pornuestrolaredo.com\/index.php?rest_route=\/wp\/v2\/posts"}],"about":[{"href":"https:\/\/pornuestrolaredo.com\/index.php?rest_route=\/wp\/v2\/types\/post"}],"author":[{"embeddable":true,"href":"https:\/\/pornuestrolaredo.com\/index.php?rest_route=\/wp\/v2\/users\/1"}],"replies":[{"embeddable":true,"href":"https:\/\/pornuestrolaredo.com\/index.php?rest_route=%2Fwp%2Fv2%2Fcomments&post=1553"}],"version-history":[{"count":2,"href":"https:\/\/pornuestrolaredo.com\/index.php?rest_route=\/wp\/v2\/posts\/1553\/revisions"}],"predecessor-version":[{"id":1556,"href":"https:\/\/pornuestrolaredo.com\/index.php?rest_route=\/wp\/v2\/posts\/1553\/revisions\/1556"}],"wp:featuredmedia":[{"embeddable":true,"href":"https:\/\/pornuestrolaredo.com\/index.php?rest_route=\/wp\/v2\/media\/1555"}],"wp:attachment":[{"href":"https:\/\/pornuestrolaredo.com\/index.php?rest_route=%2Fwp%2Fv2%2Fmedia&parent=1553"}],"wp:term":[{"taxonomy":"category","embeddable":true,"href":"https:\/\/pornuestrolaredo.com\/index.php?rest_route=%2Fwp%2Fv2%2Fcategories&post=1553"},{"taxonomy":"post_tag","embeddable":true,"href":"https:\/\/pornuestrolaredo.com\/index.php?rest_route=%2Fwp%2Fv2%2Ftags&post=1553"}],"curies":[{"name":"wp","href":"https:\/\/api.w.org\/{rel}","templated":true}]}}