{"id":1563,"date":"2023-01-06T06:57:43","date_gmt":"2023-01-06T06:57:43","guid":{"rendered":"https:\/\/pornuestrolaredo.com\/?p=1563"},"modified":"2023-01-06T06:57:43","modified_gmt":"2023-01-06T06:57:43","slug":"endurece-biden-politica-de-inmigracion","status":"publish","type":"post","link":"https:\/\/pornuestrolaredo.com\/?p=1563","title":{"rendered":"Endurece Biden pol\u00edtica de inmigraci\u00f3n"},"content":{"rendered":"<p><strong>WASHINGTON.- <\/strong>El presidente Joe Biden anunci\u00f3 el jueves que Estados Unidos comenzar\u00e1 a rechazar inmediatamente a los cubanos, haitianos y nicarag\u00fcenses que crucen ilegalmente la frontera desde M\u00e9xico, su medida m\u00e1s en\u00e9rgica hasta la fecha para hacer frente al arribo de migrantes, que se ha incrementado enormemente desde que asumi\u00f3 el puesto hace dos a\u00f1os.<\/p>\n<p>Las nuevas reglas ampl\u00edan un plan ya existente para evitar que los venezolanos intenten ingresar a Estados Unidos, el cual comenz\u00f3 en octubre y provoc\u00f3 una dr\u00e1stica ca\u00edda en el n\u00famero de venezolanos que llegan a la frontera sur. Juntas, representan un cambio importante en las reglas de inmigraci\u00f3n que se mantendr\u00e1n incluso si la Corte Suprema pone fin al llamado T\u00edtulo 42, una ley aplicada durante el gobierno del expresidente Donald Trump que permite a las autoridades estadounidenses expulsar de forma expedita a los solicitantes de asilo.<\/p>\n<blockquote><p>No, no se presenten simplemente en la frontera\u201d, declar\u00f3 Biden al anunciar los cambios, aunque tambi\u00e9n reconoci\u00f3 las penurias que orillan a las familias a hacer el peligroso viaje hacia el norte.<\/p><\/blockquote>\n<blockquote><p>Qu\u00e9dense donde est\u00e1n y hagan la solicitud legalmente desde all\u00ed\u201d, aconsej\u00f3.<\/p><\/blockquote>\n<p>Biden hizo el anuncio d\u00edas antes del viaje que tiene planeado el domingo a El Paso, Texas, su primera visita a la frontera sur como presidente. De all\u00ed viajar\u00e1 a la Ciudad de M\u00e9xico para reunirse con los mandatarios de M\u00e9xico y Canad\u00e1 el lunes y el martes.<\/p>\n<p>Funcionarios del Departamento de Seguridad Nacional dijeron que comenzar\u00edan a negar el asilo a quienes eludan las v\u00edas legales y que no soliciten asilo primero en el pa\u00eds por el que viajaron rumbo a Estados Unidos.<\/p>\n<p>Al mismo tiempo, el gobierno anunci\u00f3 que aceptar\u00e1 al mes a 30 mil personas de las cuatro naciones durante dos a\u00f1os y que les ofrecer\u00e1 la posibilidad de trabajar legalmente, siempre y cuando procedan de forma legal, tengan patrocinadores que re\u00fanan ciertos requisitos y aprueben las verificaciones de antecedentes. Los cruces fronterizos de migrantes de esas cuatro naciones son los que se han elevado m\u00e1s agudamente, sin que exista una forma f\u00e1cil de devolverlos r\u00e1pidamente a sus pa\u00edses de origen.<\/p>\n<blockquote><p>Este nuevo proceso es ordenado\u201d, declar\u00f3 Biden. \u201cEs seguro y humano, y funciona\u201d.<\/p><\/blockquote>\n<p>La medida, aunque ya se esperaba, gener\u00f3 r\u00e1pidamente cr\u00edticas de los defensores de los migrantes y del derecho al asilo, quienes han tenido una relaci\u00f3n dif\u00edcil con el presidente. <\/p>\n<blockquote><p>Hoy el presidente Biden reconoci\u00f3 correctamente que buscar obtener asilo es un derecho legal y habl\u00f3 con empat\u00eda sobre las personas que huyen de la persecuci\u00f3n\u201d, declar\u00f3 Jonathan Blazer, director de estrategias fronterizas de la Uni\u00f3n Americana de Libertades Civiles (ACLU, por sus siglas en ingl\u00e9s). \u201cPero el plan que anunci\u00f3 vincula a\u00fan m\u00e1s a su gobierno con las venenosas pol\u00edticas antiinmigrantes de la era de Trump, en lugar de restaurar el acceso justo a las protecciones del asilo\u201d.<\/p><\/blockquote>\n","protected":false},"excerpt":{"rendered":"<p>Los migrantes deber\u00e1n hacer su solicitud de asilo desde su pa\u00eds de origen y quienes intenten ingresar desde M\u00e9xico ser\u00e1n expulsados de inmediato<\/p>\n","protected":false},"author":1,"featured_media":1564,"comment_status":"closed","ping_status":"closed","sticky":false,"template":"","format":"standard","meta":{"_crdt_document":"","_jetpack_memberships_contains_paid_content":false,"footnotes":"","jetpack_publicize_message":"","jetpack_publicize_feature_enabled":true,"jetpack_social_post_already_shared":true,"jetpack_social_options":{"image_generator_settings":{"template":"highway","default_image_id":0,"font":"","enabled":false},"version":2},"_wpas_customize_per_network":false},"categories":[9],"tags":[],"class_list":["post-1563","post","type-post","status-publish","format-standard","has-post-thumbnail","hentry","category-el-mundo"],"magazineBlocksPostFeaturedMedia":{"thumbnail":"https:\/\/pornuestrolaredo.com\/wp-content\/uploads\/2023\/01\/Stereo91-20230105-7-150x150.jpeg","medium":"https:\/\/pornuestrolaredo.com\/wp-content\/uploads\/2023\/01\/Stereo91-20230105-7-300x170.jpeg","medium_large":"https:\/\/pornuestrolaredo.com\/wp-content\/uploads\/2023\/01\/Stereo91-20230105-7-768x434.jpeg","large":"https:\/\/pornuestrolaredo.com\/wp-content\/uploads\/2023\/01\/Stereo91-20230105-7.jpeg","1536x1536":"https:\/\/pornuestrolaredo.com\/wp-content\/uploads\/2023\/01\/Stereo91-20230105-7.jpeg","2048x2048":"https:\/\/pornuestrolaredo.com\/wp-content\/uploads\/2023\/01\/Stereo91-20230105-7.jpeg","morenews-large":"https:\/\/pornuestrolaredo.com\/wp-content\/uploads\/2023\/01\/Stereo91-20230105-7.jpeg","morenews-medium":"https:\/\/pornuestrolaredo.com\/wp-content\/uploads\/2023\/01\/Stereo91-20230105-7.jpeg"},"magazineBlocksPostAuthor":{"name":"Redactor","avatar":"https:\/\/pornuestrolaredo.com\/wp-content\/litespeed\/avatar\/dca1d7ec750c399f025f23b0b314f4cf.jpg?ver=1777612120"},"magazineBlocksPostCommentsNumber":false,"magazineBlocksPostExcerpt":"Los migrantes deber\u00e1n hacer su solicitud de asilo desde su pa\u00eds de origen y quienes intenten ingresar desde M\u00e9xico ser\u00e1n expulsados de inmediato","magazineBlocksPostCategories":["El Mundo"],"magazineBlocksPostViewCount":130,"magazineBlocksPostReadTime":3,"magazine_blocks_featured_image_url":{"full":["https:\/\/pornuestrolaredo.com\/wp-content\/uploads\/2023\/01\/Stereo91-20230105-7.jpeg",1000,565,false],"medium":["https:\/\/pornuestrolaredo.com\/wp-content\/uploads\/2023\/01\/Stereo91-20230105-7-300x170.jpeg",300,170,true],"thumbnail":["https:\/\/pornuestrolaredo.com\/wp-content\/uploads\/2023\/01\/Stereo91-20230105-7-150x150.jpeg",150,150,true]},"magazine_blocks_author":{"display_name":"Redactor","author_link":"https:\/\/pornuestrolaredo.com\/?author=1"},"magazine_blocks_comment":0,"magazine_blocks_author_image":"https:\/\/pornuestrolaredo.com\/wp-content\/litespeed\/avatar\/dca1d7ec750c399f025f23b0b314f4cf.jpg?ver=1777612120","magazine_blocks_category":"<a href=\"#\" class=\"category-link category-link-9\">El Mundo<\/a>","jetpack_publicize_connections":[],"featured_image_urls":{"full":["https:\/\/pornuestrolaredo.com\/wp-content\/uploads\/2023\/01\/Stereo91-20230105-7.jpeg",1000,565,false],"thumbnail":["https:\/\/pornuestrolaredo.com\/wp-content\/uploads\/2023\/01\/Stereo91-20230105-7-150x150.jpeg",150,150,true],"medium":["https:\/\/pornuestrolaredo.com\/wp-content\/uploads\/2023\/01\/Stereo91-20230105-7-300x170.jpeg",300,170,true],"medium_large":["https:\/\/pornuestrolaredo.com\/wp-content\/uploads\/2023\/01\/Stereo91-20230105-7-768x434.jpeg",640,362,true],"large":["https:\/\/pornuestrolaredo.com\/wp-content\/uploads\/2023\/01\/Stereo91-20230105-7.jpeg",640,362,false],"1536x1536":["https:\/\/pornuestrolaredo.com\/wp-content\/uploads\/2023\/01\/Stereo91-20230105-7.jpeg",1000,565,false],"2048x2048":["https:\/\/pornuestrolaredo.com\/wp-content\/uploads\/2023\/01\/Stereo91-20230105-7.jpeg",1000,565,false],"morenews-large":["https:\/\/pornuestrolaredo.com\/wp-content\/uploads\/2023\/01\/Stereo91-20230105-7.jpeg",825,466,false],"morenews-medium":["https:\/\/pornuestrolaredo.com\/wp-content\/uploads\/2023\/01\/Stereo91-20230105-7.jpeg",590,333,false]},"author_info":{"info":["Redactor"]},"category_info":"<a href=\"https:\/\/pornuestrolaredo.com\/?cat=9\" rel=\"category\">El Mundo<\/a>","tag_info":"El Mundo","comment_count":"0","jetpack_featured_media_url":"https:\/\/pornuestrolaredo.com\/wp-content\/uploads\/2023\/01\/Stereo91-20230105-7.jpeg","jetpack_sharing_enabled":true,"_links":{"self":[{"href":"https:\/\/pornuestrolaredo.com\/index.php?rest_route=\/wp\/v2\/posts\/1563","targetHints":{"allow":["GET"]}}],"collection":[{"href":"https:\/\/pornuestrolaredo.com\/index.php?rest_route=\/wp\/v2\/posts"}],"about":[{"href":"https:\/\/pornuestrolaredo.com\/index.php?rest_route=\/wp\/v2\/types\/post"}],"author":[{"embeddable":true,"href":"https:\/\/pornuestrolaredo.com\/index.php?rest_route=\/wp\/v2\/users\/1"}],"replies":[{"embeddable":true,"href":"https:\/\/pornuestrolaredo.com\/index.php?rest_route=%2Fwp%2Fv2%2Fcomments&post=1563"}],"version-history":[{"count":1,"href":"https:\/\/pornuestrolaredo.com\/index.php?rest_route=\/wp\/v2\/posts\/1563\/revisions"}],"predecessor-version":[{"id":1565,"href":"https:\/\/pornuestrolaredo.com\/index.php?rest_route=\/wp\/v2\/posts\/1563\/revisions\/1565"}],"wp:featuredmedia":[{"embeddable":true,"href":"https:\/\/pornuestrolaredo.com\/index.php?rest_route=\/wp\/v2\/media\/1564"}],"wp:attachment":[{"href":"https:\/\/pornuestrolaredo.com\/index.php?rest_route=%2Fwp%2Fv2%2Fmedia&parent=1563"}],"wp:term":[{"taxonomy":"category","embeddable":true,"href":"https:\/\/pornuestrolaredo.com\/index.php?rest_route=%2Fwp%2Fv2%2Fcategories&post=1563"},{"taxonomy":"post_tag","embeddable":true,"href":"https:\/\/pornuestrolaredo.com\/index.php?rest_route=%2Fwp%2Fv2%2Ftags&post=1563"}],"curies":[{"name":"wp","href":"https:\/\/api.w.org\/{rel}","templated":true}]}}