{"id":1570,"date":"2023-01-06T07:28:26","date_gmt":"2023-01-06T07:28:26","guid":{"rendered":"https:\/\/pornuestrolaredo.com\/?p=1570"},"modified":"2023-01-06T07:28:26","modified_gmt":"2023-01-06T07:28:26","slug":"ciclon-bomba-golpea-a-california","status":"publish","type":"post","link":"https:\/\/pornuestrolaredo.com\/?p=1570","title":{"rendered":"Cicl\u00f3n-bomba\u2019 golpea a California"},"content":{"rendered":"<p><strong>SAN FRANCISCO.- <\/strong>Fuertes vientos y fuertes lluvias de un poderoso \u201cr\u00edo atmosf\u00e9rico\u201d azotaron California el jueves, dejando sin electricidad a decenas de miles de personas, provocando inundaciones repentinas y contribuyendo a la muerte de al menos dos personas, entre ellas un ni\u00f1o luego que un \u00e1rbol cay\u00f3 sobre su casa.<\/p>\n<p>Las autoridades ordenaron evacuaciones en una zona costera de alto riesgo donde los deslaves mataron a 23 en 2018, al tiempo que una enorme tormenta se cern\u00eda sobre el estado el mi\u00e9rcoles. Advirtieron a los residentes que se mantuvieran en sus casas ante la amenaza de carreteras inundadas, \u00e1rboles derribados y otros riesgos.<\/p>\n<p>Se trat\u00f3 del \u00faltimo de varios r\u00edos atmosf\u00e9ricos \u2014largas columnas de humedad que se extienden sobre el Pac\u00edfico\u2014 que azotan California. Este era un \u201cPineapple Express\u201d que se origin\u00f3 cerca de Hawai y fue llevado hacia la costa oeste del pa\u00eds por un \u00e1rea giratoria de presi\u00f3n de aire que cae r\u00e1pidamente conocida como \u201ccicl\u00f3n bomba\u201d.<\/p>\n<p>En el condado Sonoma, el jefe del Departamento de Bomberos voluntarios del poblado de Occidental, Ronald Lunardi, dijo que un ni\u00f1o que se cree que ten\u00eda menos de dos a\u00f1os muri\u00f3 el mi\u00e9rcoles por la noche cuando un \u00e1rbol cay\u00f3 sobre una casa, public\u00f3 The Press Democrat. En Fairfield, una adolescente de 19 a\u00f1os muri\u00f3 luego que su veh\u00edculo fue arrasado en una carretera inundada antes de impactarse contra un poste de electricidad, public\u00f3 la polic\u00eda en Facebook.<\/p>\n<p>La tormenta arroj\u00f3 lluvia en partes del \u00e1rea de la Bah\u00eda de San Francisco, en una regi\u00f3n en que se emitieron avisos por inundaciones. En el sur de California, se preve\u00eda que el meteoro alcanzara su m\u00e1xima intensidad durante la madrugada del jueves con los condados Santa B\u00e1rbara y Ventura como los m\u00e1s afectados, seg\u00fan los meteor\u00f3logos.<\/p>\n<blockquote><p>Prevemos que esta puede ser una de las series de tormentas m\u00e1s desafiantes e impactantes que hayan tocado tierra en California en los \u00faltimos cinco a\u00f1os\u201d, afirm\u00f3 Nancy Ward, directora de la Oficina de Servicios de Emergencia del Gobernador de California.<\/p><\/blockquote>\n<p>La alcaldesa de San Francisco, London Breed, explic\u00f3 en una conferencia de prensa que la ciudad se estaba \u201cpreparando para una guerra\u201d. Cuadrillas de operarios limpiaron desag\u00fces pluviales atascados, trataron de trasladar a las personas sin hogar a refugios y repartieron suministros de emergencia y ponchos a quienes se negaron a marcharse.<\/p>\n<p>La ciudad distribuy\u00f3 tantos sacos de arena a los residentes que los suministros se agotaron temporalmente. Los fuertes vientos, con rachas de 136 km\/h (85 mph) o m\u00e1s obligaron a cancelar m\u00e1s de 70 vuelos en el Aeropuerto Internacional de San Francisco y derribaron \u00e1rboles y cableado el\u00e9ctrico.<\/p>\n<p>Los bomberos rescataron a una familia tras la ca\u00edda de un \u00e1rbol sobre su auto y reportaron la ca\u00edda de \u201cgrandes trozos de cristal\u201d de la torre Fox Plaza, cerca del Centro C\u00edvico, aunque no se registraron heridos. Es \u201cmuy posible\u201d que los da\u00f1os en el rascacielos estuvieran relacionados con el viento, tuite\u00f3 el departamento.<\/p>\n","protected":false},"excerpt":{"rendered":"<p>Un poderoso \u2018r\u00edo atmosf\u00e9rico\u2019 lleva fuertes vientos y lluvias, provoca inundaciones y deja a decenas de miles sin electricidad<\/p>\n","protected":false},"author":1,"featured_media":1571,"comment_status":"closed","ping_status":"closed","sticky":false,"template":"","format":"standard","meta":{"_crdt_document":"","_jetpack_memberships_contains_paid_content":false,"footnotes":"","jetpack_publicize_message":"","jetpack_publicize_feature_enabled":true,"jetpack_social_post_already_shared":true,"jetpack_social_options":{"image_generator_settings":{"template":"highway","default_image_id":0,"font":"","enabled":false},"version":2},"_wpas_customize_per_network":false},"categories":[9],"tags":[],"class_list":["post-1570","post","type-post","status-publish","format-standard","has-post-thumbnail","hentry","category-el-mundo"],"magazineBlocksPostFeaturedMedia":{"thumbnail":"https:\/\/pornuestrolaredo.com\/wp-content\/uploads\/2023\/01\/Stereo91-20230105-5-150x150.jpeg","medium":"https:\/\/pornuestrolaredo.com\/wp-content\/uploads\/2023\/01\/Stereo91-20230105-5-300x200.jpeg","medium_large":"https:\/\/pornuestrolaredo.com\/wp-content\/uploads\/2023\/01\/Stereo91-20230105-5-768x512.jpeg","large":"https:\/\/pornuestrolaredo.com\/wp-content\/uploads\/2023\/01\/Stereo91-20230105-5.jpeg","1536x1536":"https:\/\/pornuestrolaredo.com\/wp-content\/uploads\/2023\/01\/Stereo91-20230105-5.jpeg","2048x2048":"https:\/\/pornuestrolaredo.com\/wp-content\/uploads\/2023\/01\/Stereo91-20230105-5.jpeg","morenews-large":"https:\/\/pornuestrolaredo.com\/wp-content\/uploads\/2023\/01\/Stereo91-20230105-5.jpeg","morenews-medium":"https:\/\/pornuestrolaredo.com\/wp-content\/uploads\/2023\/01\/Stereo91-20230105-5.jpeg"},"magazineBlocksPostAuthor":{"name":"Redactor","avatar":"https:\/\/pornuestrolaredo.com\/wp-content\/litespeed\/avatar\/dca1d7ec750c399f025f23b0b314f4cf.jpg?ver=1777612120"},"magazineBlocksPostCommentsNumber":false,"magazineBlocksPostExcerpt":"Un poderoso \u2018r\u00edo atmosf\u00e9rico\u2019 lleva fuertes vientos y lluvias, provoca inundaciones y deja a decenas de miles sin electricidad","magazineBlocksPostCategories":["El Mundo"],"magazineBlocksPostViewCount":128,"magazineBlocksPostReadTime":3,"magazine_blocks_featured_image_url":{"full":["https:\/\/pornuestrolaredo.com\/wp-content\/uploads\/2023\/01\/Stereo91-20230105-5.jpeg",1000,667,false],"medium":["https:\/\/pornuestrolaredo.com\/wp-content\/uploads\/2023\/01\/Stereo91-20230105-5-300x200.jpeg",300,200,true],"thumbnail":["https:\/\/pornuestrolaredo.com\/wp-content\/uploads\/2023\/01\/Stereo91-20230105-5-150x150.jpeg",150,150,true]},"magazine_blocks_author":{"display_name":"Redactor","author_link":"https:\/\/pornuestrolaredo.com\/?author=1"},"magazine_blocks_comment":0,"magazine_blocks_author_image":"https:\/\/pornuestrolaredo.com\/wp-content\/litespeed\/avatar\/dca1d7ec750c399f025f23b0b314f4cf.jpg?ver=1777612120","magazine_blocks_category":"<a href=\"#\" class=\"category-link category-link-9\">El Mundo<\/a>","jetpack_publicize_connections":[],"featured_image_urls":{"full":["https:\/\/pornuestrolaredo.com\/wp-content\/uploads\/2023\/01\/Stereo91-20230105-5.jpeg",1000,667,false],"thumbnail":["https:\/\/pornuestrolaredo.com\/wp-content\/uploads\/2023\/01\/Stereo91-20230105-5-150x150.jpeg",150,150,true],"medium":["https:\/\/pornuestrolaredo.com\/wp-content\/uploads\/2023\/01\/Stereo91-20230105-5-300x200.jpeg",300,200,true],"medium_large":["https:\/\/pornuestrolaredo.com\/wp-content\/uploads\/2023\/01\/Stereo91-20230105-5-768x512.jpeg",640,427,true],"large":["https:\/\/pornuestrolaredo.com\/wp-content\/uploads\/2023\/01\/Stereo91-20230105-5.jpeg",640,427,false],"1536x1536":["https:\/\/pornuestrolaredo.com\/wp-content\/uploads\/2023\/01\/Stereo91-20230105-5.jpeg",1000,667,false],"2048x2048":["https:\/\/pornuestrolaredo.com\/wp-content\/uploads\/2023\/01\/Stereo91-20230105-5.jpeg",1000,667,false],"morenews-large":["https:\/\/pornuestrolaredo.com\/wp-content\/uploads\/2023\/01\/Stereo91-20230105-5.jpeg",825,550,false],"morenews-medium":["https:\/\/pornuestrolaredo.com\/wp-content\/uploads\/2023\/01\/Stereo91-20230105-5.jpeg",590,394,false]},"author_info":{"info":["Redactor"]},"category_info":"<a href=\"https:\/\/pornuestrolaredo.com\/?cat=9\" rel=\"category\">El Mundo<\/a>","tag_info":"El Mundo","comment_count":"0","jetpack_featured_media_url":"https:\/\/pornuestrolaredo.com\/wp-content\/uploads\/2023\/01\/Stereo91-20230105-5.jpeg","jetpack_sharing_enabled":true,"_links":{"self":[{"href":"https:\/\/pornuestrolaredo.com\/index.php?rest_route=\/wp\/v2\/posts\/1570","targetHints":{"allow":["GET"]}}],"collection":[{"href":"https:\/\/pornuestrolaredo.com\/index.php?rest_route=\/wp\/v2\/posts"}],"about":[{"href":"https:\/\/pornuestrolaredo.com\/index.php?rest_route=\/wp\/v2\/types\/post"}],"author":[{"embeddable":true,"href":"https:\/\/pornuestrolaredo.com\/index.php?rest_route=\/wp\/v2\/users\/1"}],"replies":[{"embeddable":true,"href":"https:\/\/pornuestrolaredo.com\/index.php?rest_route=%2Fwp%2Fv2%2Fcomments&post=1570"}],"version-history":[{"count":1,"href":"https:\/\/pornuestrolaredo.com\/index.php?rest_route=\/wp\/v2\/posts\/1570\/revisions"}],"predecessor-version":[{"id":1572,"href":"https:\/\/pornuestrolaredo.com\/index.php?rest_route=\/wp\/v2\/posts\/1570\/revisions\/1572"}],"wp:featuredmedia":[{"embeddable":true,"href":"https:\/\/pornuestrolaredo.com\/index.php?rest_route=\/wp\/v2\/media\/1571"}],"wp:attachment":[{"href":"https:\/\/pornuestrolaredo.com\/index.php?rest_route=%2Fwp%2Fv2%2Fmedia&parent=1570"}],"wp:term":[{"taxonomy":"category","embeddable":true,"href":"https:\/\/pornuestrolaredo.com\/index.php?rest_route=%2Fwp%2Fv2%2Fcategories&post=1570"},{"taxonomy":"post_tag","embeddable":true,"href":"https:\/\/pornuestrolaredo.com\/index.php?rest_route=%2Fwp%2Fv2%2Ftags&post=1570"}],"curies":[{"name":"wp","href":"https:\/\/api.w.org\/{rel}","templated":true}]}}