{"id":1576,"date":"2023-01-06T19:50:33","date_gmt":"2023-01-06T19:50:33","guid":{"rendered":"https:\/\/pornuestrolaredo.com\/?p=1576"},"modified":"2023-01-06T19:50:33","modified_gmt":"2023-01-06T19:50:33","slug":"prepara-alejandro-fernandez-retorno-a-musica-vernacula","status":"publish","type":"post","link":"https:\/\/pornuestrolaredo.com\/?p=1576","title":{"rendered":"Prepara Alejandro Fern\u00e1ndez retorno a m\u00fasica vern\u00e1cula"},"content":{"rendered":"<p><strong>CIUDAD DE M\u00c9XICO.- <\/strong>En su nueva canci\u00f3n, &#8220;Inexperto en Olvidarte&#8221;, Alejandro Fern\u00e1ndez deposita varios simbolismos que le calan hondo y lo llevan de la esperanza y la nostalgia a la tristeza y a la euforia.<\/p>\n<p>Se trata de la primera canci\u00f3n de su pr\u00f3ximo disco, el primero, tambi\u00e9n, del que no tuvo comentarios de su padre, el fallecido Vicente Fern\u00e1ndez.<\/p>\n<p>&#8220;Nos doli\u00f3 en el alma (la partida de Vicente), \u00e9ramos muy unidos, era el patriarcado, pero era la persona central. No porque ya no est\u00e9 significa que no estemos unidos, pero nada es igual&#8221;.<\/p>\n<p>La pieza, que habla del perd\u00f3n y la aceptaci\u00f3n de los errores, marca su retorno al g\u00e9nero vern\u00e1culo que lo encumbr\u00f3 en sus or\u00edgenes y con el que busca ampliar su audiencia.<\/p>\n<p>&#8220;La partida de mi padre fue lo m\u00e1s doloroso; no es que d\u00e9 gracias a Dios, pero ya no est\u00e1 en el hospital sufriendo, porque todos nos quebr\u00e1bamos cuando lo ve\u00edamos as\u00ed.<\/p>\n<p>\u201cEn 2022) fue el nacimiento de (su nieta) M\u00eda, la boda de Alex (Fern\u00e1ndez, su hijo), el lanzamiento de otras colaboraciones, el disco nuevo. Normalmente de rutina era llegar a casa de mi pap\u00e1 para present\u00e1rselo, para que lo escuchara, me diera su consejo&#8221;, lament\u00f3 &#8220;El Potrillo&#8221;.<\/p>\n<p>El 12 de diciembre se cumpli\u00f3 el primer aniversario luctuoso de &#8220;Chente&#8221;, y el int\u00e9rprete de &#8220;Me Hace Tanto Bien&#8221; acept\u00f3 que su familia sufri\u00f3 mucho la p\u00e9rdida, pero todos est\u00e1n resignados a continuar.<\/p>\n<p>&#8220;As\u00ed es esto, es como un bimbalete de emociones. A veces est\u00e1s arriba, pero a veces te dan unos bajones y con nostalgia. Llega el momento en que s\u00f3lo piensas en los recuerdos chingones, los consejos&#8221;.<\/p>\n<p>&#8220;Inexperto en Olvidarte&#8221;, que acaba de estrenar en plataformas y estaciones de radio, significa para Alejandro una forma de admitir sus sentimientos en una canci\u00f3n y de continuar.<\/p>\n<p>En un fragmento de la pieza, compuesta por Amanda Coronel y Fernanda D\u00edaz, dice: &#8220;&#8230;y el cabr\u00f3n yo siempre fui&#8221;, aceptando que cometi\u00f3 un error y le pide a su pareja que lo perdone.<\/p>\n<p>&#8220;La canci\u00f3n va por ah\u00ed, reconoce que el g\u00fcey es un cabr\u00f3n, le pide una oportunidad para volver, arrastr\u00e1ndose, llegando, as\u00ed pasa y pide una oportunidad&#8221;. De 51 a\u00f1os, padre de cinco hijos y abuelo de dos ni\u00f1as, el astro de la m\u00fasica ya grab\u00f3 ocho piezas nuevas en Barcelona para el disco producido por \u00c1ureo Baqueiro, y en unas semanas m\u00e1s le pondr\u00e1 voz a otras cinco.<\/p>\n","protected":false},"excerpt":{"rendered":"<p>Reconoce que la partida de su padre le doli\u00f3 en el alma a toda la familia<\/p>\n","protected":false},"author":1,"featured_media":1580,"comment_status":"closed","ping_status":"closed","sticky":false,"template":"","format":"standard","meta":{"_crdt_document":"","_jetpack_memberships_contains_paid_content":false,"footnotes":"","jetpack_publicize_message":"","jetpack_publicize_feature_enabled":true,"jetpack_social_post_already_shared":true,"jetpack_social_options":{"image_generator_settings":{"template":"highway","default_image_id":0,"font":"","enabled":false},"version":2},"_wpas_customize_per_network":false},"categories":[34],"tags":[],"class_list":["post-1576","post","type-post","status-publish","format-standard","has-post-thumbnail","hentry","category-farandula"],"magazineBlocksPostFeaturedMedia":{"thumbnail":"https:\/\/pornuestrolaredo.com\/wp-content\/uploads\/2023\/01\/107FM-20230106-2-150x150.jpeg","medium":"https:\/\/pornuestrolaredo.com\/wp-content\/uploads\/2023\/01\/107FM-20230106-2-300x200.jpeg","medium_large":"https:\/\/pornuestrolaredo.com\/wp-content\/uploads\/2023\/01\/107FM-20230106-2-768x512.jpeg","large":"https:\/\/pornuestrolaredo.com\/wp-content\/uploads\/2023\/01\/107FM-20230106-2.jpeg","1536x1536":"https:\/\/pornuestrolaredo.com\/wp-content\/uploads\/2023\/01\/107FM-20230106-2.jpeg","2048x2048":"https:\/\/pornuestrolaredo.com\/wp-content\/uploads\/2023\/01\/107FM-20230106-2.jpeg","morenews-large":"https:\/\/pornuestrolaredo.com\/wp-content\/uploads\/2023\/01\/107FM-20230106-2.jpeg","morenews-medium":"https:\/\/pornuestrolaredo.com\/wp-content\/uploads\/2023\/01\/107FM-20230106-2.jpeg"},"magazineBlocksPostAuthor":{"name":"Redactor","avatar":"https:\/\/pornuestrolaredo.com\/wp-content\/litespeed\/avatar\/dca1d7ec750c399f025f23b0b314f4cf.jpg?ver=1777612120"},"magazineBlocksPostCommentsNumber":false,"magazineBlocksPostExcerpt":"Reconoce que la partida de su padre le doli\u00f3 en el alma a toda la familia","magazineBlocksPostCategories":["Far\u00e1ndula"],"magazineBlocksPostViewCount":139,"magazineBlocksPostReadTime":3,"magazine_blocks_featured_image_url":{"full":["https:\/\/pornuestrolaredo.com\/wp-content\/uploads\/2023\/01\/107FM-20230106-2.jpeg",960,640,false],"medium":["https:\/\/pornuestrolaredo.com\/wp-content\/uploads\/2023\/01\/107FM-20230106-2-300x200.jpeg",300,200,true],"thumbnail":["https:\/\/pornuestrolaredo.com\/wp-content\/uploads\/2023\/01\/107FM-20230106-2-150x150.jpeg",150,150,true]},"magazine_blocks_author":{"display_name":"Redactor","author_link":"https:\/\/pornuestrolaredo.com\/?author=1"},"magazine_blocks_comment":0,"magazine_blocks_author_image":"https:\/\/pornuestrolaredo.com\/wp-content\/litespeed\/avatar\/dca1d7ec750c399f025f23b0b314f4cf.jpg?ver=1777612120","magazine_blocks_category":"<a href=\"#\" class=\"category-link category-link-34\">Far\u00e1ndula<\/a>","jetpack_publicize_connections":[],"featured_image_urls":{"full":["https:\/\/pornuestrolaredo.com\/wp-content\/uploads\/2023\/01\/107FM-20230106-2.jpeg",960,640,false],"thumbnail":["https:\/\/pornuestrolaredo.com\/wp-content\/uploads\/2023\/01\/107FM-20230106-2-150x150.jpeg",150,150,true],"medium":["https:\/\/pornuestrolaredo.com\/wp-content\/uploads\/2023\/01\/107FM-20230106-2-300x200.jpeg",300,200,true],"medium_large":["https:\/\/pornuestrolaredo.com\/wp-content\/uploads\/2023\/01\/107FM-20230106-2-768x512.jpeg",640,427,true],"large":["https:\/\/pornuestrolaredo.com\/wp-content\/uploads\/2023\/01\/107FM-20230106-2.jpeg",640,427,false],"1536x1536":["https:\/\/pornuestrolaredo.com\/wp-content\/uploads\/2023\/01\/107FM-20230106-2.jpeg",960,640,false],"2048x2048":["https:\/\/pornuestrolaredo.com\/wp-content\/uploads\/2023\/01\/107FM-20230106-2.jpeg",960,640,false],"morenews-large":["https:\/\/pornuestrolaredo.com\/wp-content\/uploads\/2023\/01\/107FM-20230106-2.jpeg",825,550,false],"morenews-medium":["https:\/\/pornuestrolaredo.com\/wp-content\/uploads\/2023\/01\/107FM-20230106-2.jpeg",590,393,false]},"author_info":{"info":["Redactor"]},"category_info":"<a href=\"https:\/\/pornuestrolaredo.com\/?cat=34\" rel=\"category\">Far\u00e1ndula<\/a>","tag_info":"Far\u00e1ndula","comment_count":"0","jetpack_featured_media_url":"https:\/\/pornuestrolaredo.com\/wp-content\/uploads\/2023\/01\/107FM-20230106-2.jpeg","jetpack_sharing_enabled":true,"_links":{"self":[{"href":"https:\/\/pornuestrolaredo.com\/index.php?rest_route=\/wp\/v2\/posts\/1576","targetHints":{"allow":["GET"]}}],"collection":[{"href":"https:\/\/pornuestrolaredo.com\/index.php?rest_route=\/wp\/v2\/posts"}],"about":[{"href":"https:\/\/pornuestrolaredo.com\/index.php?rest_route=\/wp\/v2\/types\/post"}],"author":[{"embeddable":true,"href":"https:\/\/pornuestrolaredo.com\/index.php?rest_route=\/wp\/v2\/users\/1"}],"replies":[{"embeddable":true,"href":"https:\/\/pornuestrolaredo.com\/index.php?rest_route=%2Fwp%2Fv2%2Fcomments&post=1576"}],"version-history":[{"count":4,"href":"https:\/\/pornuestrolaredo.com\/index.php?rest_route=\/wp\/v2\/posts\/1576\/revisions"}],"predecessor-version":[{"id":1581,"href":"https:\/\/pornuestrolaredo.com\/index.php?rest_route=\/wp\/v2\/posts\/1576\/revisions\/1581"}],"wp:featuredmedia":[{"embeddable":true,"href":"https:\/\/pornuestrolaredo.com\/index.php?rest_route=\/wp\/v2\/media\/1580"}],"wp:attachment":[{"href":"https:\/\/pornuestrolaredo.com\/index.php?rest_route=%2Fwp%2Fv2%2Fmedia&parent=1576"}],"wp:term":[{"taxonomy":"category","embeddable":true,"href":"https:\/\/pornuestrolaredo.com\/index.php?rest_route=%2Fwp%2Fv2%2Fcategories&post=1576"},{"taxonomy":"post_tag","embeddable":true,"href":"https:\/\/pornuestrolaredo.com\/index.php?rest_route=%2Fwp%2Fv2%2Ftags&post=1576"}],"curies":[{"name":"wp","href":"https:\/\/api.w.org\/{rel}","templated":true}]}}