{"id":1582,"date":"2023-01-06T20:10:38","date_gmt":"2023-01-06T20:10:38","guid":{"rendered":"https:\/\/pornuestrolaredo.com\/?p=1582"},"modified":"2023-01-06T20:10:38","modified_gmt":"2023-01-06T20:10:38","slug":"se-compromete-jr-a-no-olvidar-a-la-ciudadania","status":"publish","type":"post","link":"https:\/\/pornuestrolaredo.com\/?p=1582","title":{"rendered":"Se compromete JR a no olvidar a la ciudadan\u00eda"},"content":{"rendered":"<p><strong>NUEVO LAREDO.- <\/strong>El candidato de la coalici\u00f3n \u201cJuntos Hacemos Historia en Tamaulipas\u201d, Jos\u00e9 Ram\u00f3n G\u00f3mez Leal se comprometi\u00f3 a recorrer de nuevo los 43 municipios de Tamaulipas antes y despu\u00e9s de las elecciones especiales para senador.<\/p>\n<p>\u201cJR\u201d, como es conocido popularmente, estuvo mi\u00e9rcoles y jueves en Nuevo Laredo en reuniones con simpatizantes y con medios de comunicaci\u00f3n.<\/p>\n<blockquote><p>Voy a regresar a cada uno de los municipios\u201d, asegur\u00f3 JR, que al mismo tiempo anunci\u00f3 que realizar\u00e1 foros con la ciudadan\u00eda para conocer de cerca la problem\u00e1tica que afecta a los tamaulipecos.<\/p><\/blockquote>\n<p>Consider\u00f3 que los foros son una forma de apoyar mejor a la ciudadan\u00eda, pues se conocen los problemas de cerca.<\/p>\n<p>Dijo que cuando fue delegado estatal de Bienestar, solicit\u00f3 reuniones con el entonces gobernador Francisco Garc\u00eda Cabeza de Vaca para preparar una estrategia que los acercara a ambos a las personas del campo.<\/p>\n<blockquote><p>Nunca se hizo ninguna reuni\u00f3n\u201d, explic\u00f3 el el candidato de la coalici\u00f3n \u201cJuntos Hacemos Historia en Tamaulipas\u201d.<\/p><\/blockquote>\n<p>Junto a su compa\u00f1era de f\u00f3rmula, Paola L\u00f3pez Carreto, asegur\u00f3 que en caso de resultar ganador de la elecci\u00f3n especial, trabajar\u00e1 para apoyar al campo y ya ajusta los ejes que ayudar\u00e1n a forjar un plan de trabajo.<\/p>\n<p>Sobre la elecci\u00f3n dijo que no hay que confiarse, que no importa que en las encuestas est\u00e9 al frente.<\/p>\n<blockquote><p>Hay que trabajar duro\u201d, a\u00f1adi\u00f3.<\/p><\/blockquote>\n<p>Pidi\u00f3 a la ciudadan\u00eda darle importancia a la elecci\u00f3n que se realizar\u00e1 el 19 de febrero y llam\u00f3 a los medios de comunicaci\u00f3n a animar a los electores a salir a las urnas.<\/p>\n","protected":false},"excerpt":{"rendered":"<p>Anuncia que de ganar la senadur\u00eda, regresar\u00e1 a Tamaulipas para realizar foros y trazar un plan de trabajo acorde con las necesidades de la ciudadan\u00eda<\/p>\n","protected":false},"author":1,"featured_media":1584,"comment_status":"closed","ping_status":"closed","sticky":false,"template":"","format":"standard","meta":{"_crdt_document":"","_jetpack_memberships_contains_paid_content":false,"footnotes":"","jetpack_publicize_message":"","jetpack_publicize_feature_enabled":true,"jetpack_social_post_already_shared":true,"jetpack_social_options":{"image_generator_settings":{"template":"highway","default_image_id":0,"font":"","enabled":false},"version":2},"_wpas_customize_per_network":false},"categories":[4],"tags":[],"class_list":["post-1582","post","type-post","status-publish","format-standard","has-post-thumbnail","hentry","category-los-dos-laredos"],"magazineBlocksPostFeaturedMedia":{"thumbnail":"https:\/\/pornuestrolaredo.com\/wp-content\/uploads\/2023\/01\/PNL-20230106-3-150x150.jpg","medium":"https:\/\/pornuestrolaredo.com\/wp-content\/uploads\/2023\/01\/PNL-20230106-3-300x177.jpg","medium_large":"https:\/\/pornuestrolaredo.com\/wp-content\/uploads\/2023\/01\/PNL-20230106-3-768x453.jpg","large":"https:\/\/pornuestrolaredo.com\/wp-content\/uploads\/2023\/01\/PNL-20230106-3-1024x604.jpg","1536x1536":"https:\/\/pornuestrolaredo.com\/wp-content\/uploads\/2023\/01\/PNL-20230106-3-1536x906.jpg","2048x2048":"https:\/\/pornuestrolaredo.com\/wp-content\/uploads\/2023\/01\/PNL-20230106-3-2048x1208.jpg","morenews-large":"https:\/\/pornuestrolaredo.com\/wp-content\/uploads\/2023\/01\/PNL-20230106-3-scaled.jpg","morenews-medium":"https:\/\/pornuestrolaredo.com\/wp-content\/uploads\/2023\/01\/PNL-20230106-3-scaled.jpg"},"magazineBlocksPostAuthor":{"name":"Redactor","avatar":"https:\/\/pornuestrolaredo.com\/wp-content\/litespeed\/avatar\/dca1d7ec750c399f025f23b0b314f4cf.jpg?ver=1777612120"},"magazineBlocksPostCommentsNumber":false,"magazineBlocksPostExcerpt":"Anuncia que de ganar la senadur\u00eda, regresar\u00e1 a Tamaulipas para realizar foros y trazar un plan de trabajo acorde con las necesidades de la ciudadan\u00eda","magazineBlocksPostCategories":["Los dos Laredos"],"magazineBlocksPostViewCount":134,"magazineBlocksPostReadTime":2,"magazine_blocks_featured_image_url":{"full":["https:\/\/pornuestrolaredo.com\/wp-content\/uploads\/2023\/01\/PNL-20230106-3-scaled.jpg",2560,1510,false],"medium":["https:\/\/pornuestrolaredo.com\/wp-content\/uploads\/2023\/01\/PNL-20230106-3-300x177.jpg",300,177,true],"thumbnail":["https:\/\/pornuestrolaredo.com\/wp-content\/uploads\/2023\/01\/PNL-20230106-3-150x150.jpg",150,150,true]},"magazine_blocks_author":{"display_name":"Redactor","author_link":"https:\/\/pornuestrolaredo.com\/?author=1"},"magazine_blocks_comment":0,"magazine_blocks_author_image":"https:\/\/pornuestrolaredo.com\/wp-content\/litespeed\/avatar\/dca1d7ec750c399f025f23b0b314f4cf.jpg?ver=1777612120","magazine_blocks_category":"<a href=\"#\" class=\"category-link category-link-4\">Los dos Laredos<\/a>","jetpack_publicize_connections":[],"featured_image_urls":{"full":["https:\/\/pornuestrolaredo.com\/wp-content\/uploads\/2023\/01\/PNL-20230106-3-scaled.jpg",2560,1510,false],"thumbnail":["https:\/\/pornuestrolaredo.com\/wp-content\/uploads\/2023\/01\/PNL-20230106-3-150x150.jpg",150,150,true],"medium":["https:\/\/pornuestrolaredo.com\/wp-content\/uploads\/2023\/01\/PNL-20230106-3-300x177.jpg",300,177,true],"medium_large":["https:\/\/pornuestrolaredo.com\/wp-content\/uploads\/2023\/01\/PNL-20230106-3-768x453.jpg",640,378,true],"large":["https:\/\/pornuestrolaredo.com\/wp-content\/uploads\/2023\/01\/PNL-20230106-3-1024x604.jpg",640,378,true],"1536x1536":["https:\/\/pornuestrolaredo.com\/wp-content\/uploads\/2023\/01\/PNL-20230106-3-1536x906.jpg",1536,906,true],"2048x2048":["https:\/\/pornuestrolaredo.com\/wp-content\/uploads\/2023\/01\/PNL-20230106-3-2048x1208.jpg",2048,1208,true],"morenews-large":["https:\/\/pornuestrolaredo.com\/wp-content\/uploads\/2023\/01\/PNL-20230106-3-scaled.jpg",825,487,false],"morenews-medium":["https:\/\/pornuestrolaredo.com\/wp-content\/uploads\/2023\/01\/PNL-20230106-3-scaled.jpg",590,348,false]},"author_info":{"info":["Redactor"]},"category_info":"<a href=\"https:\/\/pornuestrolaredo.com\/?cat=4\" rel=\"category\">Los dos Laredos<\/a>","tag_info":"Los dos Laredos","comment_count":"0","jetpack_featured_media_url":"https:\/\/pornuestrolaredo.com\/wp-content\/uploads\/2023\/01\/PNL-20230106-3-scaled.jpg","jetpack_sharing_enabled":true,"_links":{"self":[{"href":"https:\/\/pornuestrolaredo.com\/index.php?rest_route=\/wp\/v2\/posts\/1582","targetHints":{"allow":["GET"]}}],"collection":[{"href":"https:\/\/pornuestrolaredo.com\/index.php?rest_route=\/wp\/v2\/posts"}],"about":[{"href":"https:\/\/pornuestrolaredo.com\/index.php?rest_route=\/wp\/v2\/types\/post"}],"author":[{"embeddable":true,"href":"https:\/\/pornuestrolaredo.com\/index.php?rest_route=\/wp\/v2\/users\/1"}],"replies":[{"embeddable":true,"href":"https:\/\/pornuestrolaredo.com\/index.php?rest_route=%2Fwp%2Fv2%2Fcomments&post=1582"}],"version-history":[{"count":2,"href":"https:\/\/pornuestrolaredo.com\/index.php?rest_route=\/wp\/v2\/posts\/1582\/revisions"}],"predecessor-version":[{"id":1585,"href":"https:\/\/pornuestrolaredo.com\/index.php?rest_route=\/wp\/v2\/posts\/1582\/revisions\/1585"}],"wp:featuredmedia":[{"embeddable":true,"href":"https:\/\/pornuestrolaredo.com\/index.php?rest_route=\/wp\/v2\/media\/1584"}],"wp:attachment":[{"href":"https:\/\/pornuestrolaredo.com\/index.php?rest_route=%2Fwp%2Fv2%2Fmedia&parent=1582"}],"wp:term":[{"taxonomy":"category","embeddable":true,"href":"https:\/\/pornuestrolaredo.com\/index.php?rest_route=%2Fwp%2Fv2%2Fcategories&post=1582"},{"taxonomy":"post_tag","embeddable":true,"href":"https:\/\/pornuestrolaredo.com\/index.php?rest_route=%2Fwp%2Fv2%2Ftags&post=1582"}],"curies":[{"name":"wp","href":"https:\/\/api.w.org\/{rel}","templated":true}]}}