{"id":1590,"date":"2023-01-06T20:30:46","date_gmt":"2023-01-06T20:30:46","guid":{"rendered":"https:\/\/pornuestrolaredo.com\/?p=1590"},"modified":"2023-01-06T20:30:46","modified_gmt":"2023-01-06T20:30:46","slug":"habra-segunda-temporada-de-la-la-serie-wednesday","status":"publish","type":"post","link":"https:\/\/pornuestrolaredo.com\/?p=1590","title":{"rendered":"Habr\u00e1 segunda temporada de la la serie Wednesday"},"content":{"rendered":"<p><strong>NUEVA YORK.- <\/strong>Luego de dar algunas pistas en redes desde el jueves por la tarde, Netflix finalmente revel\u00f3 su regalo de D\u00eda de Reyes para sus suscriptores: la serie Wednesday fue renovada para una segunda temporada.<\/p>\n<p>La plataforma dio la noticia este viernes en un breve video, ambientado por la canci\u00f3n &#8220;Bloody Mary&#8221;, de Lady Gaga. En las im\u00e1genes se muestran los momentos m\u00e1s virales de la primera temporada, as\u00ed como las reuniones de fans del show alrededor del mundo.<\/p>\n<blockquote><p>Ha sido incre\u00edble crear un programa que se haya conectado con personas de todo el mundo&#8221;, dijeron los showrunners, productores ejecutivos y co-creadores Alfred Gough y Miles Millar a la plataforma Tudum de Netflix. &#8220;Emocionados de continuar el tortuoso viaje de Wednesday hacia la segunda temporada. Estamos ansiosos por sumergirnos de cabeza en otra temporada y explorar el mundo exc\u00e9ntrico y espeluznante de Nevermore&#8221;.<\/p><\/blockquote>\n<p>Desde su estreno el 23 de noviembre, la serie ambientada en un internado para personajes at\u00edpicos y oscuros, se convirti\u00f3 en el segundo programa en ingl\u00e9s m\u00e1s popular de todos los tiempos entre los suscriptores de la plataforma de streaming, con aproximadamente mil 240 millones de horas vistas en los primeros 28 d\u00edas de su lanzamiento.<\/p>\n<p>Eso significa que la serie, protagonizada por Jenna Ortega, ha sido vista por m\u00e1s de 182 millones de hogares, habiendo superado la marca de los mil millones de horas de visualizaci\u00f3n, ubic\u00e1ndose detr\u00e1s de otros populares shows como Stranger Things 4 y El Juego del Calamar. <\/p>\n<p>De la mente del director y productor ejecutivo Tim Burton, la serie de misterio sigue a la hija de los Locos Addams durante su ingreso y adaptaci\u00f3n en Nevermore Academy, donde intenta perfeccionar su habilidad ps\u00edquica emergente y frustrar una ola de asesinatos perpetrados por un monstruo.<\/p>\n","protected":false},"excerpt":{"rendered":"<p>Netflix lanz\u00f3 algunas pistas desde este jueves por la tarde y hoy anuncian que vuelve el oscuro personaje protagonizado Jenna Ortega<\/p>\n","protected":false},"author":1,"featured_media":1591,"comment_status":"closed","ping_status":"closed","sticky":false,"template":"","format":"standard","meta":{"_crdt_document":"","_jetpack_memberships_contains_paid_content":false,"footnotes":"","jetpack_publicize_message":"","jetpack_publicize_feature_enabled":true,"jetpack_social_post_already_shared":true,"jetpack_social_options":{"image_generator_settings":{"template":"highway","default_image_id":0,"font":"","enabled":false},"version":2},"_wpas_customize_per_network":false},"categories":[34],"tags":[],"class_list":["post-1590","post","type-post","status-publish","format-standard","has-post-thumbnail","hentry","category-farandula"],"magazineBlocksPostFeaturedMedia":{"thumbnail":"https:\/\/pornuestrolaredo.com\/wp-content\/uploads\/2023\/01\/PNL-20230106-5-150x150.jpeg","medium":"https:\/\/pornuestrolaredo.com\/wp-content\/uploads\/2023\/01\/PNL-20230106-5-300x200.jpeg","medium_large":"https:\/\/pornuestrolaredo.com\/wp-content\/uploads\/2023\/01\/PNL-20230106-5-768x512.jpeg","large":"https:\/\/pornuestrolaredo.com\/wp-content\/uploads\/2023\/01\/PNL-20230106-5.jpeg","1536x1536":"https:\/\/pornuestrolaredo.com\/wp-content\/uploads\/2023\/01\/PNL-20230106-5.jpeg","2048x2048":"https:\/\/pornuestrolaredo.com\/wp-content\/uploads\/2023\/01\/PNL-20230106-5.jpeg","morenews-large":"https:\/\/pornuestrolaredo.com\/wp-content\/uploads\/2023\/01\/PNL-20230106-5.jpeg","morenews-medium":"https:\/\/pornuestrolaredo.com\/wp-content\/uploads\/2023\/01\/PNL-20230106-5.jpeg"},"magazineBlocksPostAuthor":{"name":"Redactor","avatar":"https:\/\/pornuestrolaredo.com\/wp-content\/litespeed\/avatar\/dca1d7ec750c399f025f23b0b314f4cf.jpg?ver=1777612120"},"magazineBlocksPostCommentsNumber":false,"magazineBlocksPostExcerpt":"Netflix lanz\u00f3 algunas pistas desde este jueves por la tarde y hoy anuncian que vuelve el oscuro personaje protagonizado Jenna Ortega","magazineBlocksPostCategories":["Far\u00e1ndula"],"magazineBlocksPostViewCount":126,"magazineBlocksPostReadTime":2,"magazine_blocks_featured_image_url":{"full":["https:\/\/pornuestrolaredo.com\/wp-content\/uploads\/2023\/01\/PNL-20230106-5.jpeg",960,640,false],"medium":["https:\/\/pornuestrolaredo.com\/wp-content\/uploads\/2023\/01\/PNL-20230106-5-300x200.jpeg",300,200,true],"thumbnail":["https:\/\/pornuestrolaredo.com\/wp-content\/uploads\/2023\/01\/PNL-20230106-5-150x150.jpeg",150,150,true]},"magazine_blocks_author":{"display_name":"Redactor","author_link":"https:\/\/pornuestrolaredo.com\/?author=1"},"magazine_blocks_comment":0,"magazine_blocks_author_image":"https:\/\/pornuestrolaredo.com\/wp-content\/litespeed\/avatar\/dca1d7ec750c399f025f23b0b314f4cf.jpg?ver=1777612120","magazine_blocks_category":"<a href=\"#\" class=\"category-link category-link-34\">Far\u00e1ndula<\/a>","jetpack_publicize_connections":[],"featured_image_urls":{"full":["https:\/\/pornuestrolaredo.com\/wp-content\/uploads\/2023\/01\/PNL-20230106-5.jpeg",960,640,false],"thumbnail":["https:\/\/pornuestrolaredo.com\/wp-content\/uploads\/2023\/01\/PNL-20230106-5-150x150.jpeg",150,150,true],"medium":["https:\/\/pornuestrolaredo.com\/wp-content\/uploads\/2023\/01\/PNL-20230106-5-300x200.jpeg",300,200,true],"medium_large":["https:\/\/pornuestrolaredo.com\/wp-content\/uploads\/2023\/01\/PNL-20230106-5-768x512.jpeg",640,427,true],"large":["https:\/\/pornuestrolaredo.com\/wp-content\/uploads\/2023\/01\/PNL-20230106-5.jpeg",640,427,false],"1536x1536":["https:\/\/pornuestrolaredo.com\/wp-content\/uploads\/2023\/01\/PNL-20230106-5.jpeg",960,640,false],"2048x2048":["https:\/\/pornuestrolaredo.com\/wp-content\/uploads\/2023\/01\/PNL-20230106-5.jpeg",960,640,false],"morenews-large":["https:\/\/pornuestrolaredo.com\/wp-content\/uploads\/2023\/01\/PNL-20230106-5.jpeg",825,550,false],"morenews-medium":["https:\/\/pornuestrolaredo.com\/wp-content\/uploads\/2023\/01\/PNL-20230106-5.jpeg",590,393,false]},"author_info":{"info":["Redactor"]},"category_info":"<a href=\"https:\/\/pornuestrolaredo.com\/?cat=34\" rel=\"category\">Far\u00e1ndula<\/a>","tag_info":"Far\u00e1ndula","comment_count":"0","jetpack_featured_media_url":"https:\/\/pornuestrolaredo.com\/wp-content\/uploads\/2023\/01\/PNL-20230106-5.jpeg","jetpack_sharing_enabled":true,"_links":{"self":[{"href":"https:\/\/pornuestrolaredo.com\/index.php?rest_route=\/wp\/v2\/posts\/1590","targetHints":{"allow":["GET"]}}],"collection":[{"href":"https:\/\/pornuestrolaredo.com\/index.php?rest_route=\/wp\/v2\/posts"}],"about":[{"href":"https:\/\/pornuestrolaredo.com\/index.php?rest_route=\/wp\/v2\/types\/post"}],"author":[{"embeddable":true,"href":"https:\/\/pornuestrolaredo.com\/index.php?rest_route=\/wp\/v2\/users\/1"}],"replies":[{"embeddable":true,"href":"https:\/\/pornuestrolaredo.com\/index.php?rest_route=%2Fwp%2Fv2%2Fcomments&post=1590"}],"version-history":[{"count":1,"href":"https:\/\/pornuestrolaredo.com\/index.php?rest_route=\/wp\/v2\/posts\/1590\/revisions"}],"predecessor-version":[{"id":1592,"href":"https:\/\/pornuestrolaredo.com\/index.php?rest_route=\/wp\/v2\/posts\/1590\/revisions\/1592"}],"wp:featuredmedia":[{"embeddable":true,"href":"https:\/\/pornuestrolaredo.com\/index.php?rest_route=\/wp\/v2\/media\/1591"}],"wp:attachment":[{"href":"https:\/\/pornuestrolaredo.com\/index.php?rest_route=%2Fwp%2Fv2%2Fmedia&parent=1590"}],"wp:term":[{"taxonomy":"category","embeddable":true,"href":"https:\/\/pornuestrolaredo.com\/index.php?rest_route=%2Fwp%2Fv2%2Fcategories&post=1590"},{"taxonomy":"post_tag","embeddable":true,"href":"https:\/\/pornuestrolaredo.com\/index.php?rest_route=%2Fwp%2Fv2%2Ftags&post=1590"}],"curies":[{"name":"wp","href":"https:\/\/api.w.org\/{rel}","templated":true}]}}